{"id":5251,"date":"2024-02-08T14:47:27","date_gmt":"2024-02-08T13:47:27","guid":{"rendered":"https:\/\/pasaenmendoza.com\/?p=5251"},"modified":"2024-02-08T14:47:28","modified_gmt":"2024-02-08T13:47:28","slug":"a-20-dias-del-inicio-de-clases-hay-poco-movimiento-en-librerias-y-los-padres-compran-lo-justo","status":"publish","type":"post","link":"https:\/\/pasaenmendoza.com\/?p=5251","title":{"rendered":"A 20 d\u00edas del inicio de clases hay poco movimiento en librer\u00edas y los padres compran lo justo"},"content":{"rendered":"\n<p>El<strong>\u00a0lunes 26 de febrero comienzan las clases en Mendoza<\/strong>\u00a0y a pesar de que quedan pocas semanas para la vuelta al cole, se registra una\u00a0<strong>ca\u00edda en las ventas<\/strong>\u00a0en comparaci\u00f3n con la misma \u00e9poca del a\u00f1o pasado. Los padres compran lo justo por los\u00a0<strong>altos aumentos en la canasta escolar<\/strong>, que acumula el\u00a0<strong>250% de inflaci\u00f3n anual<\/strong>.<\/p>\n\n\n\n<p>El presidente de la&nbsp;<strong>C\u00e1mara de Librer\u00edas, Gustavo Fern\u00e1ndez<\/strong>, explic\u00f3 que no hay una canasta uniforme y que se pueden armar &#8220;combos&#8221; de distintos precios, aunque s\u00ed reconoci\u00f3 que los&nbsp;<strong>incrementos han sido muy importantes de un a\u00f1o a otro, sobre todo en papeler\u00eda y mochilas<\/strong>.<\/p>\n\n\n\n<p>Tambi\u00e9n destac\u00f3 que es muy visible el impacto de la\u00a0<strong>recesi\u00f3n econ\u00f3mica<\/strong>: &#8220;Para esta altura del a\u00f1o las ventas ven\u00edan muy bien y ahora est\u00e1 todo muy parado.\u00a0<strong>La gente est\u00e1 comprando lo que puede y no prioriza la calidad<\/strong>, sino a lo que puede afrontar. Busca mucho las promociones y es muy palpable la falta de efectivo porque en\u00a0<strong>un 70 y 80% lo hace con tarjetas de cr\u00e9dito<\/strong>&#8220;.<\/p>\n\n\n\n<p>En declaraciones a&nbsp;<strong>Diario UNO<\/strong>, Fern\u00e1ndez reconoci\u00f3 que&nbsp;<strong>la semana pasada hubo un aumento del 35% en el papel<\/strong>&nbsp;y se acrecentaron mucho los valores de los cuadernos.<\/p>\n\n\n\n<p>&#8220;Estamos viendo que los padres a pesar de que&nbsp;<strong>comenzaron desde noviembre a hacer las compras<\/strong>, consultan mucho y analizan todo y se ve que no hay plata, que&nbsp;<strong>no est\u00e1n pudiendo cumplir con todo lo que exigen las listas de las escuelas<\/strong>&nbsp;con las que trabajamos nosotros&#8221;, dijo el comerciante.<\/p>\n\n\n\n<h2 class=\"wp-block-heading\">Armar la mochila<\/h2>\n\n\n\n<p>Para aquellos padres que no pudieron rescatar nada del a\u00f1o pasado y no pueden reciclar cuadernos,&nbsp;<strong>mochilas o los famosos carritos, en el mercado hay opciones desde los $15.000 con una calidad media<\/strong>&nbsp;y hay una amplia variedad de precios<strong>&nbsp;hasta llegar a los $40.000 y $50.000<\/strong>, los que incluyen marcas l\u00edderes, de personajes y lo \u00faltimo de la moda infantil.<\/p>\n\n\n\n<p>Un carrito el a\u00f1o pasado pod\u00eda conseguirse desde&nbsp;<strong>$20.000<\/strong>&nbsp;y una mochila de calidad media desde los&nbsp;<strong>$7.000<\/strong>.<\/p>\n\n\n\n<p>Las\u00a0<strong>cartucheras<\/strong>\u00a0desde el a\u00f1o pasado ya experimentaban subas y el precio en el mercado var\u00eda\u00a0<strong>desde los $10.000 a los $15.000<\/strong>\u00a0(la de los compartimentos) como las m\u00e1s caras; y para abajo se pueden adquirir las\u00a0<strong>canoplas\u00a0<\/strong>de distintos tama\u00f1os y dise\u00f1os.<\/p>\n\n\n\n<p><strong>En las cajas de colores hay un amplio margen de precios, que va de la m\u00e1s econ\u00f3mica -unos $1.500- a una de mayor calidad -que asciende a los $4.000 y los $5.000-<\/strong>.<\/p>\n\n\n\n<p>Los&nbsp;<strong>cuadernos<\/strong>&nbsp;son otro elemento indispensable. Para uno tama\u00f1o A4 con tapa dura de 100 hojas y con espirales, dependiendo la marca, el precio puede ir&nbsp;<strong>de $4.000 a los $6.000<\/strong>. Los m\u00e1s grandes cuestan unos $8.000.<\/p>\n\n\n\n<p>Para el secundario, un repuesto de hojas para los biblioratos cuesta&nbsp;<strong>$4.500<\/strong>&nbsp;y el bibliorato se comercializa desde&nbsp;<strong>$4.000<\/strong>.<\/p>\n\n\n\n<p>Para las&nbsp;<strong>asignaturas especiales<\/strong>, un repuesto de hojas para pl\u00e1stica se puede adquirir desde los $800, los afiches cuestan $900 y la cartulina $500.<\/p>\n\n\n\n<h2 class=\"wp-block-heading\"><strong>Algunas canastas testigo<\/strong><\/h2>\n\n\n\n<p>Dependiendo del nivel de escolaridad y teniendo en cuenta que&nbsp;<strong>para comenzar no se requiere llevar la lista completa de lo que solicitan las escuelas<\/strong>, se puede adquirir un conjunto de \u00fatiles para el Jard\u00edn de Infantes&nbsp;<strong>desde los $19.630<\/strong>.<\/p>\n\n\n\n<figure class=\"wp-block-image\"><img decoding=\"async\" src=\"https:\/\/media.diariouno.com.ar\/p\/6704976a5c5254b369560966103cdec6\/adjuntos\/298\/imagenes\/009\/292\/0009292216\/1200x0\/smart\/canasta-prescolar-basica-inicio-clases-utiles-escolaresjpg.jpg\" alt=\"\" title=\"\"\/><\/figure>\n\n\n\n<p>Foto\/ Nicol\u00e1s Rios<\/p>\n\n\n\n<p>La lista incluye:<\/p>\n\n\n\n<ul>\n<li>1 plasticola de color<\/li>\n\n\n\n<li>1 papel glac\u00e9<\/li>\n\n\n\n<li>1 caja de fibras<\/li>\n\n\n\n<li>1 caja de crayones<\/li>\n\n\n\n<li>1 bloc de hojas de dibujo<\/li>\n\n\n\n<li>1 bloc de hojas de colores<\/li>\n\n\n\n<li>1 pincel<\/li>\n\n\n\n<li>1 l\u00e1piz negro<\/li>\n\n\n\n<li>1 pomo de t\u00e9mpera de 170 gramos<\/li>\n\n\n\n<li>1 bolsa de palitos de helado<\/li>\n<\/ul>\n\n\n\n<h2 class=\"wp-block-heading\">Canasta para el nivel primario<\/h2>\n\n\n\n<figure class=\"wp-block-image\"><img decoding=\"async\" src=\"https:\/\/media.diariouno.com.ar\/p\/238cf3c2f43d4cf50d1483bec0759351\/adjuntos\/298\/imagenes\/009\/292\/0009292220\/1200x0\/smart\/canasta-primariajpg.jpg\" alt=\"\" title=\"\"\/><\/figure>\n\n\n\n<p>Foto\/ Nicol\u00e1s R\u00edos<\/p>\n\n\n\n<p>Este combo se puede adquirir a partir de los&nbsp;<strong>$22.140<\/strong>.<\/p>\n\n\n\n<p>Incluye:<\/p>\n\n\n\n<ul>\n<li>Una carpeta de pl\u00e1stica<\/li>\n\n\n\n<li>Un bloc de hojas de dibujo<\/li>\n\n\n\n<li>Un cuaderno tapa dura por 100 hojas, forrado<\/li>\n\n\n\n<li>Un l\u00e1piz negro<\/li>\n\n\n\n<li>Una regla<\/li>\n\n\n\n<li>Una goma<\/li>\n\n\n\n<li>Un paquete de papel glac\u00e9<\/li>\n\n\n\n<li>Una caja de colores<\/li>\n\n\n\n<li>Una plasticola<\/li>\n\n\n\n<li>Una caja de t\u00e9mperas<\/li>\n\n\n\n<li>Una cartuchera<\/li>\n\n\n\n<li>Un sacapuntas<\/li>\n<\/ul>\n\n\n\n<h2 class=\"wp-block-heading\">Canasta para el nivel secundario<\/h2>\n\n\n\n<figure class=\"wp-block-image\"><img decoding=\"async\" src=\"https:\/\/media.diariouno.com.ar\/p\/370ec10a43fdfa78cc43b0f1726123b7\/adjuntos\/298\/imagenes\/009\/292\/0009292229\/1200x0\/smart\/canasta-secundario-canasta-escolar-comienzo-clasesjpg.jpg\" alt=\"\" title=\"\"\/><\/figure>\n\n\n\n<p>Foto\/ Nicol\u00e1s Rios<\/p>\n\n\n\n<p>Este combo puede adquirirse desde los&nbsp;<strong>$20.000<\/strong>.<\/p>\n\n\n\n<ul>\n<li>Un cuaderno con espirales<\/li>\n\n\n\n<li>Un bibliorato<\/li>\n\n\n\n<li>Un repuesto de hojas para bibliorato<\/li>\n\n\n\n<li>Un l\u00e1piz negro<\/li>\n\n\n\n<li>Una goma<\/li>\n\n\n\n<li>Un corrector<\/li>\n\n\n\n<li>Una lapicera<\/li>\n\n\n\n<li>Un comp\u00e1s<\/li>\n\n\n\n<li>Set de reglas, transportador y escuadra de dibujo<\/li>\n\n\n\n<li>Una cartuchera<\/li>\n<\/ul>\n\n\n\n<p><strong>Fuente: www.diariouno.com.ar<\/strong><\/p>\n","protected":false},"excerpt":{"rendered":"<p>El\u00a0lunes 26 de febrero comienzan las clases en Mendoza\u00a0y a pesar de que quedan pocas semanas para la vuelta al cole, se registra una\u00a0ca\u00edda en las ventas\u00a0en comparaci\u00f3n con la misma \u00e9poca del a\u00f1o pasado. Los padres compran lo justo por los\u00a0altos aumentos en la canasta escolar, que acumula el\u00a0250% de inflaci\u00f3n anual. El presidente [&hellip;]<\/p>\n","protected":false},"author":2,"featured_media":5252,"comment_status":"open","ping_status":"open","sticky":false,"template":"","format":"standard","meta":[],"categories":[75],"tags":[],"_links":{"self":[{"href":"https:\/\/pasaenmendoza.com\/index.php?rest_route=\/wp\/v2\/posts\/5251"}],"collection":[{"href":"https:\/\/pasaenmendoza.com\/index.php?rest_route=\/wp\/v2\/posts"}],"about":[{"href":"https:\/\/pasaenmendoza.com\/index.php?rest_route=\/wp\/v2\/types\/post"}],"author":[{"embeddable":true,"href":"https:\/\/pasaenmendoza.com\/index.php?rest_route=\/wp\/v2\/users\/2"}],"replies":[{"embeddable":true,"href":"https:\/\/pasaenmendoza.com\/index.php?rest_route=%2Fwp%2Fv2%2Fcomments&post=5251"}],"version-history":[{"count":1,"href":"https:\/\/pasaenmendoza.com\/index.php?rest_route=\/wp\/v2\/posts\/5251\/revisions"}],"predecessor-version":[{"id":5253,"href":"https:\/\/pasaenmendoza.com\/index.php?rest_route=\/wp\/v2\/posts\/5251\/revisions\/5253"}],"wp:featuredmedia":[{"embeddable":true,"href":"https:\/\/pasaenmendoza.com\/index.php?rest_route=\/wp\/v2\/media\/5252"}],"wp:attachment":[{"href":"https:\/\/pasaenmendoza.com\/index.php?rest_route=%2Fwp%2Fv2%2Fmedia&parent=5251"}],"wp:term":[{"taxonomy":"category","embeddable":true,"href":"https:\/\/pasaenmendoza.com\/index.php?rest_route=%2Fwp%2Fv2%2Fcategories&post=5251"},{"taxonomy":"post_tag","embeddable":true,"href":"https:\/\/pasaenmendoza.com\/index.php?rest_route=%2Fwp%2Fv2%2Ftags&post=5251"}],"curies":[{"name":"wp","href":"https:\/\/api.w.org\/{rel}","templated":true}]}}