{"id":5255,"date":"2024-02-08T14:57:13","date_gmt":"2024-02-08T13:57:13","guid":{"rendered":"https:\/\/pasaenmendoza.com\/?p=5255"},"modified":"2024-02-08T14:57:14","modified_gmt":"2024-02-08T13:57:14","slug":"las-exportaciones-de-vino-se-derrumbaron-en-enero-y-solo-el-mosto-resistio-el-bajon","status":"publish","type":"post","link":"https:\/\/pasaenmendoza.com\/?p=5255","title":{"rendered":"Las exportaciones de vino se derrumbaron en enero y s\u00f3lo el mosto resisti\u00f3 el baj\u00f3n"},"content":{"rendered":"\n<p>Buena parte de la<strong>\u00a0industria vitivin\u00edcola<\/strong>\u00a0se entusiasm\u00f3 con la llegada de Javier Milei al gobierno. Sin embargo, el intento del Ejecutivo nacional de\u00a0<strong>reinstalar las retenciones<\/strong>\u00a0-finalmente dio marcha atr\u00e1s- y el panorama de las\u00a0<strong>exportaciones<\/strong>\u00a0han\u00a0<strong>moderado<\/strong>\u00a0ese optimismo en el sector.<\/p>\n\n\n\n<p>En ese sentido,&nbsp;<strong>enero pinta como el preludio de lo que puede ser un 2024 complicado:<\/strong>&nbsp;de acuerdo con cifras del&nbsp;<strong>Instituto Nacional de Vitivinicultura (INV)<\/strong>, Argentina export\u00f3 en el primer mes del a\u00f1o&nbsp;<strong>13,8 millones de litros de vino (-11,2% interanual)<\/strong>, 1,8 millones de litros menos con respecto al mismo per\u00edodo del a\u00f1o 2023.<\/p>\n\n\n\n<p>En el total de\u00a0<strong>vino exportado<\/strong>, la baja en los blancos fue m\u00e1s fuerte que en los tintos,<strong>\u00a0a contrapelo de las tendencias globales<\/strong>. Y en los\u00a0<strong>fraccionados<\/strong>\u00a0-en botella- la merma general lleg\u00f3 al\u00a0<strong>-21,6%<\/strong>, en tanto que en el rubro a granel fue del\u00a0<strong>-24,2%<\/strong>.<\/p>\n\n\n\n<h2 class=\"wp-block-heading\">El mosto, en alza<\/h2>\n\n\n\n<p>Adem\u00e1s, el precio promedio del vino total en enero fue de&nbsp;<strong>3,21 d\u00f3lares\/litro (-5,3%)<\/strong>, llegando el fraccionado a&nbsp;<strong>4,25 d\u00f3lares\/litro (+3,6%)<\/strong>&nbsp;y el granel a&nbsp;<strong>0,95 d\u00f3lares\/litro (+0,8%)<\/strong>.<\/p>\n\n\n\n<p>Lo que&nbsp;<strong>aument\u00f3 de forma mete\u00f3rica<\/strong>&nbsp;fueron las&nbsp;<strong>exportaciones de mosto<\/strong>, que registraron&nbsp;<strong>una suba del 101,5% con 5.468 toneladas exportadas<\/strong>&nbsp;y un 82,6% m\u00e1s de ingreso de divisas respecto al mismo mes del a\u00f1o anterior.<\/p>\n\n\n\n<p>Esto \u00faltimo puede tener<strong>&nbsp;varias causas<\/strong>. Entre ellas, los vaivenes que trajo la cosecha previa y algunas&nbsp;<strong>tensiones que se registran con los agricultores en Europa<\/strong>, adem\u00e1s de un componente estacional.<\/p>\n\n\n\n<p>El precio promedio del\u00a0<strong>mosto concentrado<\/strong>\u00a0en el primer mes del a\u00f1o llega a 1.682 d\u00f3lares\/tonelada.<\/p>\n\n\n\n<p>La ca\u00edda en el consumo del vino<\/p>\n\n\n\n<p>En realidad,&nbsp;<strong>la tendencia es que el consumo de vino baje en el mercado internacional<\/strong>.<\/p>\n\n\n\n<p>A fines de 2023,&nbsp;<strong>incluso Espa\u00f1a<\/strong>&nbsp;-uno de los jugadores dominantes a nivel global- registr\u00f3&nbsp;<strong>descensos en sus exportaciones<\/strong>, lo que se da paralelamente con&nbsp;<strong>nuevos h\u00e1bitos de consumo<\/strong>&nbsp;en los que los&nbsp;<strong>blancos y espumantes ganan protagonismo<\/strong>.<\/p>\n\n\n\n<p>En el&nbsp;<strong>mercado interno<\/strong>, el observatorio&nbsp;<strong>Vinodata<\/strong>&nbsp;-que sigue la evoluci\u00f3n de m\u00e1s de 6.000 etiquetas con ayuda de&nbsp;<strong>cient\u00edficos del Conicet-&nbsp;<\/strong>destac\u00f3 que el incremento de los precios del producto&nbsp;<strong>fue, al menos durante el \u00faltimo trimestre de 2023, superior<\/strong><strong>&nbsp;al registrado por el INDEC para el \u00cdndice de Precios al Consumidor (IPC)<\/strong>.<\/p>\n\n\n\n<p>En criollo:\u00a0<strong>el vino sube m\u00e1s<\/strong>\u00a0que el resto de los bienes y servicios y se vuelve\u00a0<strong>m\u00e1s lejano para el consumidor dom\u00e9stico<\/strong>.<\/p>\n\n\n\n<p><strong>Fuente: www.diariouno.com.ar<\/strong><\/p>\n","protected":false},"excerpt":{"rendered":"<p>Buena parte de la\u00a0industria vitivin\u00edcola\u00a0se entusiasm\u00f3 con la llegada de Javier Milei al gobierno. Sin embargo, el intento del Ejecutivo nacional de\u00a0reinstalar las retenciones\u00a0-finalmente dio marcha atr\u00e1s- y el panorama de las\u00a0exportaciones\u00a0han\u00a0moderado\u00a0ese optimismo en el sector. En ese sentido,&nbsp;enero pinta como el preludio de lo que puede ser un 2024 complicado:&nbsp;de acuerdo con cifras del&nbsp;Instituto [&hellip;]<\/p>\n","protected":false},"author":2,"featured_media":5256,"comment_status":"open","ping_status":"open","sticky":false,"template":"","format":"standard","meta":[],"categories":[95],"tags":[],"_links":{"self":[{"href":"https:\/\/pasaenmendoza.com\/index.php?rest_route=\/wp\/v2\/posts\/5255"}],"collection":[{"href":"https:\/\/pasaenmendoza.com\/index.php?rest_route=\/wp\/v2\/posts"}],"about":[{"href":"https:\/\/pasaenmendoza.com\/index.php?rest_route=\/wp\/v2\/types\/post"}],"author":[{"embeddable":true,"href":"https:\/\/pasaenmendoza.com\/index.php?rest_route=\/wp\/v2\/users\/2"}],"replies":[{"embeddable":true,"href":"https:\/\/pasaenmendoza.com\/index.php?rest_route=%2Fwp%2Fv2%2Fcomments&post=5255"}],"version-history":[{"count":1,"href":"https:\/\/pasaenmendoza.com\/index.php?rest_route=\/wp\/v2\/posts\/5255\/revisions"}],"predecessor-version":[{"id":5257,"href":"https:\/\/pasaenmendoza.com\/index.php?rest_route=\/wp\/v2\/posts\/5255\/revisions\/5257"}],"wp:featuredmedia":[{"embeddable":true,"href":"https:\/\/pasaenmendoza.com\/index.php?rest_route=\/wp\/v2\/media\/5256"}],"wp:attachment":[{"href":"https:\/\/pasaenmendoza.com\/index.php?rest_route=%2Fwp%2Fv2%2Fmedia&parent=5255"}],"wp:term":[{"taxonomy":"category","embeddable":true,"href":"https:\/\/pasaenmendoza.com\/index.php?rest_route=%2Fwp%2Fv2%2Fcategories&post=5255"},{"taxonomy":"post_tag","embeddable":true,"href":"https:\/\/pasaenmendoza.com\/index.php?rest_route=%2Fwp%2Fv2%2Ftags&post=5255"}],"curies":[{"name":"wp","href":"https:\/\/api.w.org\/{rel}","templated":true}]}}