{"id":5258,"date":"2024-02-08T15:12:20","date_gmt":"2024-02-08T14:12:20","guid":{"rendered":"https:\/\/pasaenmendoza.com\/?p=5258"},"modified":"2024-02-08T15:12:21","modified_gmt":"2024-02-08T14:12:21","slug":"la-ministra-de-seguridad-de-mendoza-se-reunio-con-bullrich-y-destaco-el-cambio-de-paradigma","status":"publish","type":"post","link":"https:\/\/pasaenmendoza.com\/?p=5258","title":{"rendered":"La ministra de Seguridad de Mendoza se reuni\u00f3 con Bullrich y destac\u00f3 el \u201ccambio de paradigma\u201d"},"content":{"rendered":"\n<p>La ministra de Justicia y Seguridad de la provincia,&nbsp;<strong>Mercedes Rus<\/strong>, mantuvo un encuentro con su par de la Naci\u00f3n,&nbsp;<strong>Patricia Bullrich<\/strong>,&nbsp;<em>\u201cpara intercambiar experiencias de gesti\u00f3n y conversar temas en com\u00fan\u201d<\/em>, seg\u00fan inform\u00f3 a trav\u00e9s de su cuenta en la red social X.<\/p>\n\n\n\n<p>Del encuentro particip\u00f3 un ex funcionario provincial que actualmente forma parte del equipo de Bullrich. Se trata de\u00a0<strong>N\u00e9stor Majul<\/strong>, que recientemente fue oficializado como subsecretario de Programaci\u00f3n Federal y Articulaci\u00f3n Legislativa de la Secretar\u00eda de Articulaci\u00f3n Federal del Ministerio de Seguridad.<\/p>\n\n\n\n<p><em>\u201cMe reun\u00ed con Patricia Bullrich para intercambiar experiencias de gesti\u00f3n y conversar temas en com\u00fan. Desde el primer d\u00eda el Ministerio de Seguridad de la Naci\u00f3n lleva adelante un cambio de paradigma\u201d<\/em>, indic\u00f3 Rus. Y destac\u00f3 que la presidenta del PRO nacional&nbsp;<em>\u201cviene apostando por un involucramiento en los temas de seguridad, colaborando con las jurisdicciones, esto en un marco de legitimaci\u00f3n a las fuerzas de seguridad\u201d.<\/em><\/p>\n\n\n\n<p>Posteriormente Rus mantuvo un encuentro con&nbsp;<strong>Waldo Wolff<\/strong>, ministro de Justicia y Seguridad de la Ciudad de Buenos Aires.&nbsp;<em>\u201cConversamos sobre seguridad ciudadana y orden p\u00fablico\u201d<\/em>, indic\u00f3 la jefa de la cartera de Seguridad de Mendoza<\/p>\n\n\n\n<h2 class=\"wp-block-heading\" id=\"h-bullrich-relanza-el-protocolo-para-empleo-armas-de-fuego\">Bullrich relanza el protocolo para empleo armas de fuego<\/h2>\n\n\n\n<p>La ministra de Seguridad, Patricia Bullrich, encabezar\u00e1 este jueves la presentaci\u00f3n del&nbsp;<strong>protocolo general para el empleo de armas de fuego por parte de las fuerzas federales<\/strong>, que reestablecer\u00e1 la vigencia de la norma que hab\u00eda sido suspendida durante el gobierno de Alberto Fern\u00e1ndez.<\/p>\n\n\n\n<p><strong>La presentaci\u00f3n se realizar\u00e1 a las 15<\/strong>&nbsp;en la sede de la cartera, ubicada en Gelly y Obes 2289, y Bullrich estar\u00e1 acompa\u00f1ada por el secretario de Seguridad, Vicente Ventura Barreiro, y el jefe de Prefectura Naval Argentina, prefecto general Guillermo Gim\u00e9nez P\u00e9rez.<\/p>\n\n\n\n<p>Con el restablecimiento del denominado&nbsp;<em>\u201cReglamento General para el Empleo de las Armas de Fuego por parte de los Miembros de las Fuerzas Federales de Seguridad\u201d<\/em>, la ministra expresar\u00e1 su<em>&nbsp;\u201ccompromiso inquebrantable de proteger a quienes nos protegen\u201d<\/em>, se inform\u00f3 en un comunicado.<\/p>\n\n\n\n<p>La normativa fue dictada por medio de la resoluci\u00f3n 956\/2018\u00a0<strong>cuando Bullrich era ministra de Seguridad del gobierno de Mauricio Macri<\/strong>. Este protocolo fue dejado sin efecto por la exministra de Seguridad, Sabina Frederic, el 20 de diciembre de 2019, una de las primeras medidas que tom\u00f3 durante su gesti\u00f3n en el gobierno de Fern\u00e1ndez.<\/p>\n\n\n\n<p><strong>Fuente: www.elsol.com.ar<\/strong><\/p>\n","protected":false},"excerpt":{"rendered":"<p>La ministra de Justicia y Seguridad de la provincia,&nbsp;Mercedes Rus, mantuvo un encuentro con su par de la Naci\u00f3n,&nbsp;Patricia Bullrich,&nbsp;\u201cpara intercambiar experiencias de gesti\u00f3n y conversar temas en com\u00fan\u201d, seg\u00fan inform\u00f3 a trav\u00e9s de su cuenta en la red social X. Del encuentro particip\u00f3 un ex funcionario provincial que actualmente forma parte del equipo de [&hellip;]<\/p>\n","protected":false},"author":2,"featured_media":5259,"comment_status":"open","ping_status":"open","sticky":false,"template":"","format":"standard","meta":[],"categories":[96],"tags":[],"_links":{"self":[{"href":"https:\/\/pasaenmendoza.com\/index.php?rest_route=\/wp\/v2\/posts\/5258"}],"collection":[{"href":"https:\/\/pasaenmendoza.com\/index.php?rest_route=\/wp\/v2\/posts"}],"about":[{"href":"https:\/\/pasaenmendoza.com\/index.php?rest_route=\/wp\/v2\/types\/post"}],"author":[{"embeddable":true,"href":"https:\/\/pasaenmendoza.com\/index.php?rest_route=\/wp\/v2\/users\/2"}],"replies":[{"embeddable":true,"href":"https:\/\/pasaenmendoza.com\/index.php?rest_route=%2Fwp%2Fv2%2Fcomments&post=5258"}],"version-history":[{"count":1,"href":"https:\/\/pasaenmendoza.com\/index.php?rest_route=\/wp\/v2\/posts\/5258\/revisions"}],"predecessor-version":[{"id":5260,"href":"https:\/\/pasaenmendoza.com\/index.php?rest_route=\/wp\/v2\/posts\/5258\/revisions\/5260"}],"wp:featuredmedia":[{"embeddable":true,"href":"https:\/\/pasaenmendoza.com\/index.php?rest_route=\/wp\/v2\/media\/5259"}],"wp:attachment":[{"href":"https:\/\/pasaenmendoza.com\/index.php?rest_route=%2Fwp%2Fv2%2Fmedia&parent=5258"}],"wp:term":[{"taxonomy":"category","embeddable":true,"href":"https:\/\/pasaenmendoza.com\/index.php?rest_route=%2Fwp%2Fv2%2Fcategories&post=5258"},{"taxonomy":"post_tag","embeddable":true,"href":"https:\/\/pasaenmendoza.com\/index.php?rest_route=%2Fwp%2Fv2%2Ftags&post=5258"}],"curies":[{"name":"wp","href":"https:\/\/api.w.org\/{rel}","templated":true}]}}