{"id":5261,"date":"2024-02-09T12:21:12","date_gmt":"2024-02-09T11:21:12","guid":{"rendered":"https:\/\/pasaenmendoza.com\/?p=5261"},"modified":"2024-02-09T12:21:13","modified_gmt":"2024-02-09T11:21:13","slug":"paritarias-la-advertencia-de-alfredo-cornejo-a-los-gremios-que-rechacen-la-ultima-oferta","status":"publish","type":"post","link":"https:\/\/pasaenmendoza.com\/?p=5261","title":{"rendered":"Paritarias: la advertencia de Alfredo Cornejo a los gremios que rechacen la \u00faltima oferta"},"content":{"rendered":"\n<h1 class=\"wp-block-heading\">El gobernador celebr\u00f3 los primeros acuerdos salariales con algunos sectores de los estatales pero avis\u00f3 que en caso de no firmar un convenio se otorgar\u00e1n los aumentos por decreto.<\/h1>\n\n\n\n<p>El Gobierno de Mendoza consigui\u00f3 este jueves cerrar los primeros acuerdos\u00a0<strong>paritarios\u00a0<\/strong>tras la reapertura de las negociaciones salariales para el 2024. La Asociaci\u00f3n de Trabajadores del Estado (ATE) acept\u00f3 la \u00faltima propuesta realizada para cinco sectores de la Administraci\u00f3n P\u00fablica y el resto de los gremios se encuentra analizando los ofrecimientos. En este contexto, el gobernador\u00a0<strong>Alfredo Cornejo<\/strong>\u00a0manifest\u00f3 que aspira a firmar convenios con todos los \u00e1mbitos, pero advirti\u00f3 que en caso de no lograrlo se otorgar\u00e1 la suba salarial por decreto.<\/p>\n\n\n\n<p>Los representantes gremiales de ATE firmaron este mediod\u00eda el acuerdo\u00a0<strong>paritario<\/strong>\u00a0que estableci\u00f3 un incremento salarial del 15% en febrero y 15% en marzo, adem\u00e1s del pago de una suma fija de $ 90.000 no remunerativa y no bonificable a pagar en febrero.<\/p>\n\n\n\n<p>El convenio involucra a los trabajadores del R\u00e9gimen 5 de la Administraci\u00f3n central), el R\u00e9gimen 15 de los no profesionales de la Salud, el R\u00e9gimen 35 del \u00e1rea de Ambiente, el R\u00e9gimen 13 del personal de parques y los Guardaparques.<\/p>\n\n\n\n<p>En este sentido, el mandatario provincial indic\u00f3 que \u201caspiramos a que sea as\u00ed, si no ser\u00e1 decreto\u201d, advirtiendo a los gremios estatales que en caso de rechazar este segundo ofrecimiento, el incremento salarial al resto de los estatales se otorgar\u00e1 por decreto.<\/p>\n\n\n\n<p>Se trata de una medida que ya implement\u00f3 durante su primera gobernaci\u00f3n entre 2015 y 2019, ante la falta de acuerdo con algunos de los sindicatos. De todas maneras,&nbsp;<strong>Cornejo&nbsp;<\/strong>remarc\u00f3 que \u201ccreemos que vamos a llegar a acuerdos\u201d.<\/p>\n\n\n\n<p>La semana que viene el Sindicato Unido de Trabajadores de la Educaci\u00f3n (SUTE) someter\u00e1 a votaci\u00f3n de las bases, mientras que este jueves la Asociaci\u00f3n Mendocina de Trabajadores de la Salud (Ampros) tambi\u00e9n tom\u00f3 la misma dicisi\u00f3n.<\/p>\n\n\n\n<p>FUENTE: MDZonline.<\/p>\n\n\n\n<p><\/p>\n","protected":false},"excerpt":{"rendered":"<p>El gobernador celebr\u00f3 los primeros acuerdos salariales con algunos sectores de los estatales pero avis\u00f3 que en caso de no firmar un convenio se otorgar\u00e1n los aumentos por decreto. El Gobierno de Mendoza consigui\u00f3 este jueves cerrar los primeros acuerdos\u00a0paritarios\u00a0tras la reapertura de las negociaciones salariales para el 2024. La Asociaci\u00f3n de Trabajadores del Estado [&hellip;]<\/p>\n","protected":false},"author":2,"featured_media":5262,"comment_status":"open","ping_status":"open","sticky":true,"template":"","format":"standard","meta":[],"categories":[47],"tags":[],"_links":{"self":[{"href":"https:\/\/pasaenmendoza.com\/index.php?rest_route=\/wp\/v2\/posts\/5261"}],"collection":[{"href":"https:\/\/pasaenmendoza.com\/index.php?rest_route=\/wp\/v2\/posts"}],"about":[{"href":"https:\/\/pasaenmendoza.com\/index.php?rest_route=\/wp\/v2\/types\/post"}],"author":[{"embeddable":true,"href":"https:\/\/pasaenmendoza.com\/index.php?rest_route=\/wp\/v2\/users\/2"}],"replies":[{"embeddable":true,"href":"https:\/\/pasaenmendoza.com\/index.php?rest_route=%2Fwp%2Fv2%2Fcomments&post=5261"}],"version-history":[{"count":1,"href":"https:\/\/pasaenmendoza.com\/index.php?rest_route=\/wp\/v2\/posts\/5261\/revisions"}],"predecessor-version":[{"id":5263,"href":"https:\/\/pasaenmendoza.com\/index.php?rest_route=\/wp\/v2\/posts\/5261\/revisions\/5263"}],"wp:featuredmedia":[{"embeddable":true,"href":"https:\/\/pasaenmendoza.com\/index.php?rest_route=\/wp\/v2\/media\/5262"}],"wp:attachment":[{"href":"https:\/\/pasaenmendoza.com\/index.php?rest_route=%2Fwp%2Fv2%2Fmedia&parent=5261"}],"wp:term":[{"taxonomy":"category","embeddable":true,"href":"https:\/\/pasaenmendoza.com\/index.php?rest_route=%2Fwp%2Fv2%2Fcategories&post=5261"},{"taxonomy":"post_tag","embeddable":true,"href":"https:\/\/pasaenmendoza.com\/index.php?rest_route=%2Fwp%2Fv2%2Ftags&post=5261"}],"curies":[{"name":"wp","href":"https:\/\/api.w.org\/{rel}","templated":true}]}}