{"id":5264,"date":"2024-02-09T12:24:42","date_gmt":"2024-02-09T11:24:42","guid":{"rendered":"https:\/\/pasaenmendoza.com\/?p=5264"},"modified":"2024-02-09T12:24:44","modified_gmt":"2024-02-09T11:24:44","slug":"proponen-que-los-aumentos-de-las-jubilaciones-esten-basados-en-la-inflacion","status":"publish","type":"post","link":"https:\/\/pasaenmendoza.com\/?p=5264","title":{"rendered":"Proponen que los aumentos de las jubilaciones est\u00e9n basados en la inflaci\u00f3n"},"content":{"rendered":"\n<p>El proyecto fue dise\u00f1ado por Juan Manuel L\u00f3pez y firmado adem\u00e1s por Maximiliano Ferraro, M\u00f3nica Frade, Paula Olivetto, Marcela Campagnoli y Victoria Borrego.<\/p>\n\n\n\n<p>Diputados de la&nbsp;<strong>Coalici\u00f3n C\u00edvica<\/strong>&nbsp;presentaron un proyecto para establecer un nuevo sistema de<strong>&nbsp;ajuste de las jubilaciones y pensiones<\/strong>&nbsp;basado en la variaci\u00f3n del costo de vida desde abril, y en marzo otorgar un 10% adicional al incremento que se deber\u00e1 pagar en base a la actual f\u00f3rmula de aumento que se aplica desde 2021.<\/p>\n\n\n\n<p>La iniciativa fue promovida por los seis legisladores de la CC que integran la bancada de Hacemos Coalici\u00f3n Federal, conformada por Cambio Federal, Hacemos C\u00f3rdoba, Gen, Republicanos Unidos y Socialistas.<\/p>\n\n\n\n<p>El proyecto fue dise\u00f1ado por\u00a0<strong>Juan Manuel L\u00f3pez\u00a0<\/strong>y firmado adem\u00e1s por\u00a0<strong>Maximiliano Ferraro, M\u00f3nica Frade, Paula Olivetto, Marcela Campagnoli y Victoria Borrego.<\/strong><\/p>\n\n\n\n<p>La Coalici\u00f3n C\u00edvica propone pagar en marzo el incremento basado en la actual f\u00f3rmula, que se compone por un 50% de la variaci\u00f3n de la recaudaci\u00f3n y otro 50% por la evoluci\u00f3n promedio de los salarios informado por el Ripte (Remuneraci\u00f3n Imponible Promedio de los Trabajadores Estables) y un 10% adicional a cuenta del pago del aumento de abril.<\/p>\n\n\n\n<p>Esa pol\u00edtica impulsa que desde el 1\u00b0 de abril de 2024 las prestaciones se ajusten mensualmente de acuerdo al aumento de la inflaci\u00f3n que informe el Indec correspondiente \u201cal tercer mes inmediato anterior al de la prestaci\u00f3n a actualizar\u201d.<\/p>\n\n\n\n<p>Esto implica que la primera actualizaci\u00f3n se pagar\u00e1 en base al \u00edndice de enero sobre la base de marzo.<\/p>\n\n\n\n<p>El Gobierno no acord\u00f3 con la oposici\u00f3n la nueva f\u00f3rmula de ajuste porque la diferencia radicaba en el empalme entre el actual mecanismo y el que se propon\u00eda de reemplazo, donde los bloques dialoguistas quer\u00edan que se tenga en cuenta la inflaci\u00f3n de enero y el PEN la de febrero.<\/p>\n\n\n\n<p>Por ese motivo, no hubo coincidencia entre el oficialismo y los bloques dialoguistas, aunque s\u00ed estaban de acuerdo en aumentar los salarios en base al aumento de la inflaci\u00f3n.<\/p>\n\n\n\n<p>En los fundamentos, la CC se\u00f1al\u00f3 que \u201cuna de las peores emergencias que atravesamos es el padecimiento de los jubilados. La escalada de precios en alimentos y medicamentos afecta de manera significativa a este sector de la poblaci\u00f3n, que carece de alternativas para afrontar tales aumentos\u201d<\/p>\n\n\n\n<p><em>\u201cLa f\u00f3rmula previsional aprobada en 2021 durante el gobierno de Alberto Fern\u00e1ndez y Cristina Kirchner, la cual desde el bloque de la Coalici\u00f3n C\u00edvica rechazamos en el Congreso, desacopl\u00f3 los haberes jubilatorios de la variaci\u00f3n de los precios. Como resultado, tras a\u00f1os de alta inflaci\u00f3n, los jubilados han perdido gran parte de su poder adquisitivo\u201d,<\/em>&nbsp;agreg\u00f3<\/p>\n\n\n\n<p>Acot\u00f3 que \u201cesta situaci\u00f3n se ha agravado especialmente en los \u00faltimos meses. En el \u00faltimo trimestre de 2023, la aceleraci\u00f3n de los precios llev\u00f3 a una tasa de inflaci\u00f3n acumulada del 53,3%, con un aumento del \u00edndice de precios del 25,5% solo en diciembre. En ese contexto, el aumento de los haberes jubilatorios por aplicaci\u00f3n de la movilidad actual apenas alcanz\u00f3 el 21,87%, lo que significa que en solo dos meses el poder adquisitivo de las jubilaciones se redujo en un 21%\u201d.<\/p>\n\n\n\n<p>Los diputados de la CC se\u00f1alaron que \u201ca pesar del severo ajuste ocurrido a finales de 2023, se espera que la inflaci\u00f3n del primer trimestre de 2024 siga siendo muy elevada, acumulando un aumento generalizado de los precios de aproximadamente el 65%. Sin embargo, para marzo de este a\u00f1o, el nuevo aumento derivado de la f\u00f3rmula de movilidad vigente resultar\u00e1 en un incremento de tan solo el 30%, lo que nuevamente una fuerte p\u00e9rdida del poder adquisitivo de las jubilaciones\u201d.<\/p>\n\n\n\n<p>FUENTE: Elsol.com.ar <\/p>\n","protected":false},"excerpt":{"rendered":"<p>El proyecto fue dise\u00f1ado por Juan Manuel L\u00f3pez y firmado adem\u00e1s por Maximiliano Ferraro, M\u00f3nica Frade, Paula Olivetto, Marcela Campagnoli y Victoria Borrego. Diputados de la&nbsp;Coalici\u00f3n C\u00edvica&nbsp;presentaron un proyecto para establecer un nuevo sistema de&nbsp;ajuste de las jubilaciones y pensiones&nbsp;basado en la variaci\u00f3n del costo de vida desde abril, y en marzo otorgar un 10% [&hellip;]<\/p>\n","protected":false},"author":2,"featured_media":5265,"comment_status":"open","ping_status":"open","sticky":true,"template":"","format":"standard","meta":[],"categories":[47],"tags":[],"_links":{"self":[{"href":"https:\/\/pasaenmendoza.com\/index.php?rest_route=\/wp\/v2\/posts\/5264"}],"collection":[{"href":"https:\/\/pasaenmendoza.com\/index.php?rest_route=\/wp\/v2\/posts"}],"about":[{"href":"https:\/\/pasaenmendoza.com\/index.php?rest_route=\/wp\/v2\/types\/post"}],"author":[{"embeddable":true,"href":"https:\/\/pasaenmendoza.com\/index.php?rest_route=\/wp\/v2\/users\/2"}],"replies":[{"embeddable":true,"href":"https:\/\/pasaenmendoza.com\/index.php?rest_route=%2Fwp%2Fv2%2Fcomments&post=5264"}],"version-history":[{"count":1,"href":"https:\/\/pasaenmendoza.com\/index.php?rest_route=\/wp\/v2\/posts\/5264\/revisions"}],"predecessor-version":[{"id":5266,"href":"https:\/\/pasaenmendoza.com\/index.php?rest_route=\/wp\/v2\/posts\/5264\/revisions\/5266"}],"wp:featuredmedia":[{"embeddable":true,"href":"https:\/\/pasaenmendoza.com\/index.php?rest_route=\/wp\/v2\/media\/5265"}],"wp:attachment":[{"href":"https:\/\/pasaenmendoza.com\/index.php?rest_route=%2Fwp%2Fv2%2Fmedia&parent=5264"}],"wp:term":[{"taxonomy":"category","embeddable":true,"href":"https:\/\/pasaenmendoza.com\/index.php?rest_route=%2Fwp%2Fv2%2Fcategories&post=5264"},{"taxonomy":"post_tag","embeddable":true,"href":"https:\/\/pasaenmendoza.com\/index.php?rest_route=%2Fwp%2Fv2%2Ftags&post=5264"}],"curies":[{"name":"wp","href":"https:\/\/api.w.org\/{rel}","templated":true}]}}