{"id":5270,"date":"2024-02-09T12:33:38","date_gmt":"2024-02-09T11:33:38","guid":{"rendered":"https:\/\/pasaenmendoza.com\/?p=5270"},"modified":"2024-02-09T12:33:39","modified_gmt":"2024-02-09T11:33:39","slug":"cornejo-recibio-al-presidente-de-ypf-con-la-mirada-puesta-en-los-yacimientos-maduros","status":"publish","type":"post","link":"https:\/\/pasaenmendoza.com\/?p=5270","title":{"rendered":"Cornejo recibi\u00f3 al presidente de YPF con la mirada puesta en los yacimientos maduros"},"content":{"rendered":"\n<p>Horacio Mar\u00edn pas\u00f3 por Mendoza por primera vez como presidente y CEO de YPF. &#8220;Analizamos detalles de proyectos conjuntos sobre las \u00e1reas convencionales maduras&#8221;, confi\u00f3 el gobernador sobre el encuentro<\/p>\n\n\n\n<p><strong>Alfredo Cornejo\u00a0<\/strong>y la ministra de Energ\u00eda y Ambiente,<strong>\u00a0Jimena Latorre (recientemente designada directora),<\/strong>\u00a0recibieron al presidente de YPF, Horacio Mar\u00edn, para analizar metas, inversiones y proyectos conjuntos sobre las \u00e1reas convencionales y no convencionales de Mendoza.<\/p>\n\n\n\n<p>El foco estuvo puesto, seg\u00fan dijo el gobernador de Mendoza, en las primeras de ellas, respecto de las cuales desde YPF ya se dijo que &#8220;Argentina es ineficiente y que comenzar\u00e1 una desinversi\u00f3n sin romper la paz social&#8221;.<\/p>\n\n\n\n<p><strong>&#8220;Queremos llegar a un 80-20 a favor de los no convencionales&#8221;,<\/strong>&nbsp;aseguraron desde YPF en los \u00faltimos d\u00edas, al presentar el plan 4&#215;4 que tiene como fin cuadruplicar el valor en los pr\u00f3ximos 4 a\u00f1os.<\/p>\n\n\n\n<p>El Cronista inform\u00f3 que los principales ejes de ese plan para que el valor de YPF supere los 25.000 millones de d\u00f3lares a fines de 2027 es el foco y la concentraci\u00f3n en las inversiones en Vaca Muerta; la gesti\u00f3n del portafolio con desinversi\u00f3n de activos no rentables y la revisi\u00f3n de participaciones en algunas firmas; la eficiencia en upstream (exploraci\u00f3n y producci\u00f3n) y downstream (refinaci\u00f3n y comercializaci\u00f3n); y el proyecto de Gas Natural Licuado (GNL) junto a toda la industria petrolera del pa\u00eds, con Petronas (Malasia) como socia.<\/p>\n\n\n\n<h2 class=\"wp-block-heading\">Recorrida por las provincias<\/h2>\n\n\n\n<p>El presidente de YPF comenz\u00f3 una recorrida por las provincias apenas asumi\u00f3 en el cargo. A Mendoza lleg\u00f3 este jueves donde fue recibido por el gobernador Cornejo y la ministra Latorre, designada hace unos d\u00edas como directora de la compa\u00f1\u00eda por Mendoza.<\/p>\n\n\n\n<p>En esos viajes, Mar\u00edn tambi\u00e9n se reuni\u00f3 con representantes del Sindicato de Petroleros Jer\u00e1rquicos, Sindicato de Petroleros Privados, SUPeH y Sindicato de Personal Petrolero de YPF. Mendoza no fue la excepci\u00f3n. Tras un primer encuentro con el gobernador, el presidente de la empresa estatal y la ministra Latorre charlaron con los gremios.<\/p>\n\n\n\n<p>El encuentro de trabajo con Cornejo y Latorre fue en la Casa de Gobierno. Seg\u00fan revelaron fuentes oficiales en conjunto analizaron los planes a futuro para potenciar el desarrollo econ\u00f3mico provincial, constituir mesas de trabajo, cl\u00fasters de \u00e1reas y planes de reinversi\u00f3n para potenciar el trabajo de las pymes.<\/p>\n\n\n\n<p>&#8220;Hoy recibimos junto al Gobernador y al equipo del Ministerio de Energ\u00eda y Ambiente a una comitiva de la empresa YPF encabezada por su presidente. Durante la ma\u00f1ana mantuvimos distintas reuniones donde se expuso tanto la visi\u00f3n y la misi\u00f3n de la empresa en particular respecto a las \u00e1reas y a la producci\u00f3n en Mendoza, como la pol\u00edtica energ\u00e9tica de la Provincia de Mendoza.\u00a0<strong>Todo orientado al aumento de la producci\u00f3n y a los puestos de trabajo&#8221;,\u00a0<\/strong>enfatiz\u00f3 Latorre.<\/p>\n\n\n\n<p><strong>&#8220;Se pusieron sobre la mesa enfoques y ejes de trabajo como el incremento de las inversiones, de la producci\u00f3n, el mantenimiento y el incremento de los puestos de trabajo y el dise\u00f1o o la reinversi\u00f3n en un modelo estrat\u00e9gico que permita que esto pueda concretarse&#8221;<\/strong>, agreg\u00f3 la ministra.<\/p>\n\n\n\n<p>&#8220;Se profundiz\u00f3 en las posibilidades y necesidades actuales, como la incorporaci\u00f3n de nuevos actores al sector productivo en materia de hidrocarburos, con empresas con otras estructuras, con otra din\u00e1mica y con la expertis necesaria para poder hacer de nuestras \u00e1reas marginales y nuestras \u00e1reas maduras, \u00e1reas productivas que generen oportunidades de trabajo y crecimiento&#8221;, afirm\u00f3.<\/p>\n\n\n\n<h2 class=\"wp-block-heading\">Encuentro con petroleros<\/h2>\n\n\n\n<p>De la reuni\u00f3n con sindicatos y trabajadores petroleros participaron representantes del Sindicato de Petroleros Jer\u00e1rquicos, Sindicato de Petroleros Privados, SUPeH y Sindicato de Personal Petrolero de YPF.<\/p>\n\n\n\n<p>Latorre explic\u00f3 que la intenci\u00f3n fue &#8220;potenciar los puntos y objetivos en com\u00fan, entre los que resaltan la generaci\u00f3n de puestos de trabajo y coordinar un trabajo conjunto para aumentar e incrementar la producci\u00f3n de hidrocarburos en la provincia&#8221;.<\/p>\n\n\n\n<p>FUENTE: Diariouno.com.ar <\/p>\n","protected":false},"excerpt":{"rendered":"<p>Horacio Mar\u00edn pas\u00f3 por Mendoza por primera vez como presidente y CEO de YPF. &#8220;Analizamos detalles de proyectos conjuntos sobre las \u00e1reas convencionales maduras&#8221;, confi\u00f3 el gobernador sobre el encuentro Alfredo Cornejo\u00a0y la ministra de Energ\u00eda y Ambiente,\u00a0Jimena Latorre (recientemente designada directora),\u00a0recibieron al presidente de YPF, Horacio Mar\u00edn, para analizar metas, inversiones y proyectos conjuntos [&hellip;]<\/p>\n","protected":false},"author":2,"featured_media":5271,"comment_status":"open","ping_status":"open","sticky":true,"template":"","format":"standard","meta":[],"categories":[47],"tags":[],"_links":{"self":[{"href":"https:\/\/pasaenmendoza.com\/index.php?rest_route=\/wp\/v2\/posts\/5270"}],"collection":[{"href":"https:\/\/pasaenmendoza.com\/index.php?rest_route=\/wp\/v2\/posts"}],"about":[{"href":"https:\/\/pasaenmendoza.com\/index.php?rest_route=\/wp\/v2\/types\/post"}],"author":[{"embeddable":true,"href":"https:\/\/pasaenmendoza.com\/index.php?rest_route=\/wp\/v2\/users\/2"}],"replies":[{"embeddable":true,"href":"https:\/\/pasaenmendoza.com\/index.php?rest_route=%2Fwp%2Fv2%2Fcomments&post=5270"}],"version-history":[{"count":1,"href":"https:\/\/pasaenmendoza.com\/index.php?rest_route=\/wp\/v2\/posts\/5270\/revisions"}],"predecessor-version":[{"id":5272,"href":"https:\/\/pasaenmendoza.com\/index.php?rest_route=\/wp\/v2\/posts\/5270\/revisions\/5272"}],"wp:featuredmedia":[{"embeddable":true,"href":"https:\/\/pasaenmendoza.com\/index.php?rest_route=\/wp\/v2\/media\/5271"}],"wp:attachment":[{"href":"https:\/\/pasaenmendoza.com\/index.php?rest_route=%2Fwp%2Fv2%2Fmedia&parent=5270"}],"wp:term":[{"taxonomy":"category","embeddable":true,"href":"https:\/\/pasaenmendoza.com\/index.php?rest_route=%2Fwp%2Fv2%2Fcategories&post=5270"},{"taxonomy":"post_tag","embeddable":true,"href":"https:\/\/pasaenmendoza.com\/index.php?rest_route=%2Fwp%2Fv2%2Ftags&post=5270"}],"curies":[{"name":"wp","href":"https:\/\/api.w.org\/{rel}","templated":true}]}}