{"id":5276,"date":"2024-02-09T13:36:05","date_gmt":"2024-02-09T12:36:05","guid":{"rendered":"https:\/\/pasaenmendoza.com\/?p=5276"},"modified":"2024-02-09T13:36:07","modified_gmt":"2024-02-09T12:36:07","slug":"los-audios-de-tiroteos-entre-narcos-en-los-barrios-del-oeste-de-mendoza","status":"publish","type":"post","link":"https:\/\/pasaenmendoza.com\/?p=5276","title":{"rendered":"Los audios de tiroteos entre narcos en los barrios del oeste de Mendoza"},"content":{"rendered":"\n<p>Algunos \u201c<em>soldaditos<\/em>\u201d pasan sus d\u00edas con detenci\u00f3n domiciliaria pero parecen no tener control de las autoridades. Suben a los techos de las casas del\u00a0<strong>Campo Papa de Godoy Cruz\u00a0<\/strong>y empiezan a disparar armas autom\u00e1ticas contra sus rivales. El mi\u00e9rcoles por la noche se registraron dos tiroteos que se prolongaron m\u00e1s de media hora. Hubo temor y dos heridos. Uno de ellos, de 32 a\u00f1os, nada tuvo que ver con las disputas territoriales y un plomo le roz\u00f3 la cabeza. Salv\u00f3 su vida de milagro. Este jueves, pasadas las 16.30, volvieron a escucharse detonaciones de armas autom\u00e1ticas durante la siesta y la tarde.<\/p>\n\n\n\n<p>Desde hace m\u00e1s de dos meses, como viene informando este diario,<strong>\u00a0existe una guerra narco en el popular asentamiento ubicado en el pedemonte<\/strong>. Todo tiene que ver con broncas por el control territorial de los famosos\u00a0<em>\u201cquisoquitos\u201d<\/em>\u00a0de la L\u00ednea. Describen la presencia de, al menos,\u00a0<mark>tres grupos juveniles que vienen disput\u00e1ndose el sector de comercializaci\u00f3n al mejor estilo narcomenudeo<\/mark>. Uno liderado por la\u00a0<em><strong>\u201cGorda Celeste\u201d\u00a0<\/strong><\/em><strong>(con domicilio tambi\u00e9n en Luj\u00e1n)<\/strong><em><strong>,\u00a0<\/strong><\/em>una mujer que se encuentra en la mira de los investigadores desde hace semanas. Perpetraron un asesinato y se contabilizaron m\u00e1s de diez heridos de bala.<\/p>\n\n\n\n<p><strong><em>El Sol<\/em><\/strong>\u00a0accedi\u00f3 a una serie de audios que reflejan c\u00f3mo son los enfrentamientos en el sector. El temor de muchos vecinos llev\u00f3 este jueves a ir en b\u00fasqueda de ayuda a los Tribunales federales. En el edificio de calles Pedro Molina y Espa\u00f1a pidieron que hagan la denuncia.\u00a0<strong>Temen ser v\u00edctimas inocentes; es decir, ser alcanzados por proyectiles perdidos cuando no tienen nada que ver con las disputas narcos.<\/strong><\/p>\n\n\n\n<p>En medio de los cruces, el hijo de la reconocida jefa narco&nbsp;<strong>Sandra Jaquelina Vargas,&nbsp;<\/strong>condenada a 15 a\u00f1os de c\u00e1rcel despu\u00e9s de su detenci\u00f3n en el 2014 y actualmente con salidas carcelarias una vez por mes, fue baleado el lunes 29 de enero mientras circulaba en una moto por el barrio Los Para\u00edsos, cerca de la intersecci\u00f3n de calles Europa y Lavalle.&nbsp;<strong>Mauro Jes\u00fas Gelvez&nbsp;<\/strong>tiene 20 a\u00f1os y termin\u00f3 en el piso despu\u00e9s de ser atacado. Fue ayudado por un t\u00edo \u2013pareja de una de las hermanas de la Yaqui- y trasladado al Hospital del Carmen. Luego fue derivado al Central.<\/p>\n\n\n\n<p>El hijo de la Yaqui, quien se muestra armado en sus perfiles de redes sociales, habl\u00f3 ante los investigadores policiales liderados por la fiscal de\u00a0<strong>Homicidios Claudia R\u00edos<\/strong>, quien se hizo cargo de la causa.<\/p>\n\n\n\n<p>Mucho no quer\u00eda aportar pero finalmente le tomaron declaraci\u00f3n durante su proceso de recuperaci\u00f3n.\u00a0<mark>El trabajo de los pesquisas apunta a atrapar al autor de los disparos con el objetivo de intentar frenar los tiroteos en las barriadas del oeste.<\/mark><\/p>\n\n\n\n<p>Se\u00f1alan a un joven conocido como el&nbsp;<strong><em>Leprosito<\/em><\/strong>, oriundo del complejo&nbsp;<strong>Alto Mendoza de La Favorita<\/strong>&nbsp;y con familiares en el barrio Los Para\u00edsos, donde ocurri\u00f3 el ataque. Su identidad se reserva pero su c\u00edrculo \u00edntimo viene teniendo desde hace a\u00f1os una cercana relaci\u00f3n con la barra brava de&nbsp;<strong>Independiente Rivadavia.<\/strong><\/p>\n\n\n\n<p>Horas antes del tiroteo contra Gelvez, otros dos hermanos resultaron heridos de bala en diferentes encontronazos en Los Para\u00edsos. Se trata de los hermanos&nbsp;<strong>Gast\u00f3n y Enzo Z\u00e1rate<\/strong>. Por esos hechos, sostienen que una mujer y el conocido&nbsp;<em><strong>Perita&nbsp;<\/strong><\/em>(se reserva su identidad), sobrino de la&nbsp;<strong><em>Yaqui<\/em><\/strong>, podr\u00edan tener relaci\u00f3n directa con los disparos.<\/p>\n\n\n\n<p>El\u00a0<strong><em>Perita\u00a0<\/em><\/strong>fue condenado a tres a\u00f1os de prisi\u00f3n en suspenso por abuso de armas en el 2016. Se trat\u00f3 de una de las causas de abuso de armas que le iniciaron a integrantes de la banda de la Yaqui en la Justicia provincial.<\/p>\n\n\n\n<p><em>\u201cTodo tiene que ver con todo en el oeste de Godoy Cruz. Los autores de los hechos son siempre los mismos y se odian porque uno vende (droga) m\u00e1s que el otro. No se puede vivir as\u00ed. Son uno o dos tiroteos por d\u00eda. \u00bfDe d\u00f3nde sacan las armas y las balas?\u201d<\/em>, cont\u00f3 y se pregunt\u00f3 una vecina de la barriada que habl\u00f3 con<strong><em>&nbsp;El Sol.<\/em><\/strong><\/p>\n\n\n\n<p>Lo cierto es que el 25 de enero se realizaron nueve allanamientos en diferentes sectores del oeste de Godoy Cruz. Las medidas se desarrollaron, principalmente, en el\u00a0<strong>Campo Papa<\/strong>. En uno de los domicilios donde se sospechaba comercializaban drogas se encontraba el\u00a0<strong><em>Farolito<\/em><\/strong>, identificado como\u00a0<strong>Alan Campos Forquera<\/strong>\u00a0(con detenci\u00f3n domiciliaria) y vinculado con los hermanos\u00a0<strong>Miguel \u00c1ngel y Mariano Valdivia<\/strong>, tambi\u00e9n sospechados de narcomenudeo.<\/p>\n\n\n\n<p>Estos \u00faltimos dos son hijos del\u00a0<strong>Miguel el\u00a0<em>Cabez\u00f3n\u00a0<\/em>Valdivia<\/strong>, integr\u00f3 la banda de la\u00a0<em><strong>Yaqui\u00a0<\/strong><\/em>\u2013fue pareja de una de las hermanas de la jefa narco-, y falleci\u00f3 en el 2021, m\u00e1s de dos a\u00f1os despu\u00e9s de ser baleado. El mayor de sus hijos, Miguel \u00c1ngel, se mueve en silla de ruedas porque result\u00f3 herido de bala tras denunciar el ataque contra su padre.<\/p>\n\n\n\n<p>El\u00a0<strong><em>Farolito\u00a0<\/em><\/strong>se mover\u00eda en la misma l\u00ednea que ellos y ten\u00eda en su poder m\u00e1s de 4 millones de pesos en su casa del asentamiento cuando ingresaron los efectivos de Investigaciones.\u00a0<strong>El dinero se encontraba en una bolsa \u201cazul brillante\u201d.<\/strong>\u00a0No qued\u00f3 detenido porque no lograron vincularlo con el comercio de sustancias ilegales. Lo aprehendieron pero luego recuper\u00f3 la libertad.<\/p>\n\n\n\n<p><strong>Los \u00faltimos tiroteos en el Campo Papa<\/strong><\/p>\n\n\n\n<p>Martes y mi\u00e9rcoles por la noche y tambi\u00e9n este jueves, se registraron -al menos, de acuerdo con testigos que hablaron con este diario- cuatro balaceras \u201cimportantes\u201d en la zona. En las de ayer, ocurridas entre las 19.30 y las 20, se registraron dos heridos.\u00a0<mark>Un joven conocido como\u00a0<strong>Zombie\u00a0<\/strong>y un hombre de 32 a\u00f1os que nada ten\u00eda que ver con los enfrentamientos entre las gavillas<\/mark>\u00a0sufrieron las lesiones en una pierna y la cabeza, respectivamente.<\/p>\n\n\n\n<p>El CEO tom\u00f3 conocimiento sobre uno de los heridos que se encontraba en el ingreso del asentamiento. Polic\u00edas se desplazaron hasta la escena&nbsp;y constataron que la v\u00edctima era un trabajador domiciliado en la manzana D. Este hombre&nbsp;<strong>cont\u00f3 que se asom\u00f3 por la ventana de su casa cuando escuch\u00f3 detonaciones de arma de fuego y sinti\u00f3 un golpe&nbsp;<\/strong>en la cabeza.<\/p>\n\n\n\n<p>Asegur\u00f3 que no vio a ninguna persona y que podr\u00eda tratarse de un plomo perdido. Efectivamente, una m\u00e9dica constat\u00f3 que presentaba una lesi\u00f3n en el sector izquierdo de la frente. El proyectil roz\u00f3 la cabeza de la v\u00edctima.<\/p>\n\n\n\n<p><strong>Fuente: www.elsol.com.ar<\/strong><\/p>\n","protected":false},"excerpt":{"rendered":"<p>Algunos \u201csoldaditos\u201d pasan sus d\u00edas con detenci\u00f3n domiciliaria pero parecen no tener control de las autoridades. Suben a los techos de las casas del\u00a0Campo Papa de Godoy Cruz\u00a0y empiezan a disparar armas autom\u00e1ticas contra sus rivales. El mi\u00e9rcoles por la noche se registraron dos tiroteos que se prolongaron m\u00e1s de media hora. Hubo temor y [&hellip;]<\/p>\n","protected":false},"author":2,"featured_media":5277,"comment_status":"open","ping_status":"open","sticky":false,"template":"","format":"standard","meta":[],"categories":[48],"tags":[],"_links":{"self":[{"href":"https:\/\/pasaenmendoza.com\/index.php?rest_route=\/wp\/v2\/posts\/5276"}],"collection":[{"href":"https:\/\/pasaenmendoza.com\/index.php?rest_route=\/wp\/v2\/posts"}],"about":[{"href":"https:\/\/pasaenmendoza.com\/index.php?rest_route=\/wp\/v2\/types\/post"}],"author":[{"embeddable":true,"href":"https:\/\/pasaenmendoza.com\/index.php?rest_route=\/wp\/v2\/users\/2"}],"replies":[{"embeddable":true,"href":"https:\/\/pasaenmendoza.com\/index.php?rest_route=%2Fwp%2Fv2%2Fcomments&post=5276"}],"version-history":[{"count":1,"href":"https:\/\/pasaenmendoza.com\/index.php?rest_route=\/wp\/v2\/posts\/5276\/revisions"}],"predecessor-version":[{"id":5278,"href":"https:\/\/pasaenmendoza.com\/index.php?rest_route=\/wp\/v2\/posts\/5276\/revisions\/5278"}],"wp:featuredmedia":[{"embeddable":true,"href":"https:\/\/pasaenmendoza.com\/index.php?rest_route=\/wp\/v2\/media\/5277"}],"wp:attachment":[{"href":"https:\/\/pasaenmendoza.com\/index.php?rest_route=%2Fwp%2Fv2%2Fmedia&parent=5276"}],"wp:term":[{"taxonomy":"category","embeddable":true,"href":"https:\/\/pasaenmendoza.com\/index.php?rest_route=%2Fwp%2Fv2%2Fcategories&post=5276"},{"taxonomy":"post_tag","embeddable":true,"href":"https:\/\/pasaenmendoza.com\/index.php?rest_route=%2Fwp%2Fv2%2Ftags&post=5276"}],"curies":[{"name":"wp","href":"https:\/\/api.w.org\/{rel}","templated":true}]}}