{"id":5282,"date":"2024-02-09T13:46:37","date_gmt":"2024-02-09T12:46:37","guid":{"rendered":"https:\/\/pasaenmendoza.com\/?p=5282"},"modified":"2024-02-09T13:46:38","modified_gmt":"2024-02-09T12:46:38","slug":"asalto-cinco-detenidos-y-un-herido-por-un-disparo-policial-en-las-heras","status":"publish","type":"post","link":"https:\/\/pasaenmendoza.com\/?p=5282","title":{"rendered":"Asalto, cinco detenidos y un herido por un disparo policial en Las Heras"},"content":{"rendered":"\n<p>Un asalto en plena madrugada de este jueves termin\u00f3 con cinco detenidos en&nbsp;<strong>Las Heras<\/strong>. Uno de los sospechosos fue herido de un disparo policial. Les secuestraron dos r\u00e9plicas de pistolas y las pertenencias robadas a las v\u00edctimas.<\/p>\n\n\n\n<p>Todo comenz\u00f3 a las 6.20 cuando un joven y un hombre, de 19 y 58 a\u00f1os, respectivamente, estaban en una parada de colectivos de calles&nbsp;<strong>Olascoaga y Juan Manuel Rosas<\/strong>.<\/p>\n\n\n\n<p>En ese instante,<mark>\u00a0fueron sorprendidos por cinco sujetos que les apuntaron con armas de fuego y, mediante amenazas, les sustrajeron sus respectivas mochilas<\/mark>, documentaci\u00f3n personal y un celular, relataron las fuentes policiales.<\/p>\n\n\n\n<p>Luego de tomar conocimiento sobre el hecho, efectivos realizaron patrullajes por las inmediaciones en busca de los asaltantes y los detectaron en el interior del\u00a0<strong>barrio Itiem<\/strong>.<\/p>\n\n\n\n<p>Los presuntos autores se dieron a la fuga en diferentes direcciones y uno de ellos llevaba un elemento en una mano.&nbsp;<mark>Ante la posibilidad de que se tratara de un arma, los uniformados efectuaron un disparo con arma larga hacia una zona segura, resultando lesionado el sospechoso<\/mark>, de 20 a\u00f1os.<\/p>\n\n\n\n<p>A los pocos metros fueron detenidos el resto de los asaltantes y se hallaron dentro de una acequia dos pistolas de pl\u00e1stico que habr\u00edan utilizado en el atraco, as\u00ed como tambi\u00e9n una de las mochilas robadas.<\/p>\n\n\n\n<p>Por su parte, el malviviente herido fue trasladado hasta el<strong>\u00a0Hospital Carrillo<\/strong>, donde lo asistieron debido a las l<mark>esiones que presentaba por impacto de perdigones de goma en la pierna derecha<\/mark>, bajo la rodilla.<\/p>\n\n\n\n<p>Las actuaciones de la causa estuvieron a cargo de la<strong>\u00a0Oficina Fiscal N\u00ba 6\u00a0<\/strong>de la<strong>\u00a0Comisar\u00eda 36\u00aa<\/strong>.<\/p>\n\n\n\n<p><strong>Fuente: www.elsol.com.ar<\/strong><\/p>\n","protected":false},"excerpt":{"rendered":"<p>Un asalto en plena madrugada de este jueves termin\u00f3 con cinco detenidos en&nbsp;Las Heras. Uno de los sospechosos fue herido de un disparo policial. Les secuestraron dos r\u00e9plicas de pistolas y las pertenencias robadas a las v\u00edctimas. Todo comenz\u00f3 a las 6.20 cuando un joven y un hombre, de 19 y 58 a\u00f1os, respectivamente, estaban [&hellip;]<\/p>\n","protected":false},"author":2,"featured_media":5283,"comment_status":"open","ping_status":"open","sticky":false,"template":"","format":"standard","meta":[],"categories":[48],"tags":[],"_links":{"self":[{"href":"https:\/\/pasaenmendoza.com\/index.php?rest_route=\/wp\/v2\/posts\/5282"}],"collection":[{"href":"https:\/\/pasaenmendoza.com\/index.php?rest_route=\/wp\/v2\/posts"}],"about":[{"href":"https:\/\/pasaenmendoza.com\/index.php?rest_route=\/wp\/v2\/types\/post"}],"author":[{"embeddable":true,"href":"https:\/\/pasaenmendoza.com\/index.php?rest_route=\/wp\/v2\/users\/2"}],"replies":[{"embeddable":true,"href":"https:\/\/pasaenmendoza.com\/index.php?rest_route=%2Fwp%2Fv2%2Fcomments&post=5282"}],"version-history":[{"count":1,"href":"https:\/\/pasaenmendoza.com\/index.php?rest_route=\/wp\/v2\/posts\/5282\/revisions"}],"predecessor-version":[{"id":5284,"href":"https:\/\/pasaenmendoza.com\/index.php?rest_route=\/wp\/v2\/posts\/5282\/revisions\/5284"}],"wp:featuredmedia":[{"embeddable":true,"href":"https:\/\/pasaenmendoza.com\/index.php?rest_route=\/wp\/v2\/media\/5283"}],"wp:attachment":[{"href":"https:\/\/pasaenmendoza.com\/index.php?rest_route=%2Fwp%2Fv2%2Fmedia&parent=5282"}],"wp:term":[{"taxonomy":"category","embeddable":true,"href":"https:\/\/pasaenmendoza.com\/index.php?rest_route=%2Fwp%2Fv2%2Fcategories&post=5282"},{"taxonomy":"post_tag","embeddable":true,"href":"https:\/\/pasaenmendoza.com\/index.php?rest_route=%2Fwp%2Fv2%2Ftags&post=5282"}],"curies":[{"name":"wp","href":"https:\/\/api.w.org\/{rel}","templated":true}]}}