{"id":5288,"date":"2024-02-09T14:04:17","date_gmt":"2024-02-09T13:04:17","guid":{"rendered":"https:\/\/pasaenmendoza.com\/?p=5288"},"modified":"2024-02-09T14:04:18","modified_gmt":"2024-02-09T13:04:18","slug":"cornejo-anuncio-el-fin-de-la-playa-san-agustin-y-una-reforma-para-rematar-los-autos-secuestrados","status":"publish","type":"post","link":"https:\/\/pasaenmendoza.com\/?p=5288","title":{"rendered":"Cornejo anunci\u00f3 el fin de la Playa San Agust\u00edn y una reforma para rematar los autos secuestrados"},"content":{"rendered":"\n<p>El gobernador<strong>\u00a0Alfredo Cornejo\u00a0adelant\u00f3 que impulsa una reforma en el sistema de secuestros de veh\u00edculos<\/strong>, con el\u00a0<strong>objetivo de que no se produzca la acumulaci\u00f3n de chatarra por a\u00f1os,<\/strong>\u00a0sin que sus propietarios resuelvan su situaci\u00f3n con la Justicia. Por tal raz\u00f3n,<strong>\u00a0actualizar\u00e1n los costos de bodegaje y se agilizar\u00e1n los remates,\u00a0<\/strong>gracias al aval de una acordada de la Justicia.<\/p>\n\n\n\n<p>En declaraciones a la prensa, el mandatario confirm\u00f3 que&nbsp;<strong>en los pr\u00f3ximos d\u00edas se modificar\u00e1 la tarifaria&nbsp;<\/strong>y se agilizar\u00e1 el procedimiento para que sean rematados y evitar que estos centros de dep\u00f3sito se vean colapsados, como ocurri\u00f3 con la Playa San Agust\u00edn.<\/p>\n\n\n\n<p>&#8220;<strong>Vamos a eliminar la Playa de San Agust\u00edn,<\/strong>&nbsp;vamos a liberar todo este espacio, pero tambi\u00e9n es un plan integral que recorre toda la provincia.&nbsp;<strong>El 77% de los veh\u00edculos no est\u00e1n en custodia del Estado sino de la Justicia<\/strong>. Son determinadas decisiones sobre los bienes donde la ciudadan\u00eda tiene su responsabilidad pero no les interesa retirarlos y quedan en este lugar en un limbo que tiene que pagar todo el resto de la sociedad&#8221;, consider\u00f3 el Cornejo.<\/p>\n\n\n\n<p>De esta manera, se iniciar\u00e1 un procedimiento para la&nbsp;<strong>compactaci\u00f3n y retiro de la chatarra, a trav\u00e9s de una empresa de Buenos Aires<\/strong>&nbsp;que realizar\u00e1 el proceso de saneamiento ambiental.<\/p>\n\n\n\n<p>Cornejo aclar\u00f3 que los due\u00f1os de estos autos que quedaron calcinados por el incendio en septiembre del 2023 ya no pueden reclamar por estas unidades.<\/p>\n\n\n\n<h2 class=\"wp-block-heading\">Descontaminaci\u00f3n de la Playa San Agust\u00edn<\/h2>\n\n\n\n<p>Cornejo, la ministra de Seguridad y Justicia, Mercedes Rus, y el intendente de Ciudad, Ulpiano Suarez,&nbsp;<strong>presenciaron este jueves el comienzo de descontaminaci\u00f3n, compactaci\u00f3n y destrucci\u00f3n de los veh\u00edculos y motos pertenecientes al Gobierno de Mendoza, alojados en la Playa de Secuestros San Agust\u00edn<\/strong>&nbsp;que est\u00e1 ubicada en calle Libertador s\/n, en Parque General San Mart\u00edn en Ciudad.<\/p>\n\n\n\n<p>En esta primera etapa, de un total de 28.500 unidades,<strong>&nbsp;el sistema se aplicar\u00e1 a 540 veh\u00edculos, entre ellos 352 autos y 188 motos que fueron dados de baja por diferentes motivos y se encuentran en el lugar.<\/strong><\/p>\n\n\n\n<p>El procedimiento continuar\u00e1 con el resto de los veh\u00edculos que est\u00e1n incluidos en la acordada 31.425 de la Suprema Corte de Justicia de Mendoza y que pertenecen a causas vinculadas al Poder Judicial. Ante esto, el gobernador Cornejo y Rus explicaron que este plan incluye tambi\u00e9n a otras playas de la provincia de Mendoza para terminar con estos dep\u00f3sitos.<\/p>\n\n\n\n<p><strong>\u201cSe llam\u00f3 a licitaci\u00f3n y se ha encontrado una empresa que pagar\u00e1 por el acero de los veh\u00edculos,<\/strong>&nbsp;lo que&nbsp;<strong>permitir\u00e1 su reutilizaci\u00f3n y beneficiar\u00e1 al medio ambiente<\/strong>\u201d, dijo el mandatario y explic\u00f3 que<strong>&nbsp;\u201cvamos a encarar fuertemente este tema, que tiene una gran responsabilidad de organizaci\u00f3n del Estado en su conjunto<\/strong>\u201d. Adem\u00e1s, coment\u00f3 que en las distintas playas que se encuentran distribuidas en el territorio mendocino, casi el 74% de los veh\u00edculos est\u00e1n en custodia judicial, \u201cno en custodia del Gobierno de la Provincia\u201d.<\/p>\n\n\n\n<p>Asimismo, Cornejo sostuvo que en la primera etapa se retirar\u00e1n cerca de&nbsp;<strong>500 toneladas de acero y se espera que el resto sean compactadas en un plazo relativamente corto<\/strong>. \u201cSe trabajar\u00e1 con la Corte para disponer de los veh\u00edculos judiciales y evitar posibles reclamos de propiedad\u201d, coment\u00f3.<\/p>\n\n\n\n<p>Para aclarar el procedimiento completo, la ministra explic\u00f3 que la trazabilidad de los residuos, es decir el seguimiento al destino final de los materiales en lugares adecuados, estar\u00e1 a cargo de un gestor autorizado; as\u00ed como la expedici\u00f3n de certificaciones ambientales de los productos, que garantizan un manejo adecuado y verificable, tanto por el ente productor como por las autoridades. Tambi\u00e9n aclar\u00f3 que esta acci\u00f3n no trae ning\u00fan costo a la Provincia y que los fondos que se obtengan de la venta de la chatarra volver\u00e1n a las arcas provinciales.<\/p>\n\n\n\n<figure class=\"wp-block-image\"><img decoding=\"async\" src=\"https:\/\/media.diariouno.com.ar\/p\/259386ef90cf8809ebbb7cdcd7f86a66\/adjuntos\/298\/imagenes\/009\/292\/0009292646\/1200x0\/smart\/chatarra-san-agustin-2jpg.jpg\" alt=\"Compactaci\u00f3n de chatarra en San Agust\u00edn.\" title=\"Compactaci\u00f3n de chatarra en San Agust\u00edn.\"\/><\/figure>\n\n\n\n<p>Compactaci\u00f3n de chatarra en San Agust\u00edn.<\/p>\n\n\n\n<p>Fuente\/ Ministerio de Gobierno<\/p>\n\n\n\n<p>Este proceso comenz\u00f3 a gestarse con el decreto 2243\/2023, cuando el intenso vientos zonda de setiembre pasado provoc\u00f3 importantes incendios en el lugar. Con esta norma, el<strong>&nbsp;Ejecutivo Provincial declar\u00f3 el Estado de Emergencia Ambiental y Habitacional<\/strong>, donde se estableci\u00f3&nbsp;<strong>la urgencia y la necesidad de iniciar el procedimiento de compactaci\u00f3n y disposici\u00f3n final de los residuos<\/strong>, como medida de protecci\u00f3n de la salud de la poblaci\u00f3n cercana y de eliminar ese pasivo ambiental.<\/p>\n\n\n\n<p>Ante esto, la ministra aclar\u00f3 que esta medida cuenta con la intervenci\u00f3n de la Direcci\u00f3n de Protecci\u00f3n Ambiental, dependiente del Ministerio de Ambiente y Energ\u00eda.<\/p>\n\n\n\n<p>Por su parte, el Gobernador coment\u00f3 que el acero que se encuentra en San Agust\u00edn\u00a0<strong>\u201cest\u00e1 de alguna forma contaminando, generando obstrucciones, y problemas de inseguridad, por lo cual ser\u00e1 reutilizado. Esta decisi\u00f3n es ambientalmente muy positiva y, por supuesto, para la mejor utilizaci\u00f3n de estas cosas<\/strong>\u201d.<\/p>\n\n\n\n<p><strong>Fuente: www.diariouno.com.ar<\/strong><\/p>\n","protected":false},"excerpt":{"rendered":"<p>El gobernador\u00a0Alfredo Cornejo\u00a0adelant\u00f3 que impulsa una reforma en el sistema de secuestros de veh\u00edculos, con el\u00a0objetivo de que no se produzca la acumulaci\u00f3n de chatarra por a\u00f1os,\u00a0sin que sus propietarios resuelvan su situaci\u00f3n con la Justicia. Por tal raz\u00f3n,\u00a0actualizar\u00e1n los costos de bodegaje y se agilizar\u00e1n los remates,\u00a0gracias al aval de una acordada de la [&hellip;]<\/p>\n","protected":false},"author":2,"featured_media":5289,"comment_status":"open","ping_status":"open","sticky":false,"template":"","format":"standard","meta":[],"categories":[50],"tags":[],"_links":{"self":[{"href":"https:\/\/pasaenmendoza.com\/index.php?rest_route=\/wp\/v2\/posts\/5288"}],"collection":[{"href":"https:\/\/pasaenmendoza.com\/index.php?rest_route=\/wp\/v2\/posts"}],"about":[{"href":"https:\/\/pasaenmendoza.com\/index.php?rest_route=\/wp\/v2\/types\/post"}],"author":[{"embeddable":true,"href":"https:\/\/pasaenmendoza.com\/index.php?rest_route=\/wp\/v2\/users\/2"}],"replies":[{"embeddable":true,"href":"https:\/\/pasaenmendoza.com\/index.php?rest_route=%2Fwp%2Fv2%2Fcomments&post=5288"}],"version-history":[{"count":1,"href":"https:\/\/pasaenmendoza.com\/index.php?rest_route=\/wp\/v2\/posts\/5288\/revisions"}],"predecessor-version":[{"id":5290,"href":"https:\/\/pasaenmendoza.com\/index.php?rest_route=\/wp\/v2\/posts\/5288\/revisions\/5290"}],"wp:featuredmedia":[{"embeddable":true,"href":"https:\/\/pasaenmendoza.com\/index.php?rest_route=\/wp\/v2\/media\/5289"}],"wp:attachment":[{"href":"https:\/\/pasaenmendoza.com\/index.php?rest_route=%2Fwp%2Fv2%2Fmedia&parent=5288"}],"wp:term":[{"taxonomy":"category","embeddable":true,"href":"https:\/\/pasaenmendoza.com\/index.php?rest_route=%2Fwp%2Fv2%2Fcategories&post=5288"},{"taxonomy":"post_tag","embeddable":true,"href":"https:\/\/pasaenmendoza.com\/index.php?rest_route=%2Fwp%2Fv2%2Ftags&post=5288"}],"curies":[{"name":"wp","href":"https:\/\/api.w.org\/{rel}","templated":true}]}}