{"id":5291,"date":"2024-02-09T14:10:24","date_gmt":"2024-02-09T13:10:24","guid":{"rendered":"https:\/\/pasaenmendoza.com\/?p=5291"},"modified":"2024-02-09T14:10:26","modified_gmt":"2024-02-09T13:10:26","slug":"mendoza-proyecta-una-ocupacion-del-70-durante-el-fin-de-semana-xxl-de-carnaval","status":"publish","type":"post","link":"https:\/\/pasaenmendoza.com\/?p=5291","title":{"rendered":"Mendoza proyecta una ocupaci\u00f3n del 70% durante el fin de semana XXL de carnaval"},"content":{"rendered":"\n<p>El&nbsp;<strong>Ente Mendoza Turismo (Emetur)&nbsp;<\/strong>proyecta que la ocupaci\u00f3n hotelera en la provincia promediar\u00e1 un 70% durante los feriados de carnaval.<\/p>\n\n\n\n<p><em>\u201cLas expectativas para el fin de semana de carnaval son buenas. Estamos en un 70 a 72% de proyecci\u00f3n de ocupaci\u00f3n\u201d<\/em>, dijo la directora de Promoci\u00f3n Tur\u00edstica del Emetur,&nbsp;<strong>Cristina Mengarelli<\/strong>.<\/p>\n\n\n\n<p>La funcionaria a\u00f1adi\u00f3 que se basan en un informe realizado por el Observatorio de Turismo del Emetur, el cual resalt\u00f3 que \u201cel n\u00famero de consultas y reservas que se han ido generando en todos los tipos de alojamiento de la provincia\u201d.<\/p>\n\n\n\n<p>A\u00f1adi\u00f3 que en Mendoza el 79% del turismo receptivo es nacional, con&nbsp;<strong>Buenos Aires<\/strong>,&nbsp;<strong>C\u00f3rdoba&nbsp;<\/strong>y&nbsp;<strong>Santa Fe&nbsp;<\/strong>como los principales distritos emisores, y un 21% extranjero, principalmente proveniente de&nbsp;<strong>Chile&nbsp;<\/strong>y&nbsp;<strong>Brasil<\/strong>.<\/p>\n\n\n\n<p>Entre los destinos m\u00e1s elegidos, Mengarilli mencion\u00f3 los ubicados cerca del agua y la naturaleza, como\u00a0<strong>Potrerillos\u00a0<\/strong>y\u00a0<strong>Cacheuta<\/strong>, y en el sur mendocino, entre ellos Valle Grande y Ca\u00f1\u00f3n del Atuel.<\/p>\n\n\n\n<p>Adem\u00e1s, este fin de semana de\u00a0<strong>Carnaval\u00a0<\/strong>se llevar\u00e1n a cabo en la provincia importantes festivales musicales como\u00a0<strong>Maal Max<\/strong>\u00a0en Las Compuertas,\u00a0<strong>Moonfest\u00a0<\/strong>y\u00a0<strong>Las Palapas\u00a0<\/strong>en Potrerillos con la presencia de artistas internacionales y una enorme convocatoria de mendocinos y turistas para la ocasi\u00f3n.<\/p>\n\n\n\n<p><em>\u201cEs un fin de semana en el que se han generado muchas actividades. Estamos con fiestas vendimiales en los departamentos y una agenda cultural bastante nutrida para el fin de semana\u201d<\/em>, anticip\u00f3 Mengarelli.<\/p>\n\n\n\n<p>Entre las actividades, la funcionaria destac\u00f3 adem\u00e1s las celebraciones por los 110 a\u00f1os del monumento ubicado en el Cerro de la Gloria y \u201cVino Blues\u201d, una propuesta que conjuga la bebida nacional y la m\u00fasica.<\/p>\n\n\n\n<p>El lunes 12, el emblem\u00e1tico monumento cumple a\u00f1os y mendocinos y turistas podr\u00e1n disfrutar de un espect\u00e1culo de gran nivel, que recordar\u00e1 la Gesta Sanmartiniana.<\/p>\n\n\n\n<p>El conjunto escult\u00f3rico del Cerro de la Gloria, de 16 metros de altura y realizado en bronce, fue fundido en el Arsenal de Guerra de la Naci\u00f3n, y es obra del escultor uruguayo Juan M. Ferrari (1874-1916), quien efectu\u00f3 un minucioso estudio de las costumbres de la \u00e9poca sanmartiniana.<\/p>\n\n\n\n<p>En tanto, Vino Blues es una de las nuevas propuestas que tiene la provincia para disfrutar del arte y una experiencia relacionada al enoturismo y este s\u00e1bado y domingo, desde las 21.30, en la Plaza del Vino (Peltier 611, de la ciudad de Mendoza), se presentar\u00e1n destacados m\u00fasicos locales y habr\u00e1 degustaci\u00f3n de vinos mendocinos.<\/p>\n\n\n\n<p><strong>Fuente: www.elsol.com.ar<\/strong><\/p>\n","protected":false},"excerpt":{"rendered":"<p>El&nbsp;Ente Mendoza Turismo (Emetur)&nbsp;proyecta que la ocupaci\u00f3n hotelera en la provincia promediar\u00e1 un 70% durante los feriados de carnaval. \u201cLas expectativas para el fin de semana de carnaval son buenas. Estamos en un 70 a 72% de proyecci\u00f3n de ocupaci\u00f3n\u201d, dijo la directora de Promoci\u00f3n Tur\u00edstica del Emetur,&nbsp;Cristina Mengarelli. La funcionaria a\u00f1adi\u00f3 que se basan [&hellip;]<\/p>\n","protected":false},"author":2,"featured_media":5292,"comment_status":"open","ping_status":"open","sticky":false,"template":"","format":"standard","meta":[],"categories":[64],"tags":[],"_links":{"self":[{"href":"https:\/\/pasaenmendoza.com\/index.php?rest_route=\/wp\/v2\/posts\/5291"}],"collection":[{"href":"https:\/\/pasaenmendoza.com\/index.php?rest_route=\/wp\/v2\/posts"}],"about":[{"href":"https:\/\/pasaenmendoza.com\/index.php?rest_route=\/wp\/v2\/types\/post"}],"author":[{"embeddable":true,"href":"https:\/\/pasaenmendoza.com\/index.php?rest_route=\/wp\/v2\/users\/2"}],"replies":[{"embeddable":true,"href":"https:\/\/pasaenmendoza.com\/index.php?rest_route=%2Fwp%2Fv2%2Fcomments&post=5291"}],"version-history":[{"count":1,"href":"https:\/\/pasaenmendoza.com\/index.php?rest_route=\/wp\/v2\/posts\/5291\/revisions"}],"predecessor-version":[{"id":5293,"href":"https:\/\/pasaenmendoza.com\/index.php?rest_route=\/wp\/v2\/posts\/5291\/revisions\/5293"}],"wp:featuredmedia":[{"embeddable":true,"href":"https:\/\/pasaenmendoza.com\/index.php?rest_route=\/wp\/v2\/media\/5292"}],"wp:attachment":[{"href":"https:\/\/pasaenmendoza.com\/index.php?rest_route=%2Fwp%2Fv2%2Fmedia&parent=5291"}],"wp:term":[{"taxonomy":"category","embeddable":true,"href":"https:\/\/pasaenmendoza.com\/index.php?rest_route=%2Fwp%2Fv2%2Fcategories&post=5291"},{"taxonomy":"post_tag","embeddable":true,"href":"https:\/\/pasaenmendoza.com\/index.php?rest_route=%2Fwp%2Fv2%2Ftags&post=5291"}],"curies":[{"name":"wp","href":"https:\/\/api.w.org\/{rel}","templated":true}]}}