{"id":5294,"date":"2024-02-09T14:22:21","date_gmt":"2024-02-09T13:22:21","guid":{"rendered":"https:\/\/pasaenmendoza.com\/?p=5294"},"modified":"2024-02-09T14:22:22","modified_gmt":"2024-02-09T13:22:22","slug":"la-preocupacion-de-ampros-ante-el-aumento-de-la-demanda-en-hospitales-publicos","status":"publish","type":"post","link":"https:\/\/pasaenmendoza.com\/?p=5294","title":{"rendered":"La preocupaci\u00f3n de Ampros ante el aumento de la demanda en hospitales p\u00fablicos"},"content":{"rendered":"\n<p>Mientras el gremio de los\u00a0<strong>profesionales de la salud de Mendoza<\/strong>\u00a0se prepara para analizar y responder una propuesta paritaria del Gobierno de Mendoza en medio de las negociaciones, hubo respuestas por parte del sector luego de que en el\u00a0<strong>Gobierno\u00a0<\/strong>aseguraran que el sistema p\u00fablico est\u00e1 preparado para asumir la demanda en los hospitales producto de la crisis en el sector privado. Apuntan a la demora en la atenci\u00f3n.<\/p>\n\n\n\n<p>Concretamente fue el director de Hospitales, Jorge P\u00e9rez, afirm\u00f3 que en algunos efectores el incremento fue del 5% y en otros, como m\u00e1ximo del 15%, lo que no ha afectado el normal funcionamiento de los servicios.&nbsp;&#8220;El&nbsp;<strong>Ministerio de Salud<\/strong>&nbsp;y Deportes afirma que el impacto de la crisis econ\u00f3mica en el sector p\u00fablico de Mendoza est\u00e1 influyendo en la migraci\u00f3n de personas que no pueden acceder al sector privado al sector p\u00fablico, aunque esta situaci\u00f3n no ha repercutido significativamente. Tambi\u00e9n, se est\u00e1 observando que la poblaci\u00f3n no duda en elegir el subsector dado que la salud p\u00fablica mendocina, siempre ha sido de excelencia&#8221;, indicaron oficialmente desde el Gobierno.<\/p>\n\n\n\n<p>El\u00a0<strong>director de Hospitales<\/strong>\u00a0afirm\u00f3 que el sistema p\u00fablico est\u00e1 en condiciones de responder a la demanda tanto en este momento, como tambi\u00e9n en la temporada de enfermedades respiratorias.<\/p>\n\n\n\n<p>D\u00edas m\u00e1s tarde, en medio de la negociaci\u00f3n paritaria,\u00a0<strong>Claudia Iturbe<\/strong>\u00a0contest\u00f3 a los dichos del funcionario &#8220;No hay soluciones para aquellos que esperan seis o siete meses para ir al otorrino. No hay turnos para neur\u00f3logos en el sector p\u00fablico, no sabemos qu\u00e9 va a pasar con la gente que se va a volcar toda a las guardias p\u00fablicas y c\u00f3mo les daremos atenci\u00f3n de calidad. Habr\u00eda que ir al hall de los hospitales a preguntar hace cu\u00e1nto que la gente que est\u00e1 ah\u00ed pidi\u00f3 turno&#8221;, dispar\u00f3 la titular de\u00a0<strong>Ampros<\/strong>.<\/p>\n\n\n\n<p>Y sum\u00f3: &#8220;Hoy, en verano, las guardias est\u00e1n funcionando. Pero cuando esta demanda crezca con las enfermedades estivales vamos a ver cu\u00e1ntas horas tienen que esperar en la guardia. Nos informan a nosotros que la gente va con anginas y que en el Lencinas o en el Central los tienen un d\u00eda para atenderlos y que cuando los van a atender no tienen penicilina, por ejemplo. Hay que hablar con la gente que sufre en la espera. Dicen que el sistema est\u00e1 preparado para atender en guardia, si seguro, pero en 15 horas&#8221;.<\/p>\n\n\n\n<p>&#8220;No se est\u00e1 accediendo a la salud a tiempo. Preocupa el c\u00f3mo impacta no llegar a tiempo para el paciente&#8221;, remat\u00f3 la secretaria general de Ampros ante la consulta de este medio al respecto.<\/p>\n\n\n\n<p><strong>Fuente: www.mdzol.com<\/strong><\/p>\n","protected":false},"excerpt":{"rendered":"<p>Mientras el gremio de los\u00a0profesionales de la salud de Mendoza\u00a0se prepara para analizar y responder una propuesta paritaria del Gobierno de Mendoza en medio de las negociaciones, hubo respuestas por parte del sector luego de que en el\u00a0Gobierno\u00a0aseguraran que el sistema p\u00fablico est\u00e1 preparado para asumir la demanda en los hospitales producto de la crisis [&hellip;]<\/p>\n","protected":false},"author":2,"featured_media":5295,"comment_status":"open","ping_status":"open","sticky":false,"template":"","format":"standard","meta":[],"categories":[58],"tags":[],"_links":{"self":[{"href":"https:\/\/pasaenmendoza.com\/index.php?rest_route=\/wp\/v2\/posts\/5294"}],"collection":[{"href":"https:\/\/pasaenmendoza.com\/index.php?rest_route=\/wp\/v2\/posts"}],"about":[{"href":"https:\/\/pasaenmendoza.com\/index.php?rest_route=\/wp\/v2\/types\/post"}],"author":[{"embeddable":true,"href":"https:\/\/pasaenmendoza.com\/index.php?rest_route=\/wp\/v2\/users\/2"}],"replies":[{"embeddable":true,"href":"https:\/\/pasaenmendoza.com\/index.php?rest_route=%2Fwp%2Fv2%2Fcomments&post=5294"}],"version-history":[{"count":1,"href":"https:\/\/pasaenmendoza.com\/index.php?rest_route=\/wp\/v2\/posts\/5294\/revisions"}],"predecessor-version":[{"id":5296,"href":"https:\/\/pasaenmendoza.com\/index.php?rest_route=\/wp\/v2\/posts\/5294\/revisions\/5296"}],"wp:featuredmedia":[{"embeddable":true,"href":"https:\/\/pasaenmendoza.com\/index.php?rest_route=\/wp\/v2\/media\/5295"}],"wp:attachment":[{"href":"https:\/\/pasaenmendoza.com\/index.php?rest_route=%2Fwp%2Fv2%2Fmedia&parent=5294"}],"wp:term":[{"taxonomy":"category","embeddable":true,"href":"https:\/\/pasaenmendoza.com\/index.php?rest_route=%2Fwp%2Fv2%2Fcategories&post=5294"},{"taxonomy":"post_tag","embeddable":true,"href":"https:\/\/pasaenmendoza.com\/index.php?rest_route=%2Fwp%2Fv2%2Ftags&post=5294"}],"curies":[{"name":"wp","href":"https:\/\/api.w.org\/{rel}","templated":true}]}}