{"id":5297,"date":"2024-02-14T12:51:53","date_gmt":"2024-02-14T11:51:53","guid":{"rendered":"https:\/\/pasaenmendoza.com\/?p=5297"},"modified":"2024-02-14T12:51:55","modified_gmt":"2024-02-14T11:51:55","slug":"futuro-laboral-asegurado-los-funcionarios-que-reservan-un-cargo-en-la-camara-de-diputados","status":"publish","type":"post","link":"https:\/\/pasaenmendoza.com\/?p=5297","title":{"rendered":"Futuro laboral asegurado: los funcionarios que reservan un cargo en la C\u00e1mara de Diputados"},"content":{"rendered":"\n<p>En la C\u00e1mara Baja hay 12 los empleados que cuentan con una reserva de empleo. Entre ellos figuran actuales legisladores, concejales y otros funcionarios.<\/p>\n\n\n\n<p>El pa\u00eds y la provincia atraviesan tiempos complejos en los que miles de trabajadores tienen incertidumbre sobre su futuro laboral, ya sea por la posibilidad de perder su trabajo o por las dificultades para conseguir un nuevo empleo. En este contexto de crisis, hay algunos privilegiados que no tienen esta inquietud como los funcionarios p\u00fablicos que tienen\u00a0<strong>reservado un cargo<\/strong>\u00a0de planta permanente en el Estado.<\/p>\n\n\n\n<p>El universo de\u00a0<strong>cargos reservados<\/strong>\u00a0abarca a todas las dependencias p\u00fablicas, tanto ministerios y dependencias del Ejecutivo, como entes descentralizados, municipalidades y tambi\u00e9n a ambas c\u00e1maras de la Legislatura provincial.<\/p>\n\n\n\n<p>Hace un mes trascendi\u00f3 que un exfuncionario de Las Heras implicado en la causa que investiga un supuesto fraude con cooperativas se reincorpor\u00f3 a fin de a\u00f1o al Senado provincial, ya que contaba con un&nbsp;<strong>cargo reservado<\/strong>&nbsp;desde hac\u00eda 38 a\u00f1os. Sin embargo, no se trata del \u00fanico caso en la Casa de las Leyes.<\/p>\n\n\n\n<p>A trav\u00e9s de un pedido de acceso a la informaci\u00f3n p\u00fablica, desde la C\u00e1mara de Diputados respondieron con celeridad que son 12 los empleados de ese cuerpo legislativo que tienen\u00a0<strong>cargo reservado<\/strong>, de un total de casi 500 empleados entre efectivos y temporarios. En tanto, el Senado todav\u00eda no contest\u00f3 el requerimiento.<\/p>\n\n\n\n<p>En el listado del personal de la C\u00e1mara Baja con reserva de empleo aparecen varios nombres conocidos. Figuran actuales legisladores, concejales y funcionarios de otras dependencias p\u00fablicas.<\/p>\n\n\n\n<p>Los&nbsp;<strong>cargos reservados&nbsp;<\/strong>est\u00e1n contemplados en la Ley provincial N\u00ba 5811. El art\u00edculo 61 de esa norma establece que &#8220;el agente tendr\u00e1 derecho a que se le reserve su empleo, sin retribuci\u00f3n, cuando desempe\u00f1e una representaci\u00f3n gremial, pol\u00edtica o ejerza un cargo de mayor jerarqu\u00eda en las administraciones p\u00fablicas nacional, provincial o municipal&#8221;.<\/p>\n\n\n\n<p>El objetivo de la iniciativa era que un profesional que se desempe\u00f1a en la planta estatal y que eventualmente acced\u00eda a ser funcionario, una vez cumplido el mandato pudiera regresar a sus funciones originales. No obstante, con el paso del tiempo algunos dirigentes pol\u00edticos radicales y peronistas han aprovechado la figura legal para desarrollar su carrera pol\u00edtica con la garant\u00eda de conservar un cargo de planta.<\/p>\n\n\n\n<h2 class=\"wp-block-heading\">Los nombres de los cargos reservados de la C\u00e1mara de Diputados<\/h2>\n\n\n\n<p>Entre los 12 empleados con reserva de empleo de la C\u00e1mara de Diputados aparecen dos legisladores radicales. Uno de ellos es el diputado recientemente asumido en noviembre por Cambia Mendoza,\u00a0<strong>Alberto Esteban L\u00f3pez<\/strong>, y otra es la senadora\u00a0<strong>\u00c1ngela Floridia<\/strong>, hist\u00f3rica dirigente de la UCR provincial y que ocupa una banca en la C\u00e1mara Alta\u00a0desde el 2022.<\/p>\n\n\n\n<p>A su vez, tambi\u00e9n se encuentran la misma situaci\u00f3n la concejal de la UCR de Las Heras,&nbsp;<strong>Noelia Bel\u00e9n Delpir<\/strong>, y el edil tambi\u00e9n radical pero de San Mart\u00edn,&nbsp;<strong>N\u00e9stor Tuseddo<\/strong>, quien ven\u00eda de desempe\u00f1arse como director de Inspecci\u00f3n, Comercio e Industria del municipio del Este.<\/p>\n\n\n\n<p>Otro actual funcionario municipal que tiene un cargo guardado en la Legislatura es\u00a0<strong>Julio Ernesto Daher<\/strong>, recientemente designado como director de Turismo de Las Heras y exsecretario de Extensi\u00f3n de la Universidad Nacional de Cuyo (UNCuyo) en la era del ex rector Daniel Pizzi.<\/p>\n\n\n\n<p>Tambi\u00e9n tiene un empleo en reserva&nbsp;<strong>Carolina Lettry<\/strong>, la secretaria Legislativa de la C\u00e1mara de Diputados durante las \u00faltimas gestiones.<\/p>\n\n\n\n<p>En tanto, otro nombre que figura en le listado es el de&nbsp;<strong>Guillermo Eduardo Buchin<\/strong>, contador y actual director de Administraci\u00f3n del Tribunal de Cuentas, organismo que est\u00e1 presidido por el radical N\u00e9stor Par\u00e9s, ex presidente de la C\u00e1mara de Diputados.<\/p>\n\n\n\n<p>A su vez, dos dirigentes sindicales est\u00e1n en la n\u00f3mina. Se trata de&nbsp;<strong>Jos\u00e9 Gustavo Allub<\/strong>, secretario gremial de UPCN Seccional Mendoza, y&nbsp;<strong>Cristian Rodrigo Villegas<\/strong>, secretario general de APEL y quien fuera encargado de Servicios Generales de la C\u00e1mara de Diputados.<\/p>\n\n\n\n<p>Completan la docena de nombres Diego&nbsp;<strong>Alejandro Cardozo<\/strong>;<strong>&nbsp;Juan Pablo Lorca<\/strong>; y<strong>&nbsp;Diego Hugo Zacca<\/strong>, un dirigente peronista oriundo del Este y colaborador cercano del ex presidente de la C\u00e1mara de Diputados peronista, Jorge Tan\u00fas.<\/p>\n\n\n\n<p>Por otra parte, desde la C\u00e1mara Baja informaron tambi\u00e9n que hay otros cinco empleados legislativos se encuentran adscriptos. Sus nombres son Sergio Manuel Pinhal, Rosa Ana Vaccari, Daiana Ayel\u00e9n Boreiro, Leonardo Fabi\u00e1n Salas y Juan Jos\u00e9 Torres. Algunos de ellos son j\u00f3venes que ingresaron hace un pu\u00f1ado de a\u00f1os a planta permanente y otros tienen una trayectoria de d\u00e9cadas en la Casa de las Leyes.<\/p>\n\n\n\n<p>FUENTE: MDZonline.<\/p>\n\n\n\n<p><\/p>\n","protected":false},"excerpt":{"rendered":"<p>En la C\u00e1mara Baja hay 12 los empleados que cuentan con una reserva de empleo. Entre ellos figuran actuales legisladores, concejales y otros funcionarios. El pa\u00eds y la provincia atraviesan tiempos complejos en los que miles de trabajadores tienen incertidumbre sobre su futuro laboral, ya sea por la posibilidad de perder su trabajo o por [&hellip;]<\/p>\n","protected":false},"author":2,"featured_media":5298,"comment_status":"open","ping_status":"open","sticky":true,"template":"","format":"standard","meta":[],"categories":[47],"tags":[],"_links":{"self":[{"href":"https:\/\/pasaenmendoza.com\/index.php?rest_route=\/wp\/v2\/posts\/5297"}],"collection":[{"href":"https:\/\/pasaenmendoza.com\/index.php?rest_route=\/wp\/v2\/posts"}],"about":[{"href":"https:\/\/pasaenmendoza.com\/index.php?rest_route=\/wp\/v2\/types\/post"}],"author":[{"embeddable":true,"href":"https:\/\/pasaenmendoza.com\/index.php?rest_route=\/wp\/v2\/users\/2"}],"replies":[{"embeddable":true,"href":"https:\/\/pasaenmendoza.com\/index.php?rest_route=%2Fwp%2Fv2%2Fcomments&post=5297"}],"version-history":[{"count":1,"href":"https:\/\/pasaenmendoza.com\/index.php?rest_route=\/wp\/v2\/posts\/5297\/revisions"}],"predecessor-version":[{"id":5299,"href":"https:\/\/pasaenmendoza.com\/index.php?rest_route=\/wp\/v2\/posts\/5297\/revisions\/5299"}],"wp:featuredmedia":[{"embeddable":true,"href":"https:\/\/pasaenmendoza.com\/index.php?rest_route=\/wp\/v2\/media\/5298"}],"wp:attachment":[{"href":"https:\/\/pasaenmendoza.com\/index.php?rest_route=%2Fwp%2Fv2%2Fmedia&parent=5297"}],"wp:term":[{"taxonomy":"category","embeddable":true,"href":"https:\/\/pasaenmendoza.com\/index.php?rest_route=%2Fwp%2Fv2%2Fcategories&post=5297"},{"taxonomy":"post_tag","embeddable":true,"href":"https:\/\/pasaenmendoza.com\/index.php?rest_route=%2Fwp%2Fv2%2Ftags&post=5297"}],"curies":[{"name":"wp","href":"https:\/\/api.w.org\/{rel}","templated":true}]}}