{"id":5300,"date":"2024-02-14T12:55:34","date_gmt":"2024-02-14T11:55:34","guid":{"rendered":"https:\/\/pasaenmendoza.com\/?p=5300"},"modified":"2024-02-14T12:55:36","modified_gmt":"2024-02-14T11:55:36","slug":"boletin-oficial-confirmaciones-renuncias-y-la-designacion-de-un-historico-aliado-de-cambia-mendoza","status":"publish","type":"post","link":"https:\/\/pasaenmendoza.com\/?p=5300","title":{"rendered":"Bolet\u00edn Oficial: confirmaciones, renuncias y la designaci\u00f3n de un hist\u00f3rico aliado de Cambia Mendoza"},"content":{"rendered":"\n<p>Se trata de Ernesto Mancinelli de Libres del Sur, que formar\u00e1 parte del gabinete del superministerio de Natalio Mema.<\/p>\n\n\n\n<p>La vuelta del feriado largo del carnaval trajo la oficializaci\u00f3n de nuevas autoridades en el Gobierno de&nbsp;<strong>Alfredo Cornejo<\/strong>, como tambi\u00e9n la renuncia de otros funcionarios.<\/p>\n\n\n\n<p>Entre los nombres m\u00e1s resonantes se encuentra la de&nbsp;<strong>Ernesto Mancinelli<\/strong>, l\u00edder de&nbsp;<strong>Libre del Sur&nbsp;<\/strong>y aliado desde el 2015 de&nbsp;<strong>Cambia Mendoza<\/strong>, que fue anunciado en la cartera que conduce Natalio Mema.<\/p>\n\n\n\n<p>En total, en el Bolet\u00edn Oficial de este mi\u00e9rcoles se publicaron cinco decretos de renuncias, dos de confirmaciones y dos de designaciones.<\/p>\n\n\n\n<h2 class=\"wp-block-heading\" id=\"h-las-renuncias\">Las renuncias<\/h2>\n\n\n\n<ul>\n<li><strong>Carlos Segura<\/strong>&nbsp;como subsecretario de Trabajo y Empleo del ex Ministerio de Gobierno, Trabajo y Justicia.&nbsp;<em>(Decreto 45)<\/em><\/li>\n\n\n\n<li><strong>Rodrigo Facundo Herrera<\/strong>&nbsp;como director de Relaciones Individuales de la Subsecretar\u00eda de Trabajo y Empleo del Ministerio de Gobierno, Trabajo y Justicia.&nbsp;<em>(Decreto 49)<\/em><\/li>\n\n\n\n<li><strong>Diego Arenas<\/strong>&nbsp;como director del Organismo T\u00e9cnico Criminol\u00f3gico del Ministerio de Seguridad y Justicia.&nbsp;<em>(Decreto 224)<\/em><\/li>\n\n\n\n<li><strong>Sebasti\u00e1n Boulin<\/strong>&nbsp;como director de Asuntos Jur\u00eddicos de la Direcci\u00f3n General de Escuelas.&nbsp;<em>(Decreto 3177)<\/em><\/li>\n\n\n\n<li><strong>Gabriel Sciola<\/strong>&nbsp;como subsecretario de Administraci\u00f3n de la Direcci\u00f3n General de Escuelas.&nbsp;<em>(Decreto 3178)<\/em><\/li>\n<\/ul>\n\n\n\n<h2 class=\"wp-block-heading\" id=\"h-las-confirmaciones\">Las confirmaciones<\/h2>\n\n\n\n<ul>\n<li><strong>Priscila Segura<\/strong>&nbsp;como directora de Contingencias dependiente de la Direcci\u00f3n General de Desarrollo Comunitario del Ministerio de Gobierno, Infraestructura y Desarrollo Territorial.&nbsp;<em>(Decreto 151)<\/em><\/li>\n\n\n\n<li><strong>Sergio Moralejo<\/strong>&nbsp;como subsecretario de Agricultura y Ganader\u00eda del Ministerio de Producci\u00f3n.&nbsp;<em>(Decreto 209)<\/em><\/li>\n<\/ul>\n\n\n\n<h2 class=\"wp-block-heading\" id=\"h-las-designaciones\">Las designaciones<\/h2>\n\n\n\n<ul>\n<li><strong>Ernesto Mancinelli<\/strong>&nbsp;como director General de Desarrollo Comunitario del Ministerio de Gobierno, Infraestructura y Desarrollo Territorial.&nbsp;<em>(Decreto 177)<\/em><\/li>\n\n\n\n<li><strong>Roberto R\u00edos<\/strong>\u00a0como director Provincial de Ganader\u00eda del Ministerio de Producci\u00f3n.\u00a0<em>(Decreto 212)<\/em><\/li>\n\n\n\n<li>FUENTE: Elsol.com.ar <\/li>\n<\/ul>\n","protected":false},"excerpt":{"rendered":"<p>Se trata de Ernesto Mancinelli de Libres del Sur, que formar\u00e1 parte del gabinete del superministerio de Natalio Mema. La vuelta del feriado largo del carnaval trajo la oficializaci\u00f3n de nuevas autoridades en el Gobierno de&nbsp;Alfredo Cornejo, como tambi\u00e9n la renuncia de otros funcionarios. Entre los nombres m\u00e1s resonantes se encuentra la de&nbsp;Ernesto Mancinelli, l\u00edder [&hellip;]<\/p>\n","protected":false},"author":2,"featured_media":5301,"comment_status":"open","ping_status":"open","sticky":true,"template":"","format":"standard","meta":[],"categories":[47],"tags":[],"_links":{"self":[{"href":"https:\/\/pasaenmendoza.com\/index.php?rest_route=\/wp\/v2\/posts\/5300"}],"collection":[{"href":"https:\/\/pasaenmendoza.com\/index.php?rest_route=\/wp\/v2\/posts"}],"about":[{"href":"https:\/\/pasaenmendoza.com\/index.php?rest_route=\/wp\/v2\/types\/post"}],"author":[{"embeddable":true,"href":"https:\/\/pasaenmendoza.com\/index.php?rest_route=\/wp\/v2\/users\/2"}],"replies":[{"embeddable":true,"href":"https:\/\/pasaenmendoza.com\/index.php?rest_route=%2Fwp%2Fv2%2Fcomments&post=5300"}],"version-history":[{"count":1,"href":"https:\/\/pasaenmendoza.com\/index.php?rest_route=\/wp\/v2\/posts\/5300\/revisions"}],"predecessor-version":[{"id":5302,"href":"https:\/\/pasaenmendoza.com\/index.php?rest_route=\/wp\/v2\/posts\/5300\/revisions\/5302"}],"wp:featuredmedia":[{"embeddable":true,"href":"https:\/\/pasaenmendoza.com\/index.php?rest_route=\/wp\/v2\/media\/5301"}],"wp:attachment":[{"href":"https:\/\/pasaenmendoza.com\/index.php?rest_route=%2Fwp%2Fv2%2Fmedia&parent=5300"}],"wp:term":[{"taxonomy":"category","embeddable":true,"href":"https:\/\/pasaenmendoza.com\/index.php?rest_route=%2Fwp%2Fv2%2Fcategories&post=5300"},{"taxonomy":"post_tag","embeddable":true,"href":"https:\/\/pasaenmendoza.com\/index.php?rest_route=%2Fwp%2Fv2%2Ftags&post=5300"}],"curies":[{"name":"wp","href":"https:\/\/api.w.org\/{rel}","templated":true}]}}