{"id":5303,"date":"2024-02-14T13:03:38","date_gmt":"2024-02-14T12:03:38","guid":{"rendered":"https:\/\/pasaenmendoza.com\/?p=5303"},"modified":"2024-02-14T13:03:39","modified_gmt":"2024-02-14T12:03:39","slug":"mas-peronistas-reciclados-y-la-pelea-de-intendentes-por-la-guita","status":"publish","type":"post","link":"https:\/\/pasaenmendoza.com\/?p=5303","title":{"rendered":"M\u00e1s peronistas &#8220;reciclados&#8221; y la pelea de intendentes por la guita"},"content":{"rendered":"\n<p>El reencuentro de los amigos se demor\u00f3 un poco m\u00e1s de lo previsto: al Ruso no le alcanz\u00f3 con pasar unos d\u00edas en R\u00edo y sobre la marcha agreg\u00f3 otro destino brasile\u00f1o a sus vacaciones, Pipa, en el nordeste del pa\u00eds, volviendo a Mendoza una semana despu\u00e9s de lo acordado con el Omar, Ludovico y el Flaco Dani, que ya hab\u00edan regresado de Las Catitas (Chile), Vi\u00f1a del Mar y la Rep\u00fablica de San Luis. Tras el retorno de todos, la primera reuni\u00f3n del grupete post-receso se coordin\u00f3 r\u00e1pidamente en el grupo de WhatsApp: almuerzo en T\u00eda Rada a pedido del Ruso, que andaba viendo algunos locales en Paso de los Andes de Godoy Cruz.<\/p>\n\n\n\n<p>-Che, Omar, sos una mentira&#8230; Busqu\u00e9 por todos lados&nbsp;<strong>Las Catitas&nbsp;<\/strong>y no existe. No hay nada de un lugar llamado as\u00ed en&nbsp;<strong>Chile<\/strong>, ni siquiera en Google Maps. \u00bfAd\u00f3nde estuviste? -indag\u00f3 el Flaco Dani, el peronista del grupete, que pas\u00f3 gran parte de sus vacaciones en tierras puntanas buscando el destino de su amigo radical-.<\/p>\n\n\n\n<p>-Yo no miento. Estuve de vacaciones en Las Catitas chilenas con mi esposa. Lo que pasa es que ten\u00e9s que ir atento al camino para encontrarlo.<\/p>\n\n\n\n<p>-\u00bfC\u00f3mo ser\u00eda eso?<\/p>\n\n\n\n<p>-Si vas desde el sur,\u00a0<strong>unos 10 kil\u00f3metros antes de llegar a Maitencillo<\/strong>, a mano derecha est\u00e1 el cartel de Las Catitas. Paramos ah\u00ed porque tenemos un amigo que tiene una casa. La joda es ir todos los d\u00edas a la playa, unos 20 minutos. Es mucho m\u00e1s chico que Las Catitas de Santa Rosa, pero ten\u00e9s el mar ah\u00ed nom\u00e1s.<\/p>\n\n\n\n<p>-Ahhhh, est\u00e1 bien. Le voy a decir a la\u00a0Flor Dest\u00e9fanis\u00a0que firme alg\u00fan convenio de colaboraci\u00f3n o algo as\u00ed. Un intercambio cultural entre habitantes de Catitas Town de todo el mundo mundial&#8230;<\/p>\n\n\n\n<p>-\u00bfY vos Ludovico? \u00bfQu\u00e9 tal Vi\u00f1a del Mar? -le preguntaron al del PRO, mientras empezaban a degustar la mayonesa con pan del bodeg\u00f3n godoicruce\u00f1o.<\/p>\n\n\n\n<p>-Antes de los incendios bien, despu\u00e9s nos asustamos un poquito. Anduve por Re\u00f1aca tambi\u00e9n y les traje &#8220;EL&#8221; dato: las camar\u00f3n queso de Los Rold\u00e1n cada vez m\u00e1s vac\u00edas. Una tragedia. Y despu\u00e9s lo mismo de siempre: para cruzar a Chile est\u00e1s una eternidad, as\u00ed haya una, cuatro o 456 cabinas atendiendo. El chileno que te toma los datos en Libertadores se demora 15 minutos f\u00e1cil, y la fila no avanza m\u00e1s. Y a la vuelta, en Horcones, todo lo contrario. Fijate lo que pas\u00f3 este fin de semana largo: el s\u00e1bado hab\u00eda una demora de 4 horas en Los Libertadores para ir a Chile y para volver a Argentina el lunes, con casi la misma cantidad de gente, en Horcones ten\u00edas apenas una hora de demora.<\/p>\n\n\n\n<p>-S\u00ed, pero ojal\u00e1 los ba\u00f1os en Horcones estuvieran al menos como en Los Libertadores. Siguen siendo un desastre. Ah\u00ed ten\u00e9s un problema de jurisdicci\u00f3n.<\/p>\n\n\n\n<p>-\u00bfC\u00f3mo?<\/p>\n\n\n\n<p>-Como en las pel\u00edculas, cuando llega un polic\u00eda y un agente del FBI, que se pelean por quien es el responsable del \u00e1rea. Bueno, ac\u00e1 lo contrario: entre Naci\u00f3n y Mendoza se pelean por qui\u00e9n NO est\u00e1 a cargo de los ba\u00f1os.<\/p>\n\n\n\n<p>En qu\u00e9 anda el PJ<\/p>\n\n\n\n<p>-Hablando Las Catitas y la Flor Dest\u00e9fanis, \u00bfqui\u00e9n maneja lo que queda del PJ? -pregunt\u00f3 el Omar al Flaco Dani, el peronista de Per\u00f3n-.<\/p>\n\n\n\n<p>-En lo formal, a la Flor, le queda un a\u00f1o como presidenta del partido. Y en lo pr\u00e1ctico, cada sector anda en la suya, por su lado. En ese panorama de dispersi\u00f3n, el&nbsp;<strong>Carlos Ciurca<\/strong>&nbsp;saca provecho y agarra lo poco que hay.<\/p>\n\n\n\n<p>-\u00bfC\u00f3mo ser\u00eda eso?<\/p>\n\n\n\n<p>-Despu\u00e9s de cagarlo al Mart\u00edn Aveiro y sus amigos tunuyaninos, dej\u00e1ndolos sin cargos en la Legislatura, ahora\u00a0<strong>se qued\u00f3 con las pocas vacantes que hab\u00eda<\/strong>: el cargo de secretario de bloque en el Senado, que estaba sin ocupar desde la muerte del Ra\u00fal Maman\u00ed, se lo dio a la\u00a0<strong>Sonia Carmona<\/strong>, que fue diputada y que en el gobierno de Alberto Fern\u00e1ndez ten\u00eda un cargo, v\u00eda Ciurca tambi\u00e9n, en el Centro de Articulaci\u00f3n de Desarrollo Social.<\/p>\n\n\n\n<p>-Hablando del Senado, la han visto a la\u00a0<strong>Mar\u00eda Jos\u00e9 Ubaldini\u00a0<\/strong>dando vueltas por ah\u00ed, una de las senadoras que dej\u00f3 afuera de la Corte a la Miriam Gallardo, que fue funcionaria del Mario Adaro en el gobierno del Celso y que fue candidata a diputada nacional con el mejor jingle de la historia de la pol\u00edtica universal&#8230; \u00bfLe habr\u00e1n dado alg\u00fan cargo ahora? -avis\u00f3 y pregunt\u00f3 el Omar-.<\/p>\n\n\n\n<p>-Me dijeron lo mismo. Ella estaba en el mismo espacio que el Ariel Pringles, que ahora es senador de La Uni\u00f3n Mendocina. Igual pregunt\u00e9 a un par de compa\u00f1eros de la C\u00e1mara y me dijeron que no hay ning\u00fan nombramiento, por ahora&#8230; -respondi\u00f3 el Dani-. Ah, y en diputados lo acomodaron a&nbsp;<strong>Aparicio<\/strong>&nbsp;Jr., el&nbsp;<strong>Gast\u00f3n<\/strong>, el que era concejal en Guaymall\u00e9n. Ahora es secretario de bloque.<\/p>\n\n\n\n<p>-Che, y adem\u00e1s de repartirse cargos, \u00bfest\u00e1n haciendo otra cosa? -se meti\u00f3 Ludovico, el del PRO-.<\/p>\n\n\n\n<p>-Jajaja. \u00bfEn qu\u00e9 partido est\u00e1n haciendo algo? Ni siquiera nos estamos peleando con Cornejo. Fijate que lo m\u00e1s picante desde que asumi\u00f3 fue un cruce m\u00ednimo entre alg\u00fan funcionario provincial con otros de\u00a0<strong>Maip\u00fa<\/strong>\u00a0por la inundaci\u00f3n de hace unas semanas, que ah\u00ed nom\u00e1s se resolvi\u00f3 y de vuelta todos amigos.\u00a0 Hablando del Mat\u00edas, lo trajo de vuelta al\u00a0<strong>Juan Pablo Yapura<\/strong>, ahora como jefe de Gabinete; podr\u00eda haber seguido en Canciller\u00eda incluso en la gesti\u00f3n del Peluca, pero por algo le result\u00f3 m\u00e1s tentador volver.<\/p>\n\n\n\n<p>-La candidatura de&nbsp;<strong>Stevanato<\/strong>&nbsp;en 2027 est\u00e1 m\u00e1s cantada que &#8220;Despacito&#8221; y &#8220;La Morocha&#8221; -se meti\u00f3 Ludovico-. Para m\u00ed tendr\u00eda que hacer la gran De Marchi, pero con buenos modales, como es \u00e9l: evitar confrontar, armar una nueva &#8220;uni\u00f3n mendocina&#8221; con el PJ adentro y meter de todo. Qu\u00e9 s\u00e9 yo, &#8220;al menos as\u00ed lo veo yo&#8221;, dir\u00eda Nimo. Si no el peronismo se va a convertir en el nuevo PD: lo van a usar para debilitar al segundo y ganar elecciones.<\/p>\n\n\n\n<p>-A m\u00ed me llam\u00f3 la atenci\u00f3n c\u00f3mo se empezaron a reactivar muchos partidos y fundaciones que estaban out -sum\u00f3 el Omar-. O sea, partiditos, agrupacioncitas, por todo Mendoza. No s\u00e9 qui\u00e9n estar\u00e1 detr\u00e1s, pero si 2 m\u00e1s 2 sigue dando 4, me parece que alguien se est\u00e1 preparando para los pr\u00f3ximos a\u00f1os.<\/p>\n\n\n\n<p>La foto que habla: los F\u00e9lix, rodeados de radicales<\/p>\n\n\n\n<p>&#8211;<strong>\u00bfY los turcos del sur?<\/strong>\u00a0-pregunt\u00f3 Ludovico, mirando al peronista de la mesa-.<\/p>\n\n\n\n<p>-Como les dije antes: cada sector anda en la suya, y el&nbsp;<strong>Omar<\/strong>&nbsp;y el&nbsp;<strong>Emir<\/strong>&nbsp;no son la excepci\u00f3n. F\u00edjense que el lunes<strong>&nbsp;no fue ning\u00fan otro intendente peronista a la Fiesta de la Vendimia de San Rafael<\/strong>, ni siquiera el&nbsp;<strong>Celso Jaque<\/strong>, que est\u00e1 cerquita.\u00a1Tuvieron que sacarse fotos con los radicales y con la&nbsp;<strong>Hebe Casado<\/strong>, que se cans\u00f3 de criticarlos! -cont\u00f3 el Dani-. Supuestamente si se hac\u00eda el viernes iban a ir algunos y el cambio de fecha por el alerta de tormentas los complic\u00f3, pero los radicales fueron igual. Qu\u00e9 s\u00e9 yo. \u00a1Ah, tambi\u00e9n fue el c\u00f3nsul espa\u00f1ol!<\/p>\n\n\n\n<p>-Entre otros estaba el\u00a0<strong>Peti Lombardi<\/strong>\u00a0-aport\u00f3 el Omar-, porque con \u00e9l hay un v\u00ednculo m\u00e1s all\u00e1 de lo partidario. El Omar F\u00e9lix comparti\u00f3 dos a\u00f1os de gesti\u00f3n con el Peti en la C\u00e1mara de Diputados, y tienen muy buena relaci\u00f3n. Lo mismo pasa entre el Peti y el Edgardo Gonz\u00e1lez, exdiputado y actual intendente de Lavalle.<\/p>\n\n\n\n<p>-Si el Peti tambi\u00e9n es amigo de Gonz\u00e1lez lo hubiera llevado a San Rafael para que haya alg\u00fan peronista.<\/p>\n\n\n\n<p>-Jajaja. Y bueno&#8230; Algunos peronistas hab\u00eda, pero del sector de los F\u00e9lix. Ni siquiera la&nbsp;<strong>Anabel<\/strong>&nbsp;estuvo. Y la \u00fanica legisladora nacional presente era la&nbsp;<strong>Liliana Paponet<\/strong>, dirigente de los F\u00e9lix. Igual me llam\u00f3 la atenci\u00f3n: mucho radical dando vuelta.<\/p>\n\n\n\n<p>-Es que los turcos saben gestionar, son peronistas de bien&#8230; Adem\u00e1s tuvimos otras actividades en San Rafael-revel\u00f3 el Omar, radical del grupo-. El lunes al mediod\u00eda armamos un&nbsp;<strong>almuerzo radical frente a la rotonda del mapa, en &#8220;El Bodeg\u00f3n&#8221;<\/strong>. Ah\u00ed se definieron algunos temas de agenda para el Concejo Deliberante y Legislatura, entre otras cosas, nada muy relevante igual. Estuvieron los principales &#8220;correligionarios&#8221; de San Rafael.<\/p>\n\n\n\n<p>-Mir\u00e1 vos. \u00bfQu\u00e9 dice el<strong>&nbsp;Ernesto Sanz<\/strong>?<\/p>\n\n\n\n<p>-Jajaja. No, bueno, principales dirigentes que ocupan cargo o tienen v\u00ednculo con el Alfredo.<\/p>\n\n\n\n<p>-Ahhhh. Bueno, contame entonces qu\u00e9 comi\u00f3 el&nbsp;<strong>Sergio Marinelli<\/strong>.<\/p>\n\n\n\n<p>-Estem&#8230; Bueno, no. Tampoco estuvo.<\/p>\n\n\n\n<p>-Pero el Sergio es el titular de Irrigaci\u00f3n, es de San Rafael, es cercano a Cornejo. \u00bfQu\u00e9 onda? \u00bfSe pele\u00f3 con el gober?<\/p>\n\n\n\n<p>-Noooo. No fue porque vive en el Gran Mendoza, imagino&#8230; Aparte te tiro un dato:&nbsp;<strong>Marinelli es el presidente de la l\u00ednea Encuentro<\/strong>, m\u00e1s cornejista no se consigue.<\/p>\n\n\n\n<p>-\u00bfL\u00ednea Encuentro?<\/p>\n\n\n\n<p>-Siiiiii. Cuando en la UCR ten\u00edamos l\u00edneas internas, Cornejo lanz\u00f3 en un acto en el&nbsp;<strong>teatro Selectro<\/strong>&nbsp;la &#8220;<strong>L\u00ednea Encuentro<\/strong>&#8220;, y lo puso al Sergio Marinelli de presidente, y ah\u00ed qued\u00f3, nunca se cambi\u00f3. Es como cuando cerr\u00e1s un negocio y no le das de baja.<\/p>\n\n\n\n<p>(&#8230;)<\/p>\n\n\n\n<p>El &#8220;no hay plata&#8221; de Cornejo<\/p>\n\n\n\n<p>A la espera de una renovaci\u00f3n de panera, el Ruso fue el primero en abandonar, sin poder terminar el milanes\u00f3n que chorreaba queso, tomate y un exceso de aceite caracter\u00edstico e incluso buscado por los comensales que llegan al bodeg\u00f3n de Paso de los Andes. Mientras tanto, el Flaco Dani, el peronista de Per\u00f3n, complet\u00f3 la copa de vino tinto de mesa con hielo y soda, y apunt\u00f3 contra el correligionario del grupo.&nbsp;<\/p>\n\n\n\n<p>-\u00a1C\u00f3mo est\u00e1n llorando en el gobierno radical! Que no hay plata, que Naci\u00f3n los caga, que Milei les cort\u00f3 el chorro, que los intendentes del PJ tienen que bancarlos en las buenas y en las malas mucho m\u00e1s. \u00a1Parecen el Tomba cuando pierde!<\/p>\n\n\n\n<p>-Algo de raz\u00f3n ten\u00e9s -se meti\u00f3 el Ruso, el economista del grupete-. El otro d\u00eda, en la reuni\u00f3n con intendentes que hubo en Casa de Gobierno, me contaron que el\u00a0<strong>Peque Fayad<\/strong>\u00a0les dijo que llega<strong>\u00a0menos coparticipaci\u00f3n nacional<\/strong>, pero es &#8220;<strong>tocu\u00e9n<\/strong>&#8220;. Si compar\u00e1s la &#8220;copa&#8221; para Mendoza de enero 2023 con la de enero 2024,\u00a0<strong>aument\u00f3 214%<\/strong>, \u00a1m\u00e1s que la inflaci\u00f3n del a\u00f1o pasado!<\/p>\n\n\n\n<p>-S\u00ed, pero no -interrumpi\u00f3 el Omar, el radical-. Tendr\u00edas que compararlo con la inflaci\u00f3n acumulada en el mismo periodo, es decir, de enero a enero, y te falta el dato de enero 2024, que se va a saber este mi\u00e9rcoles. Se presume que ser\u00e1 del 20%, entonces te va a dar una inflaci\u00f3n del 226% y como dec\u00eds vos, un aumento de &#8220;copa&#8221; del 214% en el mismo periodo. Entonces, ah\u00ed ten\u00e9s la&nbsp;<strong>ca\u00edda real de la coparticipaci\u00f3n del 12%&nbsp;<\/strong>que menciona el Peque.<\/p>\n\n\n\n<p>-Ah, mir\u00e1 vos. \u00bfEntonces vos dec\u00eds que el gobierno sali\u00f3 perdiendo? \u00bfQue hizo acuerdos paritarios del 226% en el \u00faltimo a\u00f1o? \u00bfQue aument\u00f3 los gastos en los \u00faltimos 12 meses a un nivel del 226%? \u00a1Dejate de joder! Si de enero a enero la &#8220;copa&#8221; que lleg\u00f3 a Mendoza subi\u00f3 m\u00e1s del 200%, ya ganaste.<\/p>\n\n\n\n<p>-No me parece&#8230; Ese 12% menos de &#8220;copa&#8221; son unos 9.000 millones de pesos. Es mucha plata. Sumale, o restale, los subsidios al transporte, los que nunca llegaron y los que ya no llegar\u00e1n; la ca\u00edda del fondo de incentivo docente&#8230; Est\u00e1 jodida la cosa -insisti\u00f3 el Omar-. Y encima ten\u00e9s que intermediar con los&nbsp;<strong>intendentes<\/strong>&nbsp;para el tema de la&nbsp;<strong>coparticipaci\u00f3n provincial<\/strong>.<\/p>\n\n\n\n<p>La pelea por la coparticipaci\u00f3n (y el Censo)<\/p>\n\n\n\n<p>&#8211;<strong>\u00bfC\u00f3mo van a arreglar eso?&nbsp;<\/strong>Acordate que con el nuevo Censo van a tener que subir bastante la &#8220;copa&#8221; a Luj\u00e1n y Maip\u00fa, que fueron los departamentos con mayor crecimiento demogr\u00e1fico, y van a perjudicar a otros, como Guaymall\u00e9n y Godoy Cruz.<\/p>\n\n\n\n<p>-La torta de la&nbsp;<strong>coparticipaci\u00f3n provincial a los municipios<\/strong>&nbsp;se reparte as\u00ed: un&nbsp;<strong>25% en partes iguales<\/strong>; un&nbsp;<strong>65%<\/strong>&nbsp;de acuerdo con la&nbsp;<strong>cantidad de habitantes<\/strong>&nbsp;y un<strong>&nbsp;10%<\/strong>&nbsp;con un&nbsp;<strong>coeficiente<\/strong>&nbsp;medio raro, que trata de&nbsp;<strong>equilibrar<\/strong>&nbsp;las &#8220;<strong>injusticias<\/strong>&#8220;. Bueno, es&nbsp;<strong>con modificaciones en este coeficiente que van a tratar de dejar contentos a todos<\/strong>, incluso Guaymall\u00e9n y Godoy Cruz. Igual, hay&nbsp;<strong>algunos intendentes que insisten en que el censo se hizo mal<\/strong>. Hubo uno que en la reuni\u00f3n de intendentes con Cornejo lo expuso.<\/p>\n\n\n\n<p>-\u00bfAh s\u00ed? \u00bfY con qu\u00e9 argumentos?<\/p>\n\n\n\n<p>-Mostr\u00f3 c\u00f3mo c<strong>reci\u00f3 la matr\u00edcula en las escuelas\u00a0<\/strong>de su departamento, c\u00f3mo cada vez\u00a0<strong>m\u00e1s gente va a los centros de salud,<\/strong>\u00a0y otras estad\u00edsticas m\u00e1s. Entonces \u00e9l sostiene que\u00a0<strong>en su departamento hay\u00a0 muchos m\u00e1s habitantes de lo que dice el Censo 2022<\/strong>.<\/p>\n\n\n\n<p>-Hmm, no s\u00e9. A m\u00ed me parece l\u00f3gico que&nbsp;<strong>Maip\u00fa y Luj\u00e1n hayan crecido m\u00e1s<\/strong>&nbsp;que el resto -aport\u00f3 el Ruso, el economista y emprendedor-. Piensen:&nbsp;<strong>\u00bfqu\u00e9 tienen en com\u00fan Maip\u00fa y Luj\u00e1n?&nbsp;<\/strong><\/p>\n\n\n\n<p>-La cantidad de letras.<\/p>\n\n\n\n<p>-Jajaja. Adem\u00e1s, ambos&nbsp;<strong>son operadores del servicio de agua y cloacas<\/strong>, tienen empresas municipales que se encargan de eso.<\/p>\n\n\n\n<p>-\u00bfY eso qu\u00e9 tiene que ver?<\/p>\n\n\n\n<p>-Siendo ellos mismos,&nbsp;<strong>Luj\u00e1n y Maip\u00fa<\/strong>, los operadores del agua, les es much\u00edsimo&nbsp;<strong>m\u00e1s f\u00e1cil dar factibilidad<\/strong>&nbsp;a desarrollos inmobiliarios, por ejemplo. En cambio, en Guaymall\u00e9n, Las Heras, Godoy Cruz o cualquier otro lado, depend\u00e9s de un organismo provincial, en este caso,&nbsp;<strong>Aysam<\/strong>. Si vos ves el mapa,<strong>&nbsp;ser\u00eda natural que Mendoza hubiese crecido hacia Las Heras<\/strong>&nbsp;porque ten\u00e9s un mejor acceso, es el ingreso a Mendoza, ten\u00e9s el aeropuerto, est\u00e1s mejor conectado. Pero no. Veremos si el Pancho Lo Presti da vuelta esto. \u00c9l ha dicho que en unos a\u00f1os Las Heras va a ser el departamento m\u00e1s poblado de Mendoza&#8230;<\/p>\n\n\n\n<p>-Hablando de<strong>&nbsp;Las Heras<\/strong>, me cont\u00f3 un amigo de la UNCUYO que est\u00e1n haciendo una auditor\u00eda de lo que dej\u00f3 la gesti\u00f3n del &#8220;doc&#8221;, y que&nbsp;<strong>hay veh\u00edculos de la comuna que no aparecen&nbsp;<\/strong>por ning\u00fan lado.<\/p>\n\n\n\n<p>-\u00a1Mamita! Al final van a terminar pidi\u00e9ndole perd\u00f3n a Lobos.<\/p>\n\n\n\n<p>-Jajajajaja.<\/p>\n\n\n\n<p>-Che,&nbsp;<strong>\u00bfqu\u00e9 onda la pelea Ulpiano-Calvente?<\/strong>&nbsp;-le preguntaron, una vez m\u00e1s, al Omar-.<\/p>\n\n\n\n<p>-Como les cont\u00e9 hace unos meses, ni bien asumieron: el Yayo Suarez quiere ser candidato a gobernador y en su equipo creen que el Alfredo y compa\u00f1\u00eda est\u00e1n levantando al Marcos Calvente para que tenga un plan B en 2027 entre los intendentes. Y en ese escenario se van a seguir chicaneando en los pr\u00f3ximos a\u00f1os. Acordate la que le hizo el Yayo en un acto en el comit\u00e9 radical hace poco: mientras que los caciques se juntaron en una oficina con aire acondicionado, el Ulpiano se qued\u00f3 en el patio con la militancia sac\u00e1ndose fotos, incluso con la gente del Marcos.<\/p>\n\n\n\n<p>-Jajaja. S\u00ed, me acuerdo.<\/p>\n\n\n\n<p>-Bueno, ahora el Marcos lo cruz\u00f3 en Twitter, sugiriendo que el Ulpiano quiere cortarse solo por reclamar que le actualicen el fondo compensador para Capital que qued\u00f3 recontra desactualizado. Se pelean pero para m\u00ed tienen muchas cosas en com\u00fan, piensan igual y si se dejan de joder y&nbsp;<strong>se juntan, podr\u00edan hacer lobby para cambiar algunas cosas de base<\/strong>.<\/p>\n\n\n\n<p>-\u00bfC\u00f3mo qu\u00e9? -pregunt\u00f3 el Dani-.<\/p>\n\n\n\n<p>-\u00bfTe acord\u00e1s cuando Ubieta empez\u00f3 a tirar manteca al techo y comprarle un pollo a cada habitante de La Paz, con caja navide\u00f1a y helado incluidos? \u00bfY cuando gast\u00f3 millones para comprarle juguetes a todos los pibes? Ah\u00ed sali\u00f3 el Ulpiano a cuestionar el reparto de la &#8220;copa&#8221; y decir que m\u00e1s all\u00e1 de la poblaci\u00f3n, deber\u00edan contemplarse otros factores para distribuir la mayor porci\u00f3n de la torta, entre otras, la efectividad en el manejo de la guita. Y ahora el Marcos Calvente habla de algo parecido: fijar una\u00a0<strong>polin\u00f3mica que incluya otras cosas m\u00e1s all\u00e1 de la poblaci\u00f3n<\/strong>: c\u00f3mo se maneja la basura, cantidad de calles departamentales versus provinciales&#8230; En fin, ambos quieren una f\u00f3rmula que premie las mejores gestiones y castigue a las populistas.<\/p>\n\n\n\n<p>-Acu\u00e9rdense que tampoco es lo mismo cobrar tasas en Capital y Guaymall\u00e9n que en La Paz -acot\u00f3 el Dani-, y que el desierto de Santa Rosa es m\u00e1s complicado de administrar que los departamentos del Valle de Uco. Si fuese por ustedes&#8230;<\/p>\n\n\n\n<p>\u00bfUn \u00e1rbitro internacional para Fecovita?<\/p>\n\n\n\n<p>Entre los cuatro no se pusieron de acuerdo con el postre y terminaron divididos en la elecci\u00f3n entre las dos alternativas del d\u00eda: el Omar y el Dani eligieron flan casero, y el Ruso y Ludovico, flan casero con dulce de leche. &#8220;La pr\u00f3xima vez yo elijo el lugar&#8221;, volvi\u00f3 a quejarse Ludovico, el del PRO, mientras ve\u00eda fijo la botella de Estancia Mendoza y por curiosidad pregunt\u00f3:&nbsp;<strong>&#8220;\u00bfEn qu\u00e9 qued\u00f3 el tema de Fecovita y el quilombo con los espa\u00f1oles de Iberte?&#8221;<\/strong>.<\/p>\n\n\n\n<p>-Sin novedades, incluso hay que esperar que el nuevo fiscal de la causa por balances falsos contra los directivos de Fecovita se empape con el tema.<\/p>\n\n\n\n<p>-\u00bfPor?<\/p>\n\n\n\n<p>&#8211;<strong>Cambi\u00f3 el fiscal de Delitos Econ\u00f3micos<\/strong>. Dej\u00f3 de ser el Flavio D&#8217;Amore y ahora es<strong>&nbsp;Juan Tichelli<\/strong>, que tiene la causa por balances falsos y tambi\u00e9n la de la cooperativa fantasma de Las Heras.<\/p>\n\n\n\n<p>-Pero m\u00e1s all\u00e1 de estas causas cruzadas, donde de ambos lados est\u00e1n acusados e imputados, \u00bfcu\u00e1ndo se va a saber qui\u00e9n tiene raz\u00f3n? O sea, qui\u00e9n cag\u00f3 a qui\u00e9n.<\/p>\n\n\n\n<p>-No s\u00e9.&nbsp;<strong>Los &#8220;gallegos&#8221;,<\/strong>&nbsp;que en Argentina tienen como representante al expresidente del INV Guillermo Garc\u00eda,&nbsp;<strong>insisten en convocar a un \u00e1rbitro internacional<\/strong>&nbsp;que tenga acceso a todo y que determine qui\u00e9n le debe a qui\u00e9n. Pero en Fecovita no quieren, parece.<\/p>\n\n\n\n<p>-\u00bfUn \u00e1rbitro internacional? \u00bfCarlos Amarilla? \u00bfPierluigi Collina?&nbsp;<\/p>\n\n\n\n<p>-Jajaja. No. Quieren que intervenga<strong>\u00a0una empresa de consultor\u00eda y auditor\u00eda<\/strong>. En el mundo est\u00e1n las que se las conoce como\u00a0<strong>&#8220;Big Four&#8221;<\/strong>, las &#8220;cuatro grandes&#8221;:<strong>\u00a0Deloitte, PwC, Ernst &amp; Young y KPMG.<\/strong>\u00a0Bueno, alguna de esas, por ejemplo.<\/p>\n\n\n\n<p>-\u00bfC\u00f3mo era el tema? -pregunt\u00f3 el Dani-.<\/p>\n\n\n\n<p>-Ya te lo expliqu\u00e9 la otra vez -se quej\u00f3 el Ruso-: la mesa directiva de Fecovita, con Sancho y los que est\u00e1n ahora en la conducci\u00f3n, conform\u00f3 una S.A., llamada Evisa, junto a una empresa espa\u00f1ola, Iberte, para exportar principalmente vino a granel y mosto a distintos lugares del mundo. Varios hablan que s\u00f3lo era a Europa del Este, pero es &#8220;tocu\u00e9n&#8221;: tambi\u00e9n hab\u00eda clientes de los espa\u00f1oles en China, Canad\u00e1, Estados Unidos y otros lugares. En 2022, se pudri\u00f3 todo y la sociedad se desarm\u00f3. Desde entonces, se acusan unos a otros. En Fecovita dicen que los espa\u00f1oles terminaron vendi\u00e9ndoles vinos a clientes que ya ten\u00edan, y los de Iberte reclaman que les deben entre 30 y 60 palos verdes. En el medio sale la causa por balances falsos porque en Fecovita no incluyeron el acuerdo con los espa\u00f1oles de 2022; en otras palabras, metieron abajo de la alfombra un pasivo monumental. Por eso el Banco Naci\u00f3n no les refinanci\u00f3 lo que quer\u00edan, y dif\u00edcilmente haya alguna entidad que los respalde con una imputaci\u00f3n semejante.<\/p>\n\n\n\n<p>-Che, \u00bfy el &#8220;compa\u00f1ero&#8221; Garc\u00eda se qued\u00f3 mudo? \u00bfPor qu\u00e9 no habla con los medios?<\/p>\n\n\n\n<p>-Nadie de Iberte ha dado notas. Hablan a trav\u00e9s de &#8220;solicitadas&#8221;. Ten\u00e9s que comprar el Los Andes papel para leer lo que dicen.<\/p>\n\n\n\n<p>-Jajaja. Hablando de Los Andes, \u00bfqu\u00e9 pas\u00f3 con la venta?<\/p>\n\n\n\n<p>-Parece que marcha la sociedad entre tres empresarios para comprarlo, de los cuales uno solo viene de los medios. Ahora hay que ver si detr\u00e1s de los otros dos no hay alg\u00fan interesado escondido que ponga toda o parte de la guita. Siempre estuvo dando vueltas el Nene&#8230;<\/p>\n\n\n\n<p>-Decile a tu amigo empresario de medios que contrate una &#8220;Big Four&#8221; para que audite a sus potenciales socios.<\/p>\n\n\n\n<p>-Jajajaja. \u00a1De una!<\/p>\n\n\n\n<p>(&#8230;)<\/p>\n\n\n\n<p>Y as\u00ed, tras un primer encuentro para romper el hielo post vacaciones, los amigos se despiden con el compromiso de un caf\u00e9 en el centro mendocino para los pr\u00f3ximos d\u00edas.<\/p>\n\n\n\n<p>FUENTE: Mendzapost<\/p>\n","protected":false},"excerpt":{"rendered":"<p>El reencuentro de los amigos se demor\u00f3 un poco m\u00e1s de lo previsto: al Ruso no le alcanz\u00f3 con pasar unos d\u00edas en R\u00edo y sobre la marcha agreg\u00f3 otro destino brasile\u00f1o a sus vacaciones, Pipa, en el nordeste del pa\u00eds, volviendo a Mendoza una semana despu\u00e9s de lo acordado con el Omar, Ludovico y [&hellip;]<\/p>\n","protected":false},"author":2,"featured_media":5304,"comment_status":"open","ping_status":"open","sticky":true,"template":"","format":"standard","meta":[],"categories":[47],"tags":[],"_links":{"self":[{"href":"https:\/\/pasaenmendoza.com\/index.php?rest_route=\/wp\/v2\/posts\/5303"}],"collection":[{"href":"https:\/\/pasaenmendoza.com\/index.php?rest_route=\/wp\/v2\/posts"}],"about":[{"href":"https:\/\/pasaenmendoza.com\/index.php?rest_route=\/wp\/v2\/types\/post"}],"author":[{"embeddable":true,"href":"https:\/\/pasaenmendoza.com\/index.php?rest_route=\/wp\/v2\/users\/2"}],"replies":[{"embeddable":true,"href":"https:\/\/pasaenmendoza.com\/index.php?rest_route=%2Fwp%2Fv2%2Fcomments&post=5303"}],"version-history":[{"count":1,"href":"https:\/\/pasaenmendoza.com\/index.php?rest_route=\/wp\/v2\/posts\/5303\/revisions"}],"predecessor-version":[{"id":5305,"href":"https:\/\/pasaenmendoza.com\/index.php?rest_route=\/wp\/v2\/posts\/5303\/revisions\/5305"}],"wp:featuredmedia":[{"embeddable":true,"href":"https:\/\/pasaenmendoza.com\/index.php?rest_route=\/wp\/v2\/media\/5304"}],"wp:attachment":[{"href":"https:\/\/pasaenmendoza.com\/index.php?rest_route=%2Fwp%2Fv2%2Fmedia&parent=5303"}],"wp:term":[{"taxonomy":"category","embeddable":true,"href":"https:\/\/pasaenmendoza.com\/index.php?rest_route=%2Fwp%2Fv2%2Fcategories&post=5303"},{"taxonomy":"post_tag","embeddable":true,"href":"https:\/\/pasaenmendoza.com\/index.php?rest_route=%2Fwp%2Fv2%2Ftags&post=5303"}],"curies":[{"name":"wp","href":"https:\/\/api.w.org\/{rel}","templated":true}]}}