{"id":5306,"date":"2024-02-14T13:08:25","date_gmt":"2024-02-14T12:08:25","guid":{"rendered":"https:\/\/pasaenmendoza.com\/?p=5306"},"modified":"2024-02-14T13:08:26","modified_gmt":"2024-02-14T12:08:26","slug":"la-patricia-mendocina-el-posibilista-cornejo-y-ese-milei-que-no-pide-ayuda","status":"publish","type":"post","link":"https:\/\/pasaenmendoza.com\/?p=5306","title":{"rendered":"La &#8220;Patricia mendocina&#8221;, el posibilista Cornejo y ese Milei que no pide ayuda"},"content":{"rendered":"\n<p>En Mendoza Cornejo y la vice Hebe Casado vienen sosteniendo una relaci\u00f3n pol\u00edtica que muchos cre\u00edan imposible, pero a nivel nacional se impone una impronta ch\u00facara de la actividad, que inquieta<\/p>\n\n\n\n<p><strong>Muy pocos apostaban a que la vicegobernadora Hebe Casado<\/strong>, referente en Mendoza del PRO antidemarchista, fuera a tener una relaci\u00f3n pol\u00edtica &#8220;normal&#8221; con\u00a0<strong>el gobernador radical\u00a0Alfredo Cornejo<\/strong><a href=\"https:\/\/www.diariouno.com.ar\/tags\/alfredo-cornejo\">.\u00a0<\/a>Ambos son huesos duros de roer, gente de car\u00e1cter fuerte,\u00a0<strong>pero ah\u00ed est\u00e1n, sin sacarse los ojos<\/strong>.<\/p>\n\n\n\n<p>Ya han pasado dos meses de gesti\u00f3n y&nbsp;<strong>la dupla aludida convive y se lanza algunos elogios.&nbsp;<\/strong>Ella, a la que podr\u00edamos llamar&nbsp;<strong>&#8220;la Patricia mendocina&#8221;<\/strong>&nbsp;por su adhesi\u00f3n al sector bullrichista del PRO, afirm\u00f3 que admira&nbsp;<strong>el pragmatismo de Cornejo&nbsp;<\/strong>y sus conocimientos sobre los jodidos, pero atrayentes vericuetos de la pol\u00edtica.<\/p>\n\n\n\n<p>Ambos est\u00e1n aprendiendo no s\u00f3lo a&nbsp;<strong>convivir en la Provincia sino que est\u00e1n obligados a hacerlo con el presidente Javier Milei<\/strong>. Cornejo y Casado siempre machacan que quieren ayudar al libertario a&nbsp;<strong>darle gobernabilidad&nbsp;<\/strong>a esa gesti\u00f3n tan explosiva que ha instalado en la Casa Rosada y que nos tiene a todos con el coraz\u00f3n en la boca. Pero a cada rato se topan con&nbsp;<strong>un Milei &#8220;que no se deja ayudar&#8221;<\/strong>.<\/p>\n\n\n\n<p>La Vice ha sido de las primeras que en la Provincia sali\u00f3 este mes a saludar la idea de ir a\u00a0<strong>una fusi\u00f3n nacional entre el PRO y La Libertad Avanza<\/strong>, algo que ella y Cornejo ven como algo &#8220;necesario&#8221;, aunque saben que\u00a0<strong>no resultar\u00e1 f\u00e1cil de llevar a la pr\u00e1ctica<\/strong>.<\/p>\n\n\n\n<h2 class=\"wp-block-heading\">El brete<\/h2>\n\n\n\n<p>Cornejo est\u00e1 en un brete importante: el de&nbsp;<strong>aportar combustible pol\u00edtico para que la UCR no se quede en banda<\/strong>. &#8220;La UCR y el PRO han caminado juntos durante 8 a\u00f1os y&nbsp;<strong>no hay que perder esa orientaci\u00f3n<\/strong>&#8220;, ha dicho. Sin embargo, hay temor de que el radicalismo&nbsp;<strong>se enrosque en el viejo internismo<\/strong>&nbsp;que fascinaba a esa agrupaci\u00f3n y vuelva a ser &#8220;un partido chiquito&#8221;.<\/p>\n\n\n\n<p>En la sociedad Milei-Macri lo m\u00e1s factible es que se vaya por partes,&nbsp;<strong>empezando por un acuerdo legislativo<\/strong>, que es el \u00e1rea donde el libertario necesita m\u00e1s apoyo, para luego armar algo m\u00e1s abarcativo con el Ejecutivo.<\/p>\n\n\n\n<p>Las principales espadas del mandatario nacional, con\u00a0<strong>Karina Milei<\/strong>\u00a0a la cabeza, ya han advertido que no se trata de repartir cargos en el gabinete nacional\u00a0<strong>ni de que el &#8220;Le\u00f3n&#8221; vaya a socializar con Macri sus principales decisiones<\/strong>. Lo quieren a Macri de su lado, pero m\u00e1s bien como un asesor con perfil de em\u00e9rito. Lo imaginan\u00a0<strong>aconsejando desde la reposera, no decidiendo<\/strong>.<\/p>\n\n\n\n<h2 class=\"wp-block-heading\">\u00bfY los radichas?<\/h2>\n\n\n\n<p>La pregunta es&nbsp;<strong>qu\u00e9 papel cumplir\u00e1 el radicalismo en todo esto<\/strong>, en particular la UCR a la que pertenece Cornejo, que insiste en dar un acompa\u00f1amiento cr\u00edtico al mile\u00edsmo. Sucede que&nbsp;<strong>Milei puede aceptar la palabra &#8220;acompa\u00f1amiento&#8221; pero no el adjetivo &#8220;cr\u00edtico<\/strong>&#8220;.<\/p>\n\n\n\n<p>Esa impronta ch\u00facara de la pol\u00edtica es la que curten tambi\u00e9n otros sectores de la UCR como el de Mart\u00edn Lousteau, Gerado Morales o Facundo Manes que&nbsp;<strong>no aceptan hacerle la gamba al libertario as\u00ed porque s\u00ed.<\/strong><\/p>\n\n\n\n<p>En la visi\u00f3n de Hebe Casado,&nbsp;<strong>&#8220;hay radicales como Cornejo que se est\u00e1n poniendo m\u00e1s liberales que antes<\/strong>&#8220;. La vicegobernadora de Mendoza sostiene que la pol\u00edtica vive hoy una etapa de reseteo donde seguir\u00e1n primando&nbsp;<strong>las coaliciones en lugar del tradicional bipartidismo<\/strong>. Lo dice alguien cuyo lema en las redes sociales es el de &#8220;ser liberal desde mucho antes de que estuviera de moda&#8221;.<\/p>\n\n\n\n<p><strong>&#8220;Planteamos alternativas, no oposici\u00f3n<\/strong>&#8220;, aclaran aquellos hijos de Alem que quieren apuntalar al Ejecutivo nacional y desechan por ahora una nueva grieta que termine beneficiando al kirchnerismo, pero a\u00fan&nbsp;<strong>falta un liderazgo<\/strong>&nbsp;m\u00e1s concreto en los radicales.<\/p>\n\n\n\n<p>Los seguidores del neur\u00f3logo Manes tienen una teor\u00eda singular. Dicen que un l\u00edder nacional de la UCR&nbsp;<strong>es aquel que logra fuerte resonancia en la ciudad de Buenos Aires y en la provincia del mismo nombre<\/strong>. En cambio si optan por el provincianismo, van a ser siempre segundones.<\/p>\n\n\n\n<h2 class=\"wp-block-heading\">\u00bfQu\u00e9 liberalismo?<\/h2>\n\n\n\n<p>Todo indica que el ideario liberal seguir\u00e1 estando en el n\u00facleo del debate pol\u00edtico nacional. Hay que ver si ser\u00e1 con las tendencias&nbsp;<strong>de extrema derecha<\/strong>&nbsp;que plantea Milei, o si se ir\u00e1&nbsp;<strong>decantando hacia una centroderecha<\/strong>&nbsp;m\u00e1s acorde a las democracias republicanas.<\/p>\n\n\n\n<p><strong>Cornejo rescata los ocho a\u00f1os en que la UCR y el PRO trabajaron juntos<\/strong>&nbsp;y advierte a los suyos que &#8220;no se debe perder esa orientaci\u00f3n&#8221;. Ni Milei ni el PRO ni los radicales pueden solos. Dentro de los 10 gobernadores no kirchneristas, cinco son radicales y cinco afines al PRO. El mendocino define a eso como &#8220;<strong>un espacio colaborativo que Milei tiene que aprender a aprovechar&#8221;<\/strong>.<\/p>\n\n\n\n<p>Milei, que es un rompemoldes,&nbsp;<strong>y que llama prejuicio que los gobernadores puedan abroquelarse y ser un contrapoder<\/strong>&nbsp;que lo ponga en jaque, entiende que eso es un accionar corporativo y de casta.<\/p>\n\n\n\n<p>Si todo esto fuera una serie de Netflix sobre\u00a0<strong>pol\u00edtica, ambiciones y poder,<\/strong>\u00a0estar\u00edamos de parabienes, y no dejar\u00edamos el sill\u00f3n ni para orinar. Pero, jodidamente, este no es el caso.<\/p>\n\n\n\n<p>FUENTE: Diariouno.com.ar <\/p>\n\n\n\n<p><\/p>\n","protected":false},"excerpt":{"rendered":"<p>En Mendoza Cornejo y la vice Hebe Casado vienen sosteniendo una relaci\u00f3n pol\u00edtica que muchos cre\u00edan imposible, pero a nivel nacional se impone una impronta ch\u00facara de la actividad, que inquieta Muy pocos apostaban a que la vicegobernadora Hebe Casado, referente en Mendoza del PRO antidemarchista, fuera a tener una relaci\u00f3n pol\u00edtica &#8220;normal&#8221; con\u00a0el gobernador [&hellip;]<\/p>\n","protected":false},"author":2,"featured_media":5307,"comment_status":"open","ping_status":"open","sticky":true,"template":"","format":"standard","meta":[],"categories":[47],"tags":[],"_links":{"self":[{"href":"https:\/\/pasaenmendoza.com\/index.php?rest_route=\/wp\/v2\/posts\/5306"}],"collection":[{"href":"https:\/\/pasaenmendoza.com\/index.php?rest_route=\/wp\/v2\/posts"}],"about":[{"href":"https:\/\/pasaenmendoza.com\/index.php?rest_route=\/wp\/v2\/types\/post"}],"author":[{"embeddable":true,"href":"https:\/\/pasaenmendoza.com\/index.php?rest_route=\/wp\/v2\/users\/2"}],"replies":[{"embeddable":true,"href":"https:\/\/pasaenmendoza.com\/index.php?rest_route=%2Fwp%2Fv2%2Fcomments&post=5306"}],"version-history":[{"count":1,"href":"https:\/\/pasaenmendoza.com\/index.php?rest_route=\/wp\/v2\/posts\/5306\/revisions"}],"predecessor-version":[{"id":5308,"href":"https:\/\/pasaenmendoza.com\/index.php?rest_route=\/wp\/v2\/posts\/5306\/revisions\/5308"}],"wp:featuredmedia":[{"embeddable":true,"href":"https:\/\/pasaenmendoza.com\/index.php?rest_route=\/wp\/v2\/media\/5307"}],"wp:attachment":[{"href":"https:\/\/pasaenmendoza.com\/index.php?rest_route=%2Fwp%2Fv2%2Fmedia&parent=5306"}],"wp:term":[{"taxonomy":"category","embeddable":true,"href":"https:\/\/pasaenmendoza.com\/index.php?rest_route=%2Fwp%2Fv2%2Fcategories&post=5306"},{"taxonomy":"post_tag","embeddable":true,"href":"https:\/\/pasaenmendoza.com\/index.php?rest_route=%2Fwp%2Fv2%2Ftags&post=5306"}],"curies":[{"name":"wp","href":"https:\/\/api.w.org\/{rel}","templated":true}]}}