{"id":5313,"date":"2024-02-14T13:49:00","date_gmt":"2024-02-14T12:49:00","guid":{"rendered":"https:\/\/pasaenmendoza.com\/?p=5313"},"modified":"2024-02-14T13:49:01","modified_gmt":"2024-02-14T12:49:01","slug":"la-reina-de-la-vendimia-2024-sera-elegida-por-el-publico-que-accedera-a-votar-tras-un-sorteo","status":"publish","type":"post","link":"https:\/\/pasaenmendoza.com\/?p=5313","title":{"rendered":"La Reina de la Vendimia 2024 ser\u00e1 elegida por el p\u00fablico que acceder\u00e1 a votar tras un sorteo"},"content":{"rendered":"\n<p>El ministro de Educaci\u00f3n, Cultura e Infancias y director general de Escuelas,<strong>\u00a0Tadeo Garc\u00eda Zalazar<\/strong>, anunci\u00f3 que la\u00a0<strong>elecci\u00f3n de la Reina de la Vendimia<\/strong>\u00a0ser\u00e1 mediante sorteo entre las entradas de los espectadores y no por terminaci\u00f3n de DNI. Ese\u00a0<strong>sorteo se realizar\u00e1 en vivo en el Frank Romero Day el d\u00eda de la Fiesta Nacional de la Vendimia el 2 de marzo.<\/strong><\/p>\n\n\n\n<p>Como el titular de Cultura, Diego Gareca, lo hab\u00eda anticipado, el sistema de elecci\u00f3n de la Reina Nacional de la Vendimia ser\u00e1 modificado para&nbsp;<strong>evitar que desde los departamentos lleven gente e influyan en el resultado<\/strong>.<\/p>\n\n\n\n<p>Este cambio es\u00a0<strong>para que no ocurra lo que mismo que en 2023<\/strong>, cuando el intendente de La Paz, Fernando Ubieta, moviliz\u00f3 a muchos vecinos al acto central para que votaran a favor de Ana Laura Verde. La estrategia dio resultado y la joven fue electa Reina Nacional de la Vendimia 2023.<\/p>\n\n\n\n<p><strong>Ser\u00e1 por el n\u00famero de butaca y se sortea el mismo d\u00eda con el n\u00famero de entrada<\/strong>. El acomodador va a ir a cada asiento con la urna y la boleta \u00fanica, asegur\u00f3 Garc\u00eda Zalazar.<\/p>\n\n\n\n<p>Con esta nueva modalidad, que se estrenar\u00e1 el pr\u00f3ximo 2 de marzo, se analizar\u00e1 si realmente funciona y posteriormente se sacar\u00e1n conclusiones. &#8220;<strong>Es al azar, se sortea en la misma tarde con la presencia de todo el p\u00fablico<\/strong>&#8220;, agreg\u00f3 el funcionario.<\/p>\n\n\n\n<h2 class=\"wp-block-heading\">Gareca lo hab\u00eda anticipado<\/h2>\n\n\n\n<p>El secretario de Cultura,&nbsp;<strong>Diego Gareca<\/strong>&nbsp;hace algunos d\u00edas hab\u00eda anticipado que el sistema de selecci\u00f3n ser\u00eda diferente. Considerando que durante la \u00faltima elecci\u00f3n el intendente de La Paz llev\u00f3 muchos vecinos al Acto Central y eso habr\u00eda influido para que ganara se representantes es que se dispuso esta modificaci\u00f3n.<\/p>\n\n\n\n<p>Este m\u00e9todo funcion\u00f3, pero la situaci\u00f3n gener\u00f3 tal disgusto entre el resto de los intendentes, que hasta un diputado radical (Daniel Llaver)\u00a0<strong>present\u00f3 un proyecto para que se modificara el sistema<\/strong>.<\/p>\n\n\n\n<p><strong>Fuente: www.diariouno.com.ar<\/strong><\/p>\n","protected":false},"excerpt":{"rendered":"<p>El ministro de Educaci\u00f3n, Cultura e Infancias y director general de Escuelas,\u00a0Tadeo Garc\u00eda Zalazar, anunci\u00f3 que la\u00a0elecci\u00f3n de la Reina de la Vendimia\u00a0ser\u00e1 mediante sorteo entre las entradas de los espectadores y no por terminaci\u00f3n de DNI. Ese\u00a0sorteo se realizar\u00e1 en vivo en el Frank Romero Day el d\u00eda de la Fiesta Nacional de la [&hellip;]<\/p>\n","protected":false},"author":2,"featured_media":5314,"comment_status":"open","ping_status":"open","sticky":false,"template":"","format":"standard","meta":[],"categories":[74],"tags":[],"_links":{"self":[{"href":"https:\/\/pasaenmendoza.com\/index.php?rest_route=\/wp\/v2\/posts\/5313"}],"collection":[{"href":"https:\/\/pasaenmendoza.com\/index.php?rest_route=\/wp\/v2\/posts"}],"about":[{"href":"https:\/\/pasaenmendoza.com\/index.php?rest_route=\/wp\/v2\/types\/post"}],"author":[{"embeddable":true,"href":"https:\/\/pasaenmendoza.com\/index.php?rest_route=\/wp\/v2\/users\/2"}],"replies":[{"embeddable":true,"href":"https:\/\/pasaenmendoza.com\/index.php?rest_route=%2Fwp%2Fv2%2Fcomments&post=5313"}],"version-history":[{"count":1,"href":"https:\/\/pasaenmendoza.com\/index.php?rest_route=\/wp\/v2\/posts\/5313\/revisions"}],"predecessor-version":[{"id":5315,"href":"https:\/\/pasaenmendoza.com\/index.php?rest_route=\/wp\/v2\/posts\/5313\/revisions\/5315"}],"wp:featuredmedia":[{"embeddable":true,"href":"https:\/\/pasaenmendoza.com\/index.php?rest_route=\/wp\/v2\/media\/5314"}],"wp:attachment":[{"href":"https:\/\/pasaenmendoza.com\/index.php?rest_route=%2Fwp%2Fv2%2Fmedia&parent=5313"}],"wp:term":[{"taxonomy":"category","embeddable":true,"href":"https:\/\/pasaenmendoza.com\/index.php?rest_route=%2Fwp%2Fv2%2Fcategories&post=5313"},{"taxonomy":"post_tag","embeddable":true,"href":"https:\/\/pasaenmendoza.com\/index.php?rest_route=%2Fwp%2Fv2%2Ftags&post=5313"}],"curies":[{"name":"wp","href":"https:\/\/api.w.org\/{rel}","templated":true}]}}