{"id":5316,"date":"2024-02-14T13:54:19","date_gmt":"2024-02-14T12:54:19","guid":{"rendered":"https:\/\/pasaenmendoza.com\/?p=5316"},"modified":"2024-02-14T13:56:28","modified_gmt":"2024-02-14T12:56:28","slug":"tadeo-no-recibio-de-la-nacion-el-fondo-de-incentivo-docente-y-ya-evalua-como-hacer-para-pagarlo","status":"publish","type":"post","link":"https:\/\/pasaenmendoza.com\/?p=5316","title":{"rendered":"Tadeo no recibi\u00f3 de la Naci\u00f3n el Fondo de Incentivo Docente y ya eval\u00faa c\u00f3mo hacer para pagarlo"},"content":{"rendered":"\n<p>Luego de que el presidente&nbsp;<strong>Javier Milei decidiera eliminar los subsidios al transporte de las provincias<\/strong>&nbsp;-algo que muchos leen como un cachetazo a los gobernadores por la ca\u00edda de la Ley \u00d3mnibus-, ahora los mismos mandatarios y sus ministros de Educaci\u00f3n miran de reojo las cuentas bancarias y&nbsp;<strong>ruegan que el Fondo Nacional de Incentivo Docente (FONID) no corra la misma suerte.<\/strong><\/p>\n\n\n\n<p>Pasa que ese dinero, que&nbsp;<strong>en el caso de Mendoza es algo as\u00ed como $1.700 millones mensuales<\/strong>&nbsp;se paga con cierto retraso, y los fondos del segundo semestre del 2023 que deber\u00edan haberse pagado a principios de este mes, nunca llegaron a las arcas provinciales.<\/p>\n\n\n\n<p>De hecho,&nbsp;<strong>Tadeo Garc\u00eda Zalazar fue uno de los que firmaron la carta de reclamo que se le envi\u00f3 al secretario de Educaci\u00f3n de la Naci\u00f3n, Carlos Horacio Torrendell<\/strong>, pero a casi una semana del pataleo y a dos semanas del inicio de clases en estas tierras a\u00fan no hay respuestas.<\/p>\n\n\n\n<figure class=\"wp-block-image\"><img decoding=\"async\" src=\"https:\/\/media.diariouno.com.ar\/p\/94217b9eaea68fd905d75127e6fcf7cd\/adjuntos\/298\/imagenes\/009\/293\/0009293225\/1200x0\/smart\/tuit-tadeo-garcia-zalazarpng.png\" alt=\"La nota presentada al secretario de Educaci\u00f3n de la Naci\u00f3n.\" title=\"La nota presentada al secretario de Educaci\u00f3n de la Naci\u00f3n.\"\/><\/figure>\n\n\n\n<p>&#8220;Est\u00e1 previsto que tengamos un zoom con todos los ministros este jueves para ver c\u00f3mo sigue el tema y&nbsp;<strong>si la Naci\u00f3n no manda esos fondos tendremos que tomar una decisi\u00f3n de tipo provincial para ver c\u00f3mo se pueden compensar con fondos provinciales,<\/strong>&nbsp;o tomar otro tipo de medida. Esperamos que durante este mes se reciba&#8221;, adelant\u00f3 Garc\u00eda Zalazar  y record\u00f3 que la Naci\u00f3n est\u00e1 obligada a pagar esos fondos por ley nacional y s\u00f3lo se deber\u00eda modificar con otra ley.<\/p>\n\n\n\n<p>Es que si la Naci\u00f3n no env\u00eda los fondos, las provincias estar\u00edan casi obligadas a cubrirlos porque&nbsp;<strong>ese fondo en particular representa el 10% del salario docente<\/strong>, lo que de recortarse significar\u00eda un duro recorte para los alica\u00eddos sueldos de los trabajadores de la educaci\u00f3n, que por estos d\u00edas est\u00e1n negociando otros aumentos en las paritarias con el Gobierno de Alfredo Cornejo<\/p>\n\n\n\n<p>M\u00e1s all\u00e1 de aquella nota formal, por otros carriles hubo tambi\u00e9n algunas charlas informales entre los ministros provinciales y Torrendell para conocer si la intenci\u00f3n pol\u00edtica de Milei es arrasar tambi\u00e9n con el FONID. En esas conversaciones informales el secretario les habr\u00eda dicho que no tendr\u00edan intenci\u00f3n de recortar esos fondos, pero hasta el momento la plata no aparece y se disparan las ansiedades de ministros y gobernadores.<\/p>\n\n\n\n<p>&#8220;Si es as\u00ed,&nbsp;<strong>el paso siguiente es que nos den un cronograma de pago<\/strong>&#8220;, retruc\u00f3 el mendocino.<\/p>\n\n\n\n<p>Igualmente remarc\u00f3 que as\u00ed como el Gobierno decidi\u00f3 costear con sus propios fondos el \u00edtem de \u00fatiles que se va a pagar esta semana, si finalmente el FONID se cae, analizar\u00e1 c\u00f3mo hacer para sostenerlo.<\/p>\n\n\n\n<p>Una negociaci\u00f3n salarial que podr\u00eda acordarse este viernes<\/p>\n\n\n\n<p>Garc\u00eda Zalazar acot\u00f3 adem\u00e1s que en paralelo, mientras tratan de conseguir que la Naci\u00f3n les env\u00ede los fondos educativos que por ley deben abonar a las provincias, en Mendoza tambi\u00e9n&nbsp;<strong>negocian los aumentos salariales con el gremio del SUTE que nuclea a la mayor\u00eda de los trabajadores de la educaci\u00f3n.<\/strong><\/p>\n\n\n\n<p>&#8220;La oferta que les ha elevado el Gobierno incluye el pago del \u00edtem \u00fatiles que se va a abonar esta semana y es de $100.000 para los docentes y de $90.000 para celadores, adem\u00e1s de los aumentos de 15% en febrero, otro 15% en marzo y un bono no remunerativa de $90.000 a cobrar en marzo&#8221;, precis\u00f3.<\/p>\n\n\n\n<p>Este viernes, el d\u00eda en que los docentes recibir\u00e1n el pago del \u00edtem de \u00fatiles, el gremio debe responder si acepta o no la propuesta del Gobierno, como ya lo hicieron ya otros gremios de empleados estatales.<\/p>\n\n\n\n<p><strong>Fuente: www.diariouno.com.ar<\/strong><\/p>\n","protected":false},"excerpt":{"rendered":"<p>Luego de que el presidente&nbsp;Javier Milei decidiera eliminar los subsidios al transporte de las provincias&nbsp;-algo que muchos leen como un cachetazo a los gobernadores por la ca\u00edda de la Ley \u00d3mnibus-, ahora los mismos mandatarios y sus ministros de Educaci\u00f3n miran de reojo las cuentas bancarias y&nbsp;ruegan que el Fondo Nacional de Incentivo Docente (FONID) [&hellip;]<\/p>\n","protected":false},"author":2,"featured_media":5319,"comment_status":"open","ping_status":"open","sticky":false,"template":"","format":"standard","meta":[],"categories":[56],"tags":[],"_links":{"self":[{"href":"https:\/\/pasaenmendoza.com\/index.php?rest_route=\/wp\/v2\/posts\/5316"}],"collection":[{"href":"https:\/\/pasaenmendoza.com\/index.php?rest_route=\/wp\/v2\/posts"}],"about":[{"href":"https:\/\/pasaenmendoza.com\/index.php?rest_route=\/wp\/v2\/types\/post"}],"author":[{"embeddable":true,"href":"https:\/\/pasaenmendoza.com\/index.php?rest_route=\/wp\/v2\/users\/2"}],"replies":[{"embeddable":true,"href":"https:\/\/pasaenmendoza.com\/index.php?rest_route=%2Fwp%2Fv2%2Fcomments&post=5316"}],"version-history":[{"count":2,"href":"https:\/\/pasaenmendoza.com\/index.php?rest_route=\/wp\/v2\/posts\/5316\/revisions"}],"predecessor-version":[{"id":5320,"href":"https:\/\/pasaenmendoza.com\/index.php?rest_route=\/wp\/v2\/posts\/5316\/revisions\/5320"}],"wp:featuredmedia":[{"embeddable":true,"href":"https:\/\/pasaenmendoza.com\/index.php?rest_route=\/wp\/v2\/media\/5319"}],"wp:attachment":[{"href":"https:\/\/pasaenmendoza.com\/index.php?rest_route=%2Fwp%2Fv2%2Fmedia&parent=5316"}],"wp:term":[{"taxonomy":"category","embeddable":true,"href":"https:\/\/pasaenmendoza.com\/index.php?rest_route=%2Fwp%2Fv2%2Fcategories&post=5316"},{"taxonomy":"post_tag","embeddable":true,"href":"https:\/\/pasaenmendoza.com\/index.php?rest_route=%2Fwp%2Fv2%2Ftags&post=5316"}],"curies":[{"name":"wp","href":"https:\/\/api.w.org\/{rel}","templated":true}]}}