{"id":5321,"date":"2024-02-14T14:05:47","date_gmt":"2024-02-14T13:05:47","guid":{"rendered":"https:\/\/pasaenmendoza.com\/?p=5321"},"modified":"2024-02-14T14:05:48","modified_gmt":"2024-02-14T13:05:48","slug":"tras-el-carnaval-se-viene-un-feriado-megalargo-de-seis-dias","status":"publish","type":"post","link":"https:\/\/pasaenmendoza.com\/?p=5321","title":{"rendered":"Tras el Carnaval, se viene un feriado megalargo de seis d\u00edas"},"content":{"rendered":"\n<p><strong>Pas\u00f3 el primer fin de semana extralargo del a\u00f1o<\/strong>&nbsp;por Carnaval (del s\u00e1bado 10 al martes 13 de febrero) y muchos argentinos se preguntan cu\u00e1ndo llegar\u00e1 el pr\u00f3ximo.<\/p>\n\n\n\n<p><strong>El feriado que viene cae domingo y es inamovible<\/strong>: el 24 de marzo (D\u00eda Nacional de la Memoria por la Verdad y la Justicia). Sin embargo, pocos d\u00edas despu\u00e9s habr\u00e1 una buena noticia, con la llegada de un&nbsp;<strong>mega fin de semana largo de seis d\u00edas consecutivos&nbsp;<\/strong>de descanso.<\/p>\n\n\n\n<p>A&nbsp;<strong>Santa Santa<\/strong>&nbsp;(jueves 28 y viernes 29 de marzo) se sumar\u00e1 el&nbsp;<strong>D\u00eda del Veterano y de los Ca\u00eddos en la Guerra de Malvinas<\/strong>&nbsp;(martes 2 de abril). Adem\u00e1s, a trav\u00e9s del Decreto 106\/2023, se determin\u00f3 que el lunes 1 de abril sea&nbsp;<strong>feriado puente<\/strong>&nbsp;con fines tur\u00edsticos.<\/p>\n\n\n\n<p>As\u00ed las cosas, para quienes no tengan que trabajar el Jueves Santo, habr\u00e1 seis d\u00edas de descanso seguidos:<\/p>\n\n\n\n<ul>\n<li><strong>28 de marzo:<\/strong>&nbsp;Jueves Santo (no laborable).<\/li>\n\n\n\n<li><strong>29 de marzo:<\/strong>&nbsp;Viernes Santo (feriado).<\/li>\n\n\n\n<li><strong>30 de marzo:&nbsp;<\/strong>S\u00e1bado de Gloria (o S\u00e1bado Santo).<\/li>\n\n\n\n<li><strong>31 de marzo:<\/strong>&nbsp;Domingo de Resurrecci\u00f3n (Domingo de Pascua).<\/li>\n\n\n\n<li><strong>1 de abril:<\/strong>&nbsp;feriado puente con fines tur\u00edsticos.<\/li>\n\n\n\n<li><strong>2 de abril:<\/strong>&nbsp;D\u00eda del Veterano y de los Ca\u00eddos en la Guerra de Malvinas (feriado).<\/li>\n<\/ul>\n\n\n\n<p>La&nbsp;<strong>Semana Santa<\/strong>&nbsp;es una de las celebraciones m\u00e1s importantes de la religi\u00f3n cat\u00f3lica y la fecha se fija seg\u00fan el calendario lunar. Se trata de la conmemoraci\u00f3n a lo que se conoce como la&nbsp;<em>\u201cPasi\u00f3n de Cristo\u201d:<\/em>&nbsp;la entrada a Jerusal\u00e9n, la \u00daltima Cena, el V\u00eda Crucis, y la muerte y resurrecci\u00f3n de Jes\u00fas de Nazaret. Comienza el Domingo de Ramos y finaliza el Domingo de Resurrecci\u00f3n.<\/p>\n\n\n\n<h2 class=\"wp-block-heading\" id=\"h-los-fines-de-semana-largos-que-faltan\">Los fines de semana largos que faltan<\/h2>\n\n\n\n<ul>\n<li>Del jueves 28 de marzo al martes 2 de abril: 6 d\u00edas<\/li>\n\n\n\n<li>Del s\u00e1bado 15 al lunes 17 de Junio: 3 d\u00edas<\/li>\n\n\n\n<li>Del jueves 20 al domingo 23 de junio: 4 d\u00edas<\/li>\n\n\n\n<li>Del viernes 11 al lunes 14 de octubre: 4 d\u00edas<\/li>\n\n\n\n<li>Del s\u00e1bado 16 al lunes 18 de noviembre: 3 d\u00edas<\/li>\n<\/ul>\n\n\n\n<p><strong>Fuente: www.elsol.com.ar<\/strong><\/p>\n","protected":false},"excerpt":{"rendered":"<p>Pas\u00f3 el primer fin de semana extralargo del a\u00f1o&nbsp;por Carnaval (del s\u00e1bado 10 al martes 13 de febrero) y muchos argentinos se preguntan cu\u00e1ndo llegar\u00e1 el pr\u00f3ximo. El feriado que viene cae domingo y es inamovible: el 24 de marzo (D\u00eda Nacional de la Memoria por la Verdad y la Justicia). Sin embargo, pocos d\u00edas [&hellip;]<\/p>\n","protected":false},"author":2,"featured_media":5323,"comment_status":"open","ping_status":"open","sticky":false,"template":"","format":"standard","meta":[],"categories":[50],"tags":[],"_links":{"self":[{"href":"https:\/\/pasaenmendoza.com\/index.php?rest_route=\/wp\/v2\/posts\/5321"}],"collection":[{"href":"https:\/\/pasaenmendoza.com\/index.php?rest_route=\/wp\/v2\/posts"}],"about":[{"href":"https:\/\/pasaenmendoza.com\/index.php?rest_route=\/wp\/v2\/types\/post"}],"author":[{"embeddable":true,"href":"https:\/\/pasaenmendoza.com\/index.php?rest_route=\/wp\/v2\/users\/2"}],"replies":[{"embeddable":true,"href":"https:\/\/pasaenmendoza.com\/index.php?rest_route=%2Fwp%2Fv2%2Fcomments&post=5321"}],"version-history":[{"count":1,"href":"https:\/\/pasaenmendoza.com\/index.php?rest_route=\/wp\/v2\/posts\/5321\/revisions"}],"predecessor-version":[{"id":5324,"href":"https:\/\/pasaenmendoza.com\/index.php?rest_route=\/wp\/v2\/posts\/5321\/revisions\/5324"}],"wp:featuredmedia":[{"embeddable":true,"href":"https:\/\/pasaenmendoza.com\/index.php?rest_route=\/wp\/v2\/media\/5323"}],"wp:attachment":[{"href":"https:\/\/pasaenmendoza.com\/index.php?rest_route=%2Fwp%2Fv2%2Fmedia&parent=5321"}],"wp:term":[{"taxonomy":"category","embeddable":true,"href":"https:\/\/pasaenmendoza.com\/index.php?rest_route=%2Fwp%2Fv2%2Fcategories&post=5321"},{"taxonomy":"post_tag","embeddable":true,"href":"https:\/\/pasaenmendoza.com\/index.php?rest_route=%2Fwp%2Fv2%2Ftags&post=5321"}],"curies":[{"name":"wp","href":"https:\/\/api.w.org\/{rel}","templated":true}]}}