{"id":5322,"date":"2024-02-14T14:07:40","date_gmt":"2024-02-14T13:07:40","guid":{"rendered":"https:\/\/pasaenmendoza.com\/?p=5322"},"modified":"2024-02-14T14:07:41","modified_gmt":"2024-02-14T13:07:41","slug":"vuelve-el-calor-a-mendoza-y-se-queda-hasta-el-fin-de-semana","status":"publish","type":"post","link":"https:\/\/pasaenmendoza.com\/?p=5322","title":{"rendered":"Vuelve el calor a Mendoza y se queda hasta el fin de semana"},"content":{"rendered":"\n<p>Este mi\u00e9rcoles vuelve a subir un poco la temperatura pero igual ser\u00e1 un d\u00eda caluroso en Mendoza por la alta humedad. Ma\u00f1ana jueves y el viernes las temperaturas subir\u00e1n m\u00e1s.&nbsp;<\/p>\n\n\n\n<p>Seg\u00fan el&nbsp;<strong>SMN<\/strong>, en el Gran Mendoza la m\u00e1xima llegar\u00e1 hoy a los<strong>&nbsp;31\u00b0&nbsp;<\/strong>y la humedad relativa del ambiente se mantiene por encima del 60%. No hay previsiones de precipitaciones al menos hasta el s\u00e1bado.&nbsp;<\/p>\n\n\n\n<p>A partir de este jueves comienza a sentirse m\u00e1s el calor: para ma\u00f1ana el pron\u00f3stico indica una m\u00e1xima de 35\u00b0 y, para el viernes\u00a036<strong>\u00b0. Sin embargo, el fin de semana vuelve a bajar.<\/strong><\/p>\n\n\n\n<p>La semana que viene, seg\u00fan las previsiones, comienza con un lunes fr\u00edo, con una m\u00e1xima de 21\u00b0 pero el martes trepa hasta los 35\u00b0.\u00a0<\/p>\n\n\n\n<p><strong>Fuente: www.mendozapost.com<\/strong><\/p>\n","protected":false},"excerpt":{"rendered":"<p>Este mi\u00e9rcoles vuelve a subir un poco la temperatura pero igual ser\u00e1 un d\u00eda caluroso en Mendoza por la alta humedad. Ma\u00f1ana jueves y el viernes las temperaturas subir\u00e1n m\u00e1s.&nbsp; Seg\u00fan el&nbsp;SMN, en el Gran Mendoza la m\u00e1xima llegar\u00e1 hoy a los&nbsp;31\u00b0&nbsp;y la humedad relativa del ambiente se mantiene por encima del 60%. No hay [&hellip;]<\/p>\n","protected":false},"author":2,"featured_media":5325,"comment_status":"open","ping_status":"open","sticky":false,"template":"","format":"standard","meta":[],"categories":[52],"tags":[],"_links":{"self":[{"href":"https:\/\/pasaenmendoza.com\/index.php?rest_route=\/wp\/v2\/posts\/5322"}],"collection":[{"href":"https:\/\/pasaenmendoza.com\/index.php?rest_route=\/wp\/v2\/posts"}],"about":[{"href":"https:\/\/pasaenmendoza.com\/index.php?rest_route=\/wp\/v2\/types\/post"}],"author":[{"embeddable":true,"href":"https:\/\/pasaenmendoza.com\/index.php?rest_route=\/wp\/v2\/users\/2"}],"replies":[{"embeddable":true,"href":"https:\/\/pasaenmendoza.com\/index.php?rest_route=%2Fwp%2Fv2%2Fcomments&post=5322"}],"version-history":[{"count":1,"href":"https:\/\/pasaenmendoza.com\/index.php?rest_route=\/wp\/v2\/posts\/5322\/revisions"}],"predecessor-version":[{"id":5326,"href":"https:\/\/pasaenmendoza.com\/index.php?rest_route=\/wp\/v2\/posts\/5322\/revisions\/5326"}],"wp:featuredmedia":[{"embeddable":true,"href":"https:\/\/pasaenmendoza.com\/index.php?rest_route=\/wp\/v2\/media\/5325"}],"wp:attachment":[{"href":"https:\/\/pasaenmendoza.com\/index.php?rest_route=%2Fwp%2Fv2%2Fmedia&parent=5322"}],"wp:term":[{"taxonomy":"category","embeddable":true,"href":"https:\/\/pasaenmendoza.com\/index.php?rest_route=%2Fwp%2Fv2%2Fcategories&post=5322"},{"taxonomy":"post_tag","embeddable":true,"href":"https:\/\/pasaenmendoza.com\/index.php?rest_route=%2Fwp%2Fv2%2Ftags&post=5322"}],"curies":[{"name":"wp","href":"https:\/\/api.w.org\/{rel}","templated":true}]}}