{"id":5327,"date":"2024-02-14T14:15:03","date_gmt":"2024-02-14T13:15:03","guid":{"rendered":"https:\/\/pasaenmendoza.com\/?p=5327"},"modified":"2024-02-14T14:15:04","modified_gmt":"2024-02-14T13:15:04","slug":"encontraron-ahogado-al-chico-arrastrado-por-el-rio-tunuyan","status":"publish","type":"post","link":"https:\/\/pasaenmendoza.com\/?p=5327","title":{"rendered":"Encontraron ahogado al chico arrastrado por el r\u00edo Tunuy\u00e1n"},"content":{"rendered":"\n<p>Efectivos policiales que sobrevolaban en el helic\u00f3ptero de la fuerza pasadas las 18.45 de este martes la zona del<strong>&nbsp;r\u00edo Tunuy\u00e1n encontraron sin vida al chico de 15 a\u00f1os<\/strong>&nbsp;que fue arrastrado por la corriente el lunes durante la siesta.<\/p>\n\n\n\n<p>La v\u00edctima, identificada como\u00a0<strong>Alan Mercau<\/strong>, se ba\u00f1aba en el cauce cuando sus familiares lo perdieron de vista. Aportaron que vest\u00eda pantal\u00f3n blanco con rayas negras, medias verdes y zapatillas deportivas.\u00a0<strong>El cuerpo se encontraba a unos tres kil\u00f3metros del lugar donde dejaron de verlo, detallaron desde el Halc\u00f3n.<\/strong><\/p>\n\n\n\n<p>El padrastro, de 28 a\u00f1os, describi\u00f3 que se refrescaban en un sector del r\u00edo ubicado en calle Liniers, en el distrito\u00a0<strong>Santa Mar\u00eda de Oro<\/strong>, cuando el menor se tir\u00f3 en\u00a0<em>\u201cen el medio\u201d.<\/em>\u00a0<mark>El hombre se arroj\u00f3 detr\u00e1s para socorrerlo pero no pudo darle alcance y Mercau se hundi\u00f3. Lo perdieron de vista y dieron aviso r\u00e1pidamente al 911.<\/mark><\/p>\n\n\n\n<p>En pocos minutos, personal policial lleg\u00f3 hasta la escena con bomberos e iniciaron los trabajos con la intenci\u00f3n de poder localizarlo por los sectores de la orilla. Sin embargo, el lunes se suspendi\u00f3 la b\u00fasqueda y se retom\u00f3 este martes a las 7.<\/p>\n\n\n\n<p>Despu\u00e9s de varias horas de trabajo \u2013participaron en la b\u00fasqueda Bomberos Voluntarios, efectivos de las UEP Rivadavia y Jun\u00edn, Rural, Montada, Cuerpos Especiales, Comisar\u00eda 13\u00aa, personal con gomones y la divisi\u00f3n VANT y el helic\u00f3ptero-<strong>\u00a0dieron con el cuerpo del chico a tres kil\u00f3metros de donde lo perdieron de vista.<\/strong><\/p>\n\n\n\n<p><strong>Fuente: www.elsol.com.ar<\/strong><\/p>\n","protected":false},"excerpt":{"rendered":"<p>Efectivos policiales que sobrevolaban en el helic\u00f3ptero de la fuerza pasadas las 18.45 de este martes la zona del&nbsp;r\u00edo Tunuy\u00e1n encontraron sin vida al chico de 15 a\u00f1os&nbsp;que fue arrastrado por la corriente el lunes durante la siesta. La v\u00edctima, identificada como\u00a0Alan Mercau, se ba\u00f1aba en el cauce cuando sus familiares lo perdieron de vista. [&hellip;]<\/p>\n","protected":false},"author":2,"featured_media":5328,"comment_status":"open","ping_status":"open","sticky":false,"template":"","format":"standard","meta":[],"categories":[48],"tags":[],"_links":{"self":[{"href":"https:\/\/pasaenmendoza.com\/index.php?rest_route=\/wp\/v2\/posts\/5327"}],"collection":[{"href":"https:\/\/pasaenmendoza.com\/index.php?rest_route=\/wp\/v2\/posts"}],"about":[{"href":"https:\/\/pasaenmendoza.com\/index.php?rest_route=\/wp\/v2\/types\/post"}],"author":[{"embeddable":true,"href":"https:\/\/pasaenmendoza.com\/index.php?rest_route=\/wp\/v2\/users\/2"}],"replies":[{"embeddable":true,"href":"https:\/\/pasaenmendoza.com\/index.php?rest_route=%2Fwp%2Fv2%2Fcomments&post=5327"}],"version-history":[{"count":1,"href":"https:\/\/pasaenmendoza.com\/index.php?rest_route=\/wp\/v2\/posts\/5327\/revisions"}],"predecessor-version":[{"id":5329,"href":"https:\/\/pasaenmendoza.com\/index.php?rest_route=\/wp\/v2\/posts\/5327\/revisions\/5329"}],"wp:featuredmedia":[{"embeddable":true,"href":"https:\/\/pasaenmendoza.com\/index.php?rest_route=\/wp\/v2\/media\/5328"}],"wp:attachment":[{"href":"https:\/\/pasaenmendoza.com\/index.php?rest_route=%2Fwp%2Fv2%2Fmedia&parent=5327"}],"wp:term":[{"taxonomy":"category","embeddable":true,"href":"https:\/\/pasaenmendoza.com\/index.php?rest_route=%2Fwp%2Fv2%2Fcategories&post=5327"},{"taxonomy":"post_tag","embeddable":true,"href":"https:\/\/pasaenmendoza.com\/index.php?rest_route=%2Fwp%2Fv2%2Ftags&post=5327"}],"curies":[{"name":"wp","href":"https:\/\/api.w.org\/{rel}","templated":true}]}}