{"id":5336,"date":"2024-02-15T13:08:22","date_gmt":"2024-02-15T12:08:22","guid":{"rendered":"https:\/\/pasaenmendoza.com\/?p=5336"},"modified":"2024-02-15T13:08:23","modified_gmt":"2024-02-15T12:08:23","slug":"vuelve-el-calor-por-varios-dias-y-hay-un-departamento-en-alerta","status":"publish","type":"post","link":"https:\/\/pasaenmendoza.com\/?p=5336","title":{"rendered":"Vuelve el calor por varios d\u00edas y hay un departamento en alerta"},"content":{"rendered":"\n<p>Este jueves asciende unos grados la temperatura m\u00e1xima y ser\u00e1 otro d\u00eda m\u00e1s de calor. La semana vuelve a traer temperaturas elevadas.&nbsp;<\/p>\n\n\n\n<p>Seg\u00fan el&nbsp;<strong>SMN<\/strong>, la m\u00e1xima llegar\u00e1 a los<strong>&nbsp;33\u00b0. Hay alerta amarilla de calor para General Alvear, donde se prev\u00e9n 35\u00b0 de m\u00e1xima.&nbsp;<\/strong><\/p>\n\n\n\n<p>En tanto que, ma\u00f1ana viernes, la m\u00e1xima est\u00e1 pronosticada para llegar hasta los 36\u00b0 en el Gran Mendoza y, el s\u00e1bado, 35\u00b0.<\/p>\n\n\n\n<p>La humedad relativa del ambiente se mantiene alta, cercana al 60%, lo que eleva la sensaci\u00f3n t\u00e9rmica.&nbsp;<\/p>\n\n\n\n<p>Para la semana que viene tambi\u00e9n se pronostican m\u00e1ximas por encima de los 30\u00b0, as\u00ed que otra vez tendremos varios d\u00edas de calor sin alivio.\u00a0<\/p>\n\n\n\n<p><strong>Fuente: www.mendozapost.com<\/strong><\/p>\n","protected":false},"excerpt":{"rendered":"<p>Este jueves asciende unos grados la temperatura m\u00e1xima y ser\u00e1 otro d\u00eda m\u00e1s de calor. La semana vuelve a traer temperaturas elevadas.&nbsp; Seg\u00fan el&nbsp;SMN, la m\u00e1xima llegar\u00e1 a los&nbsp;33\u00b0. Hay alerta amarilla de calor para General Alvear, donde se prev\u00e9n 35\u00b0 de m\u00e1xima.&nbsp; En tanto que, ma\u00f1ana viernes, la m\u00e1xima est\u00e1 pronosticada para llegar hasta [&hellip;]<\/p>\n","protected":false},"author":2,"featured_media":5337,"comment_status":"open","ping_status":"open","sticky":false,"template":"","format":"standard","meta":[],"categories":[52],"tags":[],"_links":{"self":[{"href":"https:\/\/pasaenmendoza.com\/index.php?rest_route=\/wp\/v2\/posts\/5336"}],"collection":[{"href":"https:\/\/pasaenmendoza.com\/index.php?rest_route=\/wp\/v2\/posts"}],"about":[{"href":"https:\/\/pasaenmendoza.com\/index.php?rest_route=\/wp\/v2\/types\/post"}],"author":[{"embeddable":true,"href":"https:\/\/pasaenmendoza.com\/index.php?rest_route=\/wp\/v2\/users\/2"}],"replies":[{"embeddable":true,"href":"https:\/\/pasaenmendoza.com\/index.php?rest_route=%2Fwp%2Fv2%2Fcomments&post=5336"}],"version-history":[{"count":1,"href":"https:\/\/pasaenmendoza.com\/index.php?rest_route=\/wp\/v2\/posts\/5336\/revisions"}],"predecessor-version":[{"id":5338,"href":"https:\/\/pasaenmendoza.com\/index.php?rest_route=\/wp\/v2\/posts\/5336\/revisions\/5338"}],"wp:featuredmedia":[{"embeddable":true,"href":"https:\/\/pasaenmendoza.com\/index.php?rest_route=\/wp\/v2\/media\/5337"}],"wp:attachment":[{"href":"https:\/\/pasaenmendoza.com\/index.php?rest_route=%2Fwp%2Fv2%2Fmedia&parent=5336"}],"wp:term":[{"taxonomy":"category","embeddable":true,"href":"https:\/\/pasaenmendoza.com\/index.php?rest_route=%2Fwp%2Fv2%2Fcategories&post=5336"},{"taxonomy":"post_tag","embeddable":true,"href":"https:\/\/pasaenmendoza.com\/index.php?rest_route=%2Fwp%2Fv2%2Ftags&post=5336"}],"curies":[{"name":"wp","href":"https:\/\/api.w.org\/{rel}","templated":true}]}}