{"id":5339,"date":"2024-02-15T13:17:41","date_gmt":"2024-02-15T12:17:41","guid":{"rendered":"https:\/\/pasaenmendoza.com\/?p=5339"},"modified":"2024-02-15T13:17:42","modified_gmt":"2024-02-15T12:17:42","slug":"cornejo-presentara-esta-semana-las-leyes-para-cambiar-el-sistema-de-salud","status":"publish","type":"post","link":"https:\/\/pasaenmendoza.com\/?p=5339","title":{"rendered":"Cornejo presentar\u00e1 esta semana las leyes para cambiar el sistema de salud"},"content":{"rendered":"\n<p>Se trata de un paquete de iniciativas que incluye premios y castigos en toda la red del sistema de salud de Mendoza. El proyecto abarca aspectos legales y de gesti\u00f3n.<\/p>\n\n\n\n<p>Tal como adelant\u00f3 hace casi dos semanas en San Rafael, el gobernador\u00a0<strong>Alfredo Cornejo<\/strong>\u00a0enviar\u00e1 esta semana un paquete de leyes a la Legislatura para modificar el sistema de\u00a0<strong>salud\u00a0<\/strong>de Mendoza.<\/p>\n\n\n\n<p>Todo indica que durante la jornada de hoy el proyecto ingresar\u00e1 al Senado para ser analizado en comisiones y luego tratado en el recinto. Ayer a la tarde ultimaron detalles de la redacci\u00f3n los miembros del equipo t\u00e9cnico junto al ministro de\u00a0<strong>Salud\u00a0<\/strong>Rodolfo Montero en la Casa de Gobierno.<\/p>\n\n\n\n<p>Aunque el borrador ya est\u00e1 listo, no se ha filtrado informaci\u00f3n ni detalles de la iniciativa. \u201cEs un paquete de leyes que se van a presentar en la Legislatura para modificar el plan provincial de\u00a0<strong>salud<\/strong>\u201d, confirmaron desde el Ejecutivo sin dar m\u00e1s informaci\u00f3n. Se espera que la presentaci\u00f3n oficial del proyecto sea con una conferencia de prensa.<\/p>\n\n\n\n<p>Lo \u00fanico que se sabe del paquete de leyes es lo que el propio\u00a0<strong>Alfredo Cornejo<\/strong>\u00a0coment\u00f3 en su discurso por los 100 a\u00f1os del hospital Schestakow en San Rafael. El proyecto buscar\u00e1 mejorar la productividad en todo el sistema de\u00a0<strong>salud\u00a0<\/strong>a trav\u00e9s de la implementaci\u00f3n de incentivos.<\/p>\n\n\n\n<p>\u201cNecesitamos premios y castigos en el funcionamiento de toda la red de&nbsp;<strong>salud<\/strong>. Estamos pensando un plan de&nbsp;<strong>salud&nbsp;<\/strong>que mejore lo hecho hasta aqu\u00ed y corrija lo que no est\u00e1 funcionando bien en el sistema\u201d, dijo&nbsp;<strong>Alfredo Cornejo<\/strong>&nbsp;hace dos semanas en San Rafael.&nbsp;<br>\u201cPodemos incorporar incentivos econ\u00f3micos en el marco de la emergencia. Tambi\u00e9n hay aspectos legales y otros de gesti\u00f3n. El balance es positivo pero siempre hay cosas para mejorar\u201d, agreg\u00f3 el gobernador.&nbsp;<\/p>\n\n\n\n<h2 class=\"wp-block-heading\">Una mejora integral del sistema de salud<\/h2>\n\n\n\n<p>Ante el contexto de crisis en las prepagas y obras sociales,\u00a0<strong>Alfredo Cornejo<\/strong>\u00a0dijo que buscar\u00e1 crear las condiciones y mantener la infraestructura de\u00a0<strong>salud<\/strong>, liderar los servicios y el sistema en general.\u00a0<\/p>\n\n\n\n<p>\u201cEn este contexto de emergencia, queremos profundizar el plan de&nbsp;<strong>salud<\/strong>. Est\u00e1n pensados no solo para la emergencia sino para la salida de la emergencia. Queremos mayor accesibilidad, mejorar el financiamiento del sistema de&nbsp;<strong>salud&nbsp;<\/strong>en toda la provincia y otorgar premios concretos para el personal que desempe\u00f1a la tarea correctamente\u201d, dijo el gobernador.&nbsp;<\/p>\n\n\n\n<p>\u201cA pesar de las dificultades, seguir\u00e9 trabajando para mejorar los servicios y generar igualdad de oportunidades\u201d, cerr\u00f3.<\/p>\n\n\n\n<h2 class=\"wp-block-heading\">La primera pulseada en la Legislatura<\/h2>\n\n\n\n<p>Durante su primer mandato, Alfredo Cornejo revolucion\u00f3 la Justicia con proyectos en todos los fueros. Tambi\u00e9n impuls\u00f3 el \u00edtem aula, el plan de ordenamiento territorial, la ley de \u00c9tica P\u00fablica, la ley de Movilidad y el C\u00f3digo de Faltas. Antes de terminar su gesti\u00f3n promulg\u00f3 la enmienda a la Constituci\u00f3n de Mendoza para limitar las reelecciones de los intendentes.\u00a0<\/p>\n\n\n\n<p>En este mandato, tambi\u00e9n tiene un plan. El puntapi\u00e9 inicial ser\u00e1 en la\u00a0<strong>salud<\/strong>. Con la ley de Ministerios y el Presupuesto resuelto, la Legislatura pas\u00f3 un verano en calma. Sin embargo antes de que termine febrero ser\u00e1 el escenario del primer round de la pol\u00edtica local donde se discutir\u00e1 la gesti\u00f3n y aspectos legales del sistema de\u00a0<strong>salud<\/strong>.\u00a0<\/p>\n\n\n\n<p>FUENTE: MDZonline.<\/p>\n","protected":false},"excerpt":{"rendered":"<p>Se trata de un paquete de iniciativas que incluye premios y castigos en toda la red del sistema de salud de Mendoza. El proyecto abarca aspectos legales y de gesti\u00f3n. Tal como adelant\u00f3 hace casi dos semanas en San Rafael, el gobernador\u00a0Alfredo Cornejo\u00a0enviar\u00e1 esta semana un paquete de leyes a la Legislatura para modificar el [&hellip;]<\/p>\n","protected":false},"author":2,"featured_media":5343,"comment_status":"open","ping_status":"open","sticky":true,"template":"","format":"standard","meta":[],"categories":[47],"tags":[],"_links":{"self":[{"href":"https:\/\/pasaenmendoza.com\/index.php?rest_route=\/wp\/v2\/posts\/5339"}],"collection":[{"href":"https:\/\/pasaenmendoza.com\/index.php?rest_route=\/wp\/v2\/posts"}],"about":[{"href":"https:\/\/pasaenmendoza.com\/index.php?rest_route=\/wp\/v2\/types\/post"}],"author":[{"embeddable":true,"href":"https:\/\/pasaenmendoza.com\/index.php?rest_route=\/wp\/v2\/users\/2"}],"replies":[{"embeddable":true,"href":"https:\/\/pasaenmendoza.com\/index.php?rest_route=%2Fwp%2Fv2%2Fcomments&post=5339"}],"version-history":[{"count":1,"href":"https:\/\/pasaenmendoza.com\/index.php?rest_route=\/wp\/v2\/posts\/5339\/revisions"}],"predecessor-version":[{"id":5344,"href":"https:\/\/pasaenmendoza.com\/index.php?rest_route=\/wp\/v2\/posts\/5339\/revisions\/5344"}],"wp:featuredmedia":[{"embeddable":true,"href":"https:\/\/pasaenmendoza.com\/index.php?rest_route=\/wp\/v2\/media\/5343"}],"wp:attachment":[{"href":"https:\/\/pasaenmendoza.com\/index.php?rest_route=%2Fwp%2Fv2%2Fmedia&parent=5339"}],"wp:term":[{"taxonomy":"category","embeddable":true,"href":"https:\/\/pasaenmendoza.com\/index.php?rest_route=%2Fwp%2Fv2%2Fcategories&post=5339"},{"taxonomy":"post_tag","embeddable":true,"href":"https:\/\/pasaenmendoza.com\/index.php?rest_route=%2Fwp%2Fv2%2Ftags&post=5339"}],"curies":[{"name":"wp","href":"https:\/\/api.w.org\/{rel}","templated":true}]}}