{"id":5345,"date":"2024-02-15T13:21:23","date_gmt":"2024-02-15T12:21:23","guid":{"rendered":"https:\/\/pasaenmendoza.com\/?p=5345"},"modified":"2024-02-15T13:21:24","modified_gmt":"2024-02-15T12:21:24","slug":"el-gobierno-define-la-suba-del-salario-minimo-que-pediran-los-gremios","status":"publish","type":"post","link":"https:\/\/pasaenmendoza.com\/?p=5345","title":{"rendered":"El Gobierno define la suba del salario m\u00ednimo: qu\u00e9 pedir\u00e1n los gremios"},"content":{"rendered":"\n<p>En enero \u00faltimo fue de $156.000, mientras que la canasta b\u00e1sica para un trabajador sin carga de familia fue de $491.367.<\/p>\n\n\n\n<p>El&nbsp;<strong>Consejo Nacional del Empleo, la Productividad y el Salario M\u00ednimo Vital y M\u00f3vil&nbsp;<\/strong>(Csmvm) se reunir\u00e1 este jueves para fijar un nuevo piso de ese haber, para el cual la Confederaci\u00f3n General del Trabajo (CGT) pide un aumento del 85% y la CTA Aut\u00f3noma (CTAA) reclama un ajuste mensual, mientras movimientos sociales realizar\u00e1n protestas para reclamar incremento de los montos para los comedores comunitarios.<\/p>\n\n\n\n<p>La reuni\u00f3n se desarrollar\u00e1 a partir de las 16.30 en la Secretar\u00eda de Trabajo, ubicada en la avenida Leandro N. Alem 650 de la Ciudad de Buenos Aires, seg\u00fan precisa la resoluci\u00f3n 27\/2024 del Ministerio de Capital Humano, que fue publicada en el Bolet\u00edn Oficial.<\/p>\n\n\n\n<p>Como orden del d\u00eda se estipul\u00f3 la \u201cconvocatoria a designaci\u00f3n de dos consejeros presentes de cada sector para la suscripci\u00f3n del acta\u201d en un encuentro previo, convocado a las 15; y luego la \u201cconsideraci\u00f3n de los temas elevados al plenario por la comisi\u00f3n\u201d que se analizar\u00e1 en la segunda sesi\u00f3n, a partir de las 16.30.<\/p>\n\n\n\n<p>All\u00ed se tratar\u00e1 la determinaci\u00f3n del&nbsp;<strong>Salario M\u00ednimo, Vital y M\u00f3vil (SMVM)<\/strong>, y los montos m\u00ednimos y m\u00e1ximos de la prestaci\u00f3n por desempleo.<\/p>\n\n\n\n<p>Adem\u00e1s, se convoc\u00f3 a los integrantes de la comisi\u00f3n a reunirse en encuentros previos hoy en sus respectivas sesiones, a partir de las 10.30 en los recintos asignados.<\/p>\n\n\n\n<p>La CGT anticip\u00f3 que reclamar\u00e1 una actualizaci\u00f3n de al menos \u201c85%, debido la devaluaci\u00f3n y la inflaci\u00f3n acumulada entre los meses de diciembre 2023 y febrero 2024\u201d.<\/p>\n\n\n\n<p><em>\u201cLa convocatoria al Consejo del Salario M\u00ednimo Vital y M\u00f3vil es un \u00e1mbito de di\u00e1logo a los fines de recuperar en algo el poder adquisitivo de los sectores m\u00e1s empobrecidos\u201d,&nbsp;<\/em>expres\u00f3 ayer la central obrera en una publicaci\u00f3n en su cuenta oficial de la plataforma X.<\/p>\n\n\n\n<p>Para fijar la posici\u00f3n que sostendr\u00e1 en la reuni\u00f3n del Consejo del Salario, la Mesa Ejecutiva Nacional de la CTAA se reuni\u00f3 el mi\u00e9rcoles a la tarde y ratific\u00f3 \u201cel plan de acci\u00f3n contra el mega DNU\u201d de desregulaci\u00f3n financiera del Ejecutivo.<\/p>\n\n\n\n<p>La central obrera adelant\u00f3 que \u201creclamar\u00e1 que haya aumentos todos los meses (del SMVM) y un incremento que, en lo inmediato, supere los valores de la canasta b\u00e1sica de indigencia\u201d.<\/p>\n\n\n\n<h2 class=\"wp-block-heading\" id=\"h-cual-fue-el-salario-minimo-en-enero\">Cu\u00e1l fue el Salario M\u00ednimo en enero<\/h2>\n\n\n\n<p>El salario m\u00ednimo acumula una p\u00e9rdida adicional porque debi\u00f3 haber sido convocado en&nbsp;<strong>diciembre<\/strong>, para acordar el nuevo valor desde enero. Al reunirse a mitad de febrero, se descuenta que quedar\u00e1 \u201csalteado\u201d el valor de enero y est\u00e1 en duda si se fijar\u00e1 un nuevo monto retroactivo al 1\u00b0 de febrero o regir\u00e1 desde el 1\u00b0 de marzo.<\/p>\n\n\n\n<p>El SMVM de enero \u00faltimo fue de $156.000, mientras que la canasta b\u00e1sica para un trabajador sin carga de familia fue de $491.367, y la canasta b\u00e1sica de indigencia en el mismo per\u00edodo estuvo en el monto de $285.561 y, seg\u00fan consign\u00f3 la CTAA, \u201csu proyecci\u00f3n a marzo estar\u00eda alrededor de $376.925\u201d.<\/p>\n\n\n\n<p>En 2023 tuvo un incremento del 151,8% frente a una inflaci\u00f3n del 211,4%. Una p\u00e9rdida de 19% que deber\u00e1 sumarse adem\u00e1s el deterioro durante enero seg\u00fan la cifra de inflaci\u00f3n que informe este mi\u00e9rcoles el Indec.<\/p>\n\n\n\n<h2 class=\"wp-block-heading\" id=\"h-dia-de-protestas-en-buenos-aires\">D\u00eda de protestas en Buenos Aires<\/h2>\n\n\n\n<p>La reuni\u00f3n del organismo, la primera de la gesti\u00f3n del presidente&nbsp;<strong>Javier Milei<\/strong>, tendr\u00e1 su r\u00e9plica en las calles con una nueva&nbsp;<strong>protesta&nbsp;<\/strong>de organizaciones sociales, que insistir\u00e1n en sus reclamos de \u201caumento de los montos para la asistencia a los comedores\u201d comunitarios que ellos administran.<\/p>\n\n\n\n<p>Seg\u00fan anticiparon en un comunicado de prensa, cocineras y coordinadoras de comedores populares de diversas organizaciones piqueteras tienen previsto concentrarse este jueves a partir de las 11 en las puertas de la sede de la cartera laboral.<\/p>\n\n\n\n<p>Entre sus demandas, las organizaciones sociales reclamar\u00e1n \u201cun salario m\u00ednimo igual a la canasta b\u00e1sica\u201d, pedir\u00e1n que \u201cel monto del Salario Social Complementario se mantenga en el 50% del SMVyM\u201d y reclamar\u00e1n \u201cno al desacople del Potenciar Trabajo\u201d.<\/p>\n\n\n\n<p>\u201cLa inflaci\u00f3n acumulada estos meses, en especial sobre los alimentos, fue licuando los ingresos de los trabajadores en general, pero golpe\u00f3 m\u00e1s duro a quienes ya estaban en situaci\u00f3n de pobreza e indigencia\u201d, argumentaron en el comunicado.<\/p>\n\n\n\n<p>Dijeron adem\u00e1s que la convocatoria al Consejo \u201cdebe contemplar la situaci\u00f3n desesperante de millones de personas que dependen de su referencia: trabajadoras y trabajadores formales, jubilados y tambi\u00e9n quienes perciben un Salario Social Complementario, el Potenciar Trabajo\u201d.<\/p>\n\n\n\n<p>De la protesta participar\u00e1n representantes de la Federaci\u00f3n Nacional Territorial (FeNaT-CTAA), Libres del Sur, el Movimiento Argentina Rebelde, el Frente Popular Dar\u00edo Santill\u00e1n (FPDS), la Coordinadora por el Cambio Social; el Frente de Organizaciones en Lucha (FOL); el FPDS-Corriente Plurinacional y el Movimiento por la Unidad Latinoamericana y el Cambio Social (MULCS).<\/p>\n\n\n\n<p>Estar\u00e1n tambi\u00e9n los referentes del Movimiento Socialista de los Trabajadores (MST); Movimiento 8 de Abril; FAR y Copa Marabunta; la Federaci\u00f3n de Organizaciones de Base Aut\u00f3noma (FOBA); la Organizaci\u00f3n Libre del Pueblo (OLP) Resistir y Luchar; el Movimiento Juana Azurduy; Arriba los que Luchan; el MTD An\u00edbal Ver\u00f3n y el MTR por la democracia directa, entre otros.<\/p>\n\n\n\n<p>FUENTE: Elsol.com.ar <\/p>\n","protected":false},"excerpt":{"rendered":"<p>En enero \u00faltimo fue de $156.000, mientras que la canasta b\u00e1sica para un trabajador sin carga de familia fue de $491.367. El&nbsp;Consejo Nacional del Empleo, la Productividad y el Salario M\u00ednimo Vital y M\u00f3vil&nbsp;(Csmvm) se reunir\u00e1 este jueves para fijar un nuevo piso de ese haber, para el cual la Confederaci\u00f3n General del Trabajo (CGT) [&hellip;]<\/p>\n","protected":false},"author":2,"featured_media":5348,"comment_status":"open","ping_status":"open","sticky":true,"template":"","format":"standard","meta":[],"categories":[47],"tags":[],"_links":{"self":[{"href":"https:\/\/pasaenmendoza.com\/index.php?rest_route=\/wp\/v2\/posts\/5345"}],"collection":[{"href":"https:\/\/pasaenmendoza.com\/index.php?rest_route=\/wp\/v2\/posts"}],"about":[{"href":"https:\/\/pasaenmendoza.com\/index.php?rest_route=\/wp\/v2\/types\/post"}],"author":[{"embeddable":true,"href":"https:\/\/pasaenmendoza.com\/index.php?rest_route=\/wp\/v2\/users\/2"}],"replies":[{"embeddable":true,"href":"https:\/\/pasaenmendoza.com\/index.php?rest_route=%2Fwp%2Fv2%2Fcomments&post=5345"}],"version-history":[{"count":1,"href":"https:\/\/pasaenmendoza.com\/index.php?rest_route=\/wp\/v2\/posts\/5345\/revisions"}],"predecessor-version":[{"id":5349,"href":"https:\/\/pasaenmendoza.com\/index.php?rest_route=\/wp\/v2\/posts\/5345\/revisions\/5349"}],"wp:featuredmedia":[{"embeddable":true,"href":"https:\/\/pasaenmendoza.com\/index.php?rest_route=\/wp\/v2\/media\/5348"}],"wp:attachment":[{"href":"https:\/\/pasaenmendoza.com\/index.php?rest_route=%2Fwp%2Fv2%2Fmedia&parent=5345"}],"wp:term":[{"taxonomy":"category","embeddable":true,"href":"https:\/\/pasaenmendoza.com\/index.php?rest_route=%2Fwp%2Fv2%2Fcategories&post=5345"},{"taxonomy":"post_tag","embeddable":true,"href":"https:\/\/pasaenmendoza.com\/index.php?rest_route=%2Fwp%2Fv2%2Ftags&post=5345"}],"curies":[{"name":"wp","href":"https:\/\/api.w.org\/{rel}","templated":true}]}}