{"id":5347,"date":"2024-02-15T13:23:49","date_gmt":"2024-02-15T12:23:49","guid":{"rendered":"https:\/\/pasaenmendoza.com\/?p=5347"},"modified":"2024-02-15T13:23:50","modified_gmt":"2024-02-15T12:23:50","slug":"las-dos-hipotesis-que-tiene-el-asesinato-de-un-hombre-durante-un-tiroteo-en-las-heras","status":"publish","type":"post","link":"https:\/\/pasaenmendoza.com\/?p=5347","title":{"rendered":"Las dos hip\u00f3tesis que tiene el asesinato de un hombre durante un tiroteo en Las Heras"},"content":{"rendered":"\n<p>Tres semanas pasaron desde que&nbsp;<strong>Ricardo Adri\u00e1n Torres Narv\u00e1ez<\/strong>&nbsp;fue asesinado de un balazo en el pecho durante tiroteo en&nbsp;<strong>El Algarrobal<\/strong>,&nbsp;<strong>Las Heras<\/strong>. Los autores llegaron a bordo de un auto negro y dispararon contra la casa del hombre, donde tambi\u00e9n funciona un negocio tipo despensa. La esposa y un hijo de la v\u00edctima tambi\u00e9n resultaron heridos y lograron sobrevivir, transform\u00e1ndose en una pieza importante en la instrucci\u00f3n.<\/p>\n\n\n\n<p>La causa que lidera la<strong>\u00a0fiscal de Homicidios Claudia R\u00edos<\/strong>\u00a0permanec\u00eda hasta este jueves sin detenidos, pero\u00a0<mark>los detectives barajaban algunos nombres y analizaban dos hip\u00f3tesis que surgieron desde el inicio de la investigaci\u00f3n<\/mark>.<\/p>\n\n\n\n<p>De acuerdo con fuentes policiales, la primera l\u00ednea investigativa sostiene que los agresores buscaban a un personaje de la zona, apodado\u00a0<strong><em>Pato<\/em><\/strong>. Ese hombre habr\u00eda estado comprando en el comercio de la v\u00edctima y se retir\u00f3 instantes antes de la llegada de los homicidas.<\/p>\n\n\n\n<p>En ese sentido, los pesquisas creen que&nbsp;<mark>los atacantes ten\u00edan el dato de que el&nbsp;<em>Pato&nbsp;<\/em>se encontraba en ese lugar y cuando llegaron descargaron una infernal lluvia de balas contra la vivienda de la familia Torres<\/mark>.<\/p>\n\n\n\n<p>Incluso, de acuerdo con los testimonios recolectados en la escena del crimen, antes de irse del negocio, el&nbsp;<em><strong>Pato&nbsp;<\/strong><\/em>hab\u00eda contado que hac\u00eda un ratito hab\u00eda ido a tirotear a unos individuos con los que estaba enemistado.<\/p>\n\n\n\n<p>Por ese motivo, en un principio\u00a0<mark>estimaban que\u00a0<strong>Ricardo Torres\u00a0<\/strong>y sus familiares\u00a0<em>\u201cse comieron de arriba\u201d\u00a0<\/em>la venganza que ten\u00eda como objetivo a otra persona<\/mark>. No obstante, con el paso de las horas esa versi\u00f3n se puso en duda.<\/p>\n\n\n\n<p>Uno de los indicios que comenzaron a abrir una segunda l\u00ednea investigativa fue que en el interior del inmueble que fue blanco de los disparos,\u00a0<mark>se hallaron vainas servidas de un arma de fuego que no coincid\u00edan con la utilizada por los autores<\/mark>, revelaron las fuentes consultadas.<\/p>\n\n\n\n<p>Asimismo, el personal de la<strong>&nbsp;Polic\u00eda Cient\u00edfica<\/strong>&nbsp;dio con trozos de vidrio de un autom\u00f3vil que, por sus caracter\u00edsticas, podr\u00edan corresponder al veh\u00edculo en el que se trasladaban los atacantes, agregaron.<\/p>\n\n\n\n<p>Debido a eso,\u00a0<mark>no descartaban que haya existido fuego cruzado y que los testigos presenciales hayan omitido mencionar esa circunstancia<\/mark>.<\/p>\n\n\n\n<p>Incluso, en su declaraci\u00f3n, el hijo del hombre asesinado modific\u00f3 el relato inicial que le hab\u00eda a los detectives en la escena, lo que aument\u00f3 las sospechas de que el ataque no s\u00f3lo estaba dirigido al&nbsp;<em>Pato<\/em>, sino tambi\u00e9n a la familia Torres.<\/p>\n\n\n\n<p>Otra pista que siguen los funcionarios que lideran la instrucci\u00f3n es el pasado delictivo de Ricardo Torres, quien tiene un no muy lejano pasado carcelario:&nbsp;<mark>en 2018 fue condenado a tres a\u00f1os de causa por una causa&nbsp;<strong>Correccional&nbsp;<\/strong>y al a\u00f1o siguiente le otorgaron la&nbsp;<strong>libertad condicional<\/strong><\/mark>, de acuerdo con fuentes judiciales.<\/p>\n\n\n\n<p>Anteriormente, tambi\u00e9n estuvo imputado por un robo, en un expediente de 2013 que fue archivado, y por una causa de\u00a0<strong>Flagrancia<\/strong>, en la cual lo sentenciaron durante 2017, agregaron.<\/p>\n\n\n\n<p>A eso se le sum\u00f3 un dato que obtuvieron los investigadores durante los trabajos que se realizaron en la zona, el cual sosten\u00eda que&nbsp;<mark>todo se trat\u00f3 de un ajuste por tema de drogas y que Torres estaba involucrado en ese conflicto,<\/mark>&nbsp;se\u00f1ala la informaci\u00f3n policial a la que accedi\u00f3&nbsp;<strong><em>El Sol<\/em><\/strong>.<\/p>\n\n\n\n<p>Con todos esos elementos, en los \u00faltimos d\u00edas se buscaba profundizar sobre esta \u00faltima hip\u00f3tesis, la cual comenz\u00f3 a tomar fuerza y podr\u00eda permitir avanzar en la causa y tambi\u00e9n sobre las identidades de los autores.<\/p>\n\n\n\n<p><strong>Feroz balacera<\/strong><\/p>\n\n\n\n<p>Fue cerca de las 23 del mi\u00e9rcoles 24 de enero cuando Torres se encontraba junto a su esposa y sus hijos en su domicilio del<strong>&nbsp;barrio Jorge Newbery<\/strong>, ubicado en&nbsp;<strong>calles R\u00edo Juramento y Cabildo Abierto<\/strong>.<\/p>\n\n\n\n<p>La familia hab\u00eda terminado de cenar minutos antes y estaba compartiendo una gaseosa en la vereda de la propiedad. En ese momento,&nbsp;<mark>un auto negro se fren\u00f3 frente a ellos, dos sujetos descendieron y comenzaron a disparar sin mediar palabras<\/mark>, de acuerdo con el relato de las v\u00edctimas.<\/p>\n\n\n\n<p>A ra\u00edz de eso, el padre de familia result\u00f3 con un balazo en el pecho; mientras que su esposa, de 42 a\u00f1os, recibi\u00f3 un disparo en la pierna derecha y su hijo, de 18, result\u00f3 con una fractura de tibia por el impacto de un plomo.<\/p>\n\n\n\n<p>Personal del\u00a0<strong>Servicio de Emergencias Coordinado<\/strong>\u00a0(<strong>SEC<\/strong>) que arrib\u00f3 a la escena\u00a0<mark>confirm\u00f3 el deceso de Torres<\/mark>\u00a0y traslad\u00f3 a los dos heridos en ambulancia hasta el\u00a0<strong>Hospital Lagomaggiore<\/strong>, donde recibieron el alta d\u00edas despu\u00e9s.<\/p>\n\n\n\n<p><strong>Fuente: www.elsol.com.ar<\/strong><\/p>\n","protected":false},"excerpt":{"rendered":"<p>Tres semanas pasaron desde que&nbsp;Ricardo Adri\u00e1n Torres Narv\u00e1ez&nbsp;fue asesinado de un balazo en el pecho durante tiroteo en&nbsp;El Algarrobal,&nbsp;Las Heras. Los autores llegaron a bordo de un auto negro y dispararon contra la casa del hombre, donde tambi\u00e9n funciona un negocio tipo despensa. La esposa y un hijo de la v\u00edctima tambi\u00e9n resultaron heridos y [&hellip;]<\/p>\n","protected":false},"author":2,"featured_media":5351,"comment_status":"open","ping_status":"open","sticky":false,"template":"","format":"standard","meta":[],"categories":[48],"tags":[],"_links":{"self":[{"href":"https:\/\/pasaenmendoza.com\/index.php?rest_route=\/wp\/v2\/posts\/5347"}],"collection":[{"href":"https:\/\/pasaenmendoza.com\/index.php?rest_route=\/wp\/v2\/posts"}],"about":[{"href":"https:\/\/pasaenmendoza.com\/index.php?rest_route=\/wp\/v2\/types\/post"}],"author":[{"embeddable":true,"href":"https:\/\/pasaenmendoza.com\/index.php?rest_route=\/wp\/v2\/users\/2"}],"replies":[{"embeddable":true,"href":"https:\/\/pasaenmendoza.com\/index.php?rest_route=%2Fwp%2Fv2%2Fcomments&post=5347"}],"version-history":[{"count":1,"href":"https:\/\/pasaenmendoza.com\/index.php?rest_route=\/wp\/v2\/posts\/5347\/revisions"}],"predecessor-version":[{"id":5352,"href":"https:\/\/pasaenmendoza.com\/index.php?rest_route=\/wp\/v2\/posts\/5347\/revisions\/5352"}],"wp:featuredmedia":[{"embeddable":true,"href":"https:\/\/pasaenmendoza.com\/index.php?rest_route=\/wp\/v2\/media\/5351"}],"wp:attachment":[{"href":"https:\/\/pasaenmendoza.com\/index.php?rest_route=%2Fwp%2Fv2%2Fmedia&parent=5347"}],"wp:term":[{"taxonomy":"category","embeddable":true,"href":"https:\/\/pasaenmendoza.com\/index.php?rest_route=%2Fwp%2Fv2%2Fcategories&post=5347"},{"taxonomy":"post_tag","embeddable":true,"href":"https:\/\/pasaenmendoza.com\/index.php?rest_route=%2Fwp%2Fv2%2Ftags&post=5347"}],"curies":[{"name":"wp","href":"https:\/\/api.w.org\/{rel}","templated":true}]}}