{"id":5350,"date":"2024-02-15T13:31:56","date_gmt":"2024-02-15T12:31:56","guid":{"rendered":"https:\/\/pasaenmendoza.com\/?p=5350"},"modified":"2024-02-15T13:31:58","modified_gmt":"2024-02-15T12:31:58","slug":"para-stevanato-es-tiempo-de-acompanar-a-milei-y-cornejo","status":"publish","type":"post","link":"https:\/\/pasaenmendoza.com\/?p=5350","title":{"rendered":"Para Stevanato, es tiempo de acompa\u00f1ar a Milei y Cornejo"},"content":{"rendered":"\n<p>Energizado reapareci\u00f3&nbsp;Mat\u00edas Stevanato,&nbsp;y,&nbsp;en medio de la crisis econ\u00f3mica que resiente las finanzas estatales, volvi\u00f3 al escenario p\u00fablico anunciando la pr\u00f3xima fiesta de la Vendimia de Maip\u00fa y la segunda edici\u00f3n del Festival del Malbec y el Olivo, con el bonus track de la inauguraci\u00f3n del nuevo teatro griego &#8220;Maip\u00fa&#8221; en el Parque Metropolitano, donde se realizar\u00e1n las dos celebraciones.<\/p>\n\n\n\n<p>El intendente maipucino irrumpi\u00f3 dando estos detalles en una conferencia de prensa en uno de los salones del Arena Maip\u00fa. Sab\u00eda que como uno de los referentes territoriales del peronismo mendocino tendr\u00eda que fijar algunas posiciones ante el cambio del tablero pol\u00edtico y la incidencia de la pol\u00edtica de&nbsp;Javier Milei, y&nbsp;conviviendo con&nbsp;<strong>Alfredo Cornejo<\/strong>&nbsp;la coyuntura de ajuste y cortes de fondos federales impuestos por la motosierra del presidente.<\/p>\n\n\n\n<p>Est\u00e1 claro que Stevanato no es un rupturista. Siempre y en otras circunstancias de tensi\u00f3n pol\u00edtica ha reclamado dialogar y distender los climas. Por eso, las crisis de alg\u00fan modo le sientan bien porque muestra su faceta conciliadora y eso fue precisamente lo que hizo.<\/p>\n\n\n\n<p>&#8220;Soy un dirigente que apuesta a la democracia y el presidente Milei fue elegido por todos los argentinos, y por la responsabilidad como intendente&nbsp;<strong>tengo que acompa\u00f1ar al gobernador Alfredo Cornejo y acompa\u00f1ar al presidente<\/strong>.&nbsp;Si tengo alguna cr\u00edtica la puedo llegar a hacer en privado y si los maipucinos tienen alg\u00fan problema voy a hacer todo lo posible para poder ayudarlos, pero hoy en d\u00eda lo que tenemos que hacer es fortalecer la democracia y ayudar a quienes tenemos que ayudar&#8221;, dijo levantando el tono ante los micr\u00f3fonos y c\u00e1maras que lo rodearon ayer mi\u00e9rcoles 14.&nbsp;<\/p>\n\n\n\n<p>La expresi\u00f3n de alineamiento emergente del jefe comunal peronista con Milei y Cornejo se da a horas de la reuni\u00f3n que tendr\u00e1n hoy jueves 15 los intendentes convocados en la Federaci\u00f3n Argentina de Municipalidades (FAM). El \u00f3rgano evaluador de las pol\u00edticas nacionales en las comunas emiti\u00f3 un comunicado muy cr\u00edtico a las medidas nacionales de recortes de fondos. Stevanato y sus colegas de Santa Rosa -Flor Dest\u00e9fanis- y de La Paz -Fernando Ubieta- firmaron ese documento como parte de la mesa de la FAM.&nbsp;<\/p>\n\n\n\n<p>Para no dejar dudas de su postura de concordancia, Stevanato puso en valor las gestiones que tuvo con la ministra de Seguridad,&nbsp;Mercedes Rus&nbsp;(tambi\u00e9n maipucina) para complementar acciones para mejorar la prestaci\u00f3n de seguridad de la poblaci\u00f3n en medio del creciente registro de hechos delictivos sumados a la violencia social que gana espacio.&nbsp;<\/p>\n\n\n\n<p>Vendimia y Festival en agenda<\/p>\n\n\n\n<p>El s\u00e1bado 24 se realizar\u00e1 la elecci\u00f3n de la reina departamental de Maip\u00fa y al d\u00eda siguiente ser\u00e1 la presentaci\u00f3n de La Konga y Los Caligaris, dice la informaci\u00f3n oficial sobre la Fiesta de la Vendimia departamental y el Festival del Malbec y el Olivo. Este \u00faltimo evento pretende sumarse a la grilla festivalera de Mendoza, por lo que Stevanato destac\u00f3 el apoyo de 50 empresas para sostener este emprendimiento art\u00edstico.<\/p>\n\n\n\n<p>Con \u00e9nfasis entusiasta el jefe comunal remarc\u00f3 que &#8220;por esta crisis ten\u00edamos miedo de poder hacerlo, lo dudamos, y la verdad que cuando nosotros hablamos de 50 empresarios y pymes, ustedes se dan cuenta de la magnitud de lo que estamos diciendo. Son muchos quienes han apostado. Grandes bodegas, empresas, bancos, que apostaron a que en Maip\u00fa se pueda hacer el festival, as\u00ed que les agradezco p\u00fablicamente a esos empresarios que confiaron en Maip\u00fa y en este festival&#8221;.<\/p>\n\n\n\n<p>Para cerrar las declaraciones, Stevanato fue cortante sobre la posibilidad de dar un punto de vista partidario como dirigente peronista sobre la actuaci\u00f3n del Gobierno nacional en lo que va de estos 67 d\u00edas de Milei.&nbsp;&#8220;Esas discusiones (entre peronistas) las tendremos dentro del partido, yo como intendente trabajo para que los maipucinos vivan cada d\u00eda mejor&#8221;, cerr\u00f3 Stevanato.&nbsp;&nbsp;<\/p>\n\n\n\n<p>FUENTE: Mendozapost<\/p>\n","protected":false},"excerpt":{"rendered":"<p>Energizado reapareci\u00f3&nbsp;Mat\u00edas Stevanato,&nbsp;y,&nbsp;en medio de la crisis econ\u00f3mica que resiente las finanzas estatales, volvi\u00f3 al escenario p\u00fablico anunciando la pr\u00f3xima fiesta de la Vendimia de Maip\u00fa y la segunda edici\u00f3n del Festival del Malbec y el Olivo, con el bonus track de la inauguraci\u00f3n del nuevo teatro griego &#8220;Maip\u00fa&#8221; en el Parque Metropolitano, donde se [&hellip;]<\/p>\n","protected":false},"author":2,"featured_media":5361,"comment_status":"open","ping_status":"open","sticky":true,"template":"","format":"standard","meta":[],"categories":[1,47],"tags":[],"_links":{"self":[{"href":"https:\/\/pasaenmendoza.com\/index.php?rest_route=\/wp\/v2\/posts\/5350"}],"collection":[{"href":"https:\/\/pasaenmendoza.com\/index.php?rest_route=\/wp\/v2\/posts"}],"about":[{"href":"https:\/\/pasaenmendoza.com\/index.php?rest_route=\/wp\/v2\/types\/post"}],"author":[{"embeddable":true,"href":"https:\/\/pasaenmendoza.com\/index.php?rest_route=\/wp\/v2\/users\/2"}],"replies":[{"embeddable":true,"href":"https:\/\/pasaenmendoza.com\/index.php?rest_route=%2Fwp%2Fv2%2Fcomments&post=5350"}],"version-history":[{"count":1,"href":"https:\/\/pasaenmendoza.com\/index.php?rest_route=\/wp\/v2\/posts\/5350\/revisions"}],"predecessor-version":[{"id":5362,"href":"https:\/\/pasaenmendoza.com\/index.php?rest_route=\/wp\/v2\/posts\/5350\/revisions\/5362"}],"wp:featuredmedia":[{"embeddable":true,"href":"https:\/\/pasaenmendoza.com\/index.php?rest_route=\/wp\/v2\/media\/5361"}],"wp:attachment":[{"href":"https:\/\/pasaenmendoza.com\/index.php?rest_route=%2Fwp%2Fv2%2Fmedia&parent=5350"}],"wp:term":[{"taxonomy":"category","embeddable":true,"href":"https:\/\/pasaenmendoza.com\/index.php?rest_route=%2Fwp%2Fv2%2Fcategories&post=5350"},{"taxonomy":"post_tag","embeddable":true,"href":"https:\/\/pasaenmendoza.com\/index.php?rest_route=%2Fwp%2Fv2%2Ftags&post=5350"}],"curies":[{"name":"wp","href":"https:\/\/api.w.org\/{rel}","templated":true}]}}