{"id":5353,"date":"2024-02-15T13:29:38","date_gmt":"2024-02-15T12:29:38","guid":{"rendered":"https:\/\/pasaenmendoza.com\/?p=5353"},"modified":"2024-02-15T13:29:40","modified_gmt":"2024-02-15T12:29:40","slug":"fallecio-el-conductor-que-volco-en-la-ruta-143-en-general-alvear","status":"publish","type":"post","link":"https:\/\/pasaenmendoza.com\/?p=5353","title":{"rendered":"Falleci\u00f3 el conductor que volc\u00f3 en la Ruta 143, en General Alvear"},"content":{"rendered":"\n<p>El hombre que se accident\u00f3 este miercoles en la ma\u00f1ana en General Alvear falleci\u00f3 por la tarde en el Hospital Enfermeros Argentinos de dicho departamento. Seg\u00fan informes policiales, se trat\u00f3 de una camioneta\u00a0<strong>Ford\u00a0 Ranger que volc\u00f3\u00a0<em>(foto ilustrativa)<\/em><\/strong>, aparentemente se dirig\u00eda en direcci\u00f3n de sur a norte. Las circunstancias que llevaron al vuelco a\u00fan est\u00e1n bajo investigaci\u00f3n.<\/p>\n\n\n\n<p>Los servicios m\u00e9dicos del SEC trasladaron al hombre al hospital\u00a0<strong>Enfermeros Argentinos<\/strong>, donde fue diagnosticado con politraumatismos graves. Posteriormente, se confirm\u00f3 que el conductor tuvo una fractura de tibia y peron\u00e9 en su pierna izquierda, as\u00ed como un neumot\u00f3rax, lo que lo llev\u00f3 a ser intervenido quir\u00fargicamente.<\/p>\n\n\n\n<p>En horas de la tarde,\u00a0<strong>el conductor sali\u00f3 del quir\u00f3fano y qued\u00f3 ingresado en terapia intensiva con pron\u00f3stico reservado<\/strong>. La Fiscal\u00eda de Jurisdicci\u00f3n est\u00e1 al tanto del incidente y sigue con la investigaci\u00f3n en curso.<\/p>\n\n\n\n<p>Alrededor de las 19 horas, se confirm\u00f3 el deceso de Nelson Uribe. En tanto que se conoci\u00f3 que era oriundo de General Roca, provincia de R\u00edo Negro.<\/p>\n\n\n\n<p><strong>Fuente: www.mendozapost.com<\/strong><\/p>\n","protected":false},"excerpt":{"rendered":"<p>El hombre que se accident\u00f3 este miercoles en la ma\u00f1ana en General Alvear falleci\u00f3 por la tarde en el Hospital Enfermeros Argentinos de dicho departamento. Seg\u00fan informes policiales, se trat\u00f3 de una camioneta\u00a0Ford\u00a0 Ranger que volc\u00f3\u00a0(foto ilustrativa), aparentemente se dirig\u00eda en direcci\u00f3n de sur a norte. Las circunstancias que llevaron al vuelco a\u00fan est\u00e1n bajo [&hellip;]<\/p>\n","protected":false},"author":2,"featured_media":5357,"comment_status":"open","ping_status":"open","sticky":false,"template":"","format":"standard","meta":[],"categories":[48],"tags":[],"_links":{"self":[{"href":"https:\/\/pasaenmendoza.com\/index.php?rest_route=\/wp\/v2\/posts\/5353"}],"collection":[{"href":"https:\/\/pasaenmendoza.com\/index.php?rest_route=\/wp\/v2\/posts"}],"about":[{"href":"https:\/\/pasaenmendoza.com\/index.php?rest_route=\/wp\/v2\/types\/post"}],"author":[{"embeddable":true,"href":"https:\/\/pasaenmendoza.com\/index.php?rest_route=\/wp\/v2\/users\/2"}],"replies":[{"embeddable":true,"href":"https:\/\/pasaenmendoza.com\/index.php?rest_route=%2Fwp%2Fv2%2Fcomments&post=5353"}],"version-history":[{"count":1,"href":"https:\/\/pasaenmendoza.com\/index.php?rest_route=\/wp\/v2\/posts\/5353\/revisions"}],"predecessor-version":[{"id":5358,"href":"https:\/\/pasaenmendoza.com\/index.php?rest_route=\/wp\/v2\/posts\/5353\/revisions\/5358"}],"wp:featuredmedia":[{"embeddable":true,"href":"https:\/\/pasaenmendoza.com\/index.php?rest_route=\/wp\/v2\/media\/5357"}],"wp:attachment":[{"href":"https:\/\/pasaenmendoza.com\/index.php?rest_route=%2Fwp%2Fv2%2Fmedia&parent=5353"}],"wp:term":[{"taxonomy":"category","embeddable":true,"href":"https:\/\/pasaenmendoza.com\/index.php?rest_route=%2Fwp%2Fv2%2Fcategories&post=5353"},{"taxonomy":"post_tag","embeddable":true,"href":"https:\/\/pasaenmendoza.com\/index.php?rest_route=%2Fwp%2Fv2%2Ftags&post=5353"}],"curies":[{"name":"wp","href":"https:\/\/api.w.org\/{rel}","templated":true}]}}