{"id":5356,"date":"2024-02-15T13:30:17","date_gmt":"2024-02-15T12:30:17","guid":{"rendered":"https:\/\/pasaenmendoza.com\/?p=5356"},"modified":"2024-02-15T13:30:18","modified_gmt":"2024-02-15T12:30:18","slug":"se-reune-el-consejo-del-salario-minimo-y-la-cgt-pedira-una-suba-del-85","status":"publish","type":"post","link":"https:\/\/pasaenmendoza.com\/?p=5356","title":{"rendered":"Se re\u00fane el Consejo del Salario M\u00ednimo y la CGT pedir\u00e1 una suba del 85%"},"content":{"rendered":"\n<p><strong>El Consejo Nacional del Empleo, la Productividad y el\u00a0Salario M\u00ednimo\u00a0Vital y M\u00f3vil (Csmvm)\u00a0<\/strong>se reunir\u00e1 este jueves para fijar un nuevo piso de ese haber, para el cual la\u00a0<strong>CGT pide un aumento del 85%\u00a0<\/strong>y la CTAA\u00a0<strong>reclama un ajuste mensual<\/strong>, mientras movimientos sociales realizar\u00e1n protestas para reclamar incremento de los montos para los comedores comunitarios.<\/p>\n\n\n\n<p>La reuni\u00f3n se desarrollar\u00e1 a partir de las 16.30 en la Secretar\u00eda de Trabajo, ubicada en la avenida Leandro N. Alem 650 de esta capital, seg\u00fan precisa la resoluci\u00f3n 27\/2024 del Ministerio de Capital Humano, que fue publicada en el Bolet\u00edn Oficial.<\/p>\n\n\n\n<p>Como orden del d\u00eda se estipul\u00f3 la &#8220;convocatoria a designaci\u00f3n de dos consejeros presentes de cada sector para la suscripci\u00f3n del acta&#8221; en un encuentro previo, convocado a las 15; y luego la &#8220;consideraci\u00f3n de los temas elevados al plenario por la comisi\u00f3n&#8221; que se analizar\u00e1 en la segunda sesi\u00f3n, a partir de las 16.30.<\/p>\n\n\n\n<p>All\u00ed se tratar\u00e1 la determinaci\u00f3n del<strong>&nbsp;Salario M\u00ednimo, Vital y M\u00f3vil (SMVM), y los montos m\u00ednimos y m\u00e1ximos de la prestaci\u00f3n por desempleo.<\/strong><\/p>\n\n\n\n<p>Adem\u00e1s, se convoc\u00f3 a los integrantes de la comisi\u00f3n a reunirse en encuentros previos hoy en sus respectivas sesiones, a partir de las 10.30 en los recintos asignados.<\/p>\n\n\n\n<p>La Confederaci\u00f3n General del Trabajo&nbsp;<strong>(CGT) anticip\u00f3 que reclamar\u00e1 una actualizaci\u00f3n de al menos &#8220;85%, debido la devaluaci\u00f3n y la inflaci\u00f3n acumulada entre los meses de diciembre 2023 y febrero 2024&#8221;.<\/strong><\/p>\n\n\n\n<p>&#8220;La convocatoria al Consejo del Salario M\u00ednimo Vital y M\u00f3vil es un \u00e1mbito de di\u00e1logo a los fines de recuperar en algo el poder adquisitivo de los sectores m\u00e1s empobrecidos&#8221;, expres\u00f3 ayer la central obrera en una publicaci\u00f3n en su cuenta oficial de la plataforma X.<\/p>\n\n\n\n<p>Para fijar la posici\u00f3n que sostendr\u00e1 en la reuni\u00f3n del Consejo del Salario, la Mesa Ejecutiva Nacional de la CTA Aut\u00f3noma (CTAA) se reuni\u00f3 ayer a la tarde y ratific\u00f3 &#8220;el plan de acci\u00f3n contra el mega DNU&#8221; de desregulaci\u00f3n financiara del Ejecutivo.<\/p>\n\n\n\n<p>La central obrera que conduce Hugo &#8216;Cachorro&#8217; Godoy adelant\u00f3 que &#8220;reclamar\u00e1 que haya aumentos todos los meses (del SMVM) y un incremento que en lo inmediato, supere los valores de la canasta b\u00e1sica de indigencia&#8221;.<\/p>\n\n\n\n<p><strong>El SMVM de enero \u00faltimo fue de $156.000, mientras que la canasta b\u00e1sica para un trabajador sin carga de familia fue de $491.367<\/strong>, y la canasta b\u00e1sica de indigencia en el mismo per\u00edodo estuvo en el monto de $285.561 y, seg\u00fan consign\u00f3 la CTAA, &#8220;su proyecci\u00f3n a marzo estar\u00eda alrededor de $376.925&#8221;.<\/p>\n\n\n\n<p>En tanto, el titular de la Asociaci\u00f3n Trabajadores del Estado Capital (ATE-Capital) y secretario adjunto de la CTA, Daniel Catalano, anticip\u00f3 ayer que &#8220;vamos a pedir todo&#8221;, ante la convocatoria del Gobierno nacional a la reuni\u00f3n del Consejo.<\/p>\n\n\n\n<p>La reuni\u00f3n del organismo, la primera de la gesti\u00f3n del presidente Javier Milei, tendr\u00e1 su replica en las calles con una nueva protesta de organizaciones sociales, que insistir\u00e1n en sus reclamos de &#8220;aumento de los montos para la asistencia a los comedores&#8221; comunitarios que ellos administran.<\/p>\n\n\n\n<p>Seg\u00fan anticiparon en un comunicado de prensa, cocineras y coordinadoras de comedores populares de diversas organizaciones piqueteras tienen previsto concentrarse hoy a partir de las 11 en las puertas de la sede de la cartera laboral.<\/p>\n\n\n\n<p>Entre sus demandas, las organizaciones sociales reclamar\u00e1n &#8220;un salario m\u00ednimo igual a la canasta b\u00e1sica&#8221;, pedir\u00e1n que &#8220;el monto del Salario Social Complementario se mantenga en el 50% del SMVyM&#8221; y reclamar\u00e1n &#8220;no al desacople del Potenciar Trabajo&#8221;.<\/p>\n\n\n\n<p>&#8220;La inflaci\u00f3n acumulada estos meses, en especial sobre los alimentos, fue licuando los ingresos de les trabajadores en general, pero golpe\u00f3 m\u00e1s duro a quienes ya estaban en situaci\u00f3n pobreza e indigencia&#8221;, argumentaron en el comunicado.<\/p>\n\n\n\n<p>Dijeron adem\u00e1s que la convocatoria al Consejo &#8220;debe contemplar la situaci\u00f3n desesperante de millones de personas que dependen de su referencia: trabadoras y trabajadores formales, jubilados y tambi\u00e9n quienes perciben un Salario Social Complementario, el Potenciar Trabajo&#8221;.<\/p>\n\n\n\n<p>De la protesta participar\u00e1n representantes de la Federaci\u00f3n Nacional Territorial (FeNaT-CTAA), Libres del Sur, el Movimiento Argentina Rebelde, el Frente Popular Dar\u00edo Santill\u00e1n (FPDS), la Coordinadora por el Cambio Social; el Frente de Organizaciones en Lucha (FOL); el FPDS-Corriente Plurinacional y el Movimiento por la Unidad Latinoamericana y el Cambio Social (MULCS).<\/p>\n\n\n\n<p>Estar\u00e1n tambi\u00e9n los referentes del Movimiento Socialista de los Trabajadores (MST); Movimiento 8 de Abril; FAR y Copa Marabunta; la Federaci\u00f3n de Organizaciones de Base Aut\u00f3noma (FOBA); la Organizaci\u00f3n Libre del Pueblo (OLP) Resistir y Luchar; el Movimiento Juana Azurduy; Arriba los que Luchan; el MTD An\u00edbal Ver\u00f3n y el MTR por la democracia directa, entre otros.<\/p>\n\n\n\n<p><strong>Fuente: www.diariouno.com.ar<\/strong><\/p>\n","protected":false},"excerpt":{"rendered":"<p>El Consejo Nacional del Empleo, la Productividad y el\u00a0Salario M\u00ednimo\u00a0Vital y M\u00f3vil (Csmvm)\u00a0se reunir\u00e1 este jueves para fijar un nuevo piso de ese haber, para el cual la\u00a0CGT pide un aumento del 85%\u00a0y la CTAA\u00a0reclama un ajuste mensual, mientras movimientos sociales realizar\u00e1n protestas para reclamar incremento de los montos para los comedores comunitarios. La reuni\u00f3n [&hellip;]<\/p>\n","protected":false},"author":2,"featured_media":5359,"comment_status":"open","ping_status":"open","sticky":false,"template":"","format":"standard","meta":[],"categories":[75],"tags":[],"_links":{"self":[{"href":"https:\/\/pasaenmendoza.com\/index.php?rest_route=\/wp\/v2\/posts\/5356"}],"collection":[{"href":"https:\/\/pasaenmendoza.com\/index.php?rest_route=\/wp\/v2\/posts"}],"about":[{"href":"https:\/\/pasaenmendoza.com\/index.php?rest_route=\/wp\/v2\/types\/post"}],"author":[{"embeddable":true,"href":"https:\/\/pasaenmendoza.com\/index.php?rest_route=\/wp\/v2\/users\/2"}],"replies":[{"embeddable":true,"href":"https:\/\/pasaenmendoza.com\/index.php?rest_route=%2Fwp%2Fv2%2Fcomments&post=5356"}],"version-history":[{"count":1,"href":"https:\/\/pasaenmendoza.com\/index.php?rest_route=\/wp\/v2\/posts\/5356\/revisions"}],"predecessor-version":[{"id":5360,"href":"https:\/\/pasaenmendoza.com\/index.php?rest_route=\/wp\/v2\/posts\/5356\/revisions\/5360"}],"wp:featuredmedia":[{"embeddable":true,"href":"https:\/\/pasaenmendoza.com\/index.php?rest_route=\/wp\/v2\/media\/5359"}],"wp:attachment":[{"href":"https:\/\/pasaenmendoza.com\/index.php?rest_route=%2Fwp%2Fv2%2Fmedia&parent=5356"}],"wp:term":[{"taxonomy":"category","embeddable":true,"href":"https:\/\/pasaenmendoza.com\/index.php?rest_route=%2Fwp%2Fv2%2Fcategories&post=5356"},{"taxonomy":"post_tag","embeddable":true,"href":"https:\/\/pasaenmendoza.com\/index.php?rest_route=%2Fwp%2Fv2%2Ftags&post=5356"}],"curies":[{"name":"wp","href":"https:\/\/api.w.org\/{rel}","templated":true}]}}