{"id":5378,"date":"2024-02-16T13:08:10","date_gmt":"2024-02-16T12:08:10","guid":{"rendered":"https:\/\/pasaenmendoza.com\/?p=5378"},"modified":"2024-02-16T13:08:11","modified_gmt":"2024-02-16T12:08:11","slug":"montero-duda-por-la-continuidad-de-dos-programas-nacionales-importantes-para-mendoza","status":"publish","type":"post","link":"https:\/\/pasaenmendoza.com\/?p=5378","title":{"rendered":"Montero duda por la continuidad de dos programas nacionales importantes para Mendoza"},"content":{"rendered":"\n<p>El ministro de Salud asegur\u00f3 que todav\u00eda llegan fondos tanto del Remediar como Incluir Salud, pero de manera discontinua.<\/p>\n\n\n\n<p>En medio de los recortes de los diferentes fondos nacionales por parte del Gobierno de&nbsp;<strong>Javier Milei<\/strong>, el ministro de Salud y Deportes,&nbsp;<strong>Rodolfo Montero<\/strong>, revel\u00f3 que la Provincia contin\u00faa recibiendo los medicamentos y partidas del programa nacional&nbsp;<strong>Remediar<\/strong>, como tambi\u00e9n del&nbsp;<strong>Incluir Salud<\/strong>, pero puso en duda la continuidad de los mismos.<\/p>\n\n\n\n<p>Desde la Casa Rosada confirmaron este mi\u00e9rcoles que las provincias no recibir\u00e1n m\u00e1s los recursos del\u00a0<strong>Fondo Nacional de Incentivo Docente (FONID)<\/strong>, que integra el salario de los maestros mendocinos. Sumado a la quita de los subsidios en el transporte \u2013<strong>Fondo Compensador del Interior<\/strong>-, ha generado la incertidumbre en la cartera a cargo de Montero sobre la continuidad de los recursos nacionales que recibe a trav\u00e9s de dos programas,\u00a0<strong>Remediar<\/strong>\u00a0e\u00a0<strong>Incluir Salud<\/strong>.<\/p>\n\n\n\n<p>Hace unas semanas se produjo una reuni\u00f3n entre todos los ministros de Salud con el responsable de la cartera nacional,&nbsp;<strong>Mario Russo<\/strong>, quien le garantiz\u00f3 el env\u00edo de los recursos pero puso en duda la continuidad de los programas nacionales.<\/p>\n\n\n\n<p>Montero se sum\u00f3 a la misma y explic\u00f3 que el Incluir Salud \u201ce<em>n un principio, no estaba mandando ni los medicamentos, ni las pr\u00f3tesis. Eso se restableci\u00f3, no al ritmo que se deber\u00eda pero se restableci\u00f3<\/em>\u201d, detall\u00f3 el ministro.<\/p>\n\n\n\n<p>El\u00a0<strong>Remediar<\/strong>\u00a0es una iniciativa nacional que \u00a0brinda acceso y cobertura de medicamentos esenciales a trav\u00e9s de su distribuci\u00f3n directa a los centros de salud de todo el pa\u00eds.<\/p>\n\n\n\n<p>Por su parte,\u00a0<strong>Incluir Salud<\/strong>\u00a0es un programa de la Agencia Nacional de Discapacidad de asistencia financiera a las provincias, que administran los fondos mediante las\u00a0Unidades de Gesti\u00f3n Provincial (UGP). Actualmente, se encuentran adheridos al programa todos los gobiernos provinciales.<\/p>\n\n\n\n<p>El funcionario sostuvo que a pesar de recibir tanto los medicamentos como las pr\u00f3tesis \u201c<em>no sucede con la misma frecuencia<\/em>\u201d que durante el gobierno de Alberto Fern\u00e1ndez.<\/p>\n\n\n\n<p>\u201c<em>No sabemos si se tratan de partidas que ya estaban ejecutadas y est\u00e1n llegando ahora a la provincia y o si el Ministerio de Salud est\u00e1 llevando a cabo las compras para continuar con ese programa o no. Est\u00e1n evaluando si contin\u00faan con el programa<\/em>\u201d, remarc\u00f3 Montero.<\/p>\n\n\n\n<p>Montero present\u00f3 este jueves junto al gobernador\u00a0<strong>Alfredo Cornejo<\/strong>\u00a0las 26 leyes que integran la reforma de Salud.<\/p>\n\n\n\n<p>FUENTE: Elsol.com.ar <\/p>\n","protected":false},"excerpt":{"rendered":"<p>El ministro de Salud asegur\u00f3 que todav\u00eda llegan fondos tanto del Remediar como Incluir Salud, pero de manera discontinua. En medio de los recortes de los diferentes fondos nacionales por parte del Gobierno de&nbsp;Javier Milei, el ministro de Salud y Deportes,&nbsp;Rodolfo Montero, revel\u00f3 que la Provincia contin\u00faa recibiendo los medicamentos y partidas del programa nacional&nbsp;Remediar, [&hellip;]<\/p>\n","protected":false},"author":2,"featured_media":5379,"comment_status":"open","ping_status":"open","sticky":true,"template":"","format":"standard","meta":[],"categories":[47],"tags":[],"_links":{"self":[{"href":"https:\/\/pasaenmendoza.com\/index.php?rest_route=\/wp\/v2\/posts\/5378"}],"collection":[{"href":"https:\/\/pasaenmendoza.com\/index.php?rest_route=\/wp\/v2\/posts"}],"about":[{"href":"https:\/\/pasaenmendoza.com\/index.php?rest_route=\/wp\/v2\/types\/post"}],"author":[{"embeddable":true,"href":"https:\/\/pasaenmendoza.com\/index.php?rest_route=\/wp\/v2\/users\/2"}],"replies":[{"embeddable":true,"href":"https:\/\/pasaenmendoza.com\/index.php?rest_route=%2Fwp%2Fv2%2Fcomments&post=5378"}],"version-history":[{"count":1,"href":"https:\/\/pasaenmendoza.com\/index.php?rest_route=\/wp\/v2\/posts\/5378\/revisions"}],"predecessor-version":[{"id":5380,"href":"https:\/\/pasaenmendoza.com\/index.php?rest_route=\/wp\/v2\/posts\/5378\/revisions\/5380"}],"wp:featuredmedia":[{"embeddable":true,"href":"https:\/\/pasaenmendoza.com\/index.php?rest_route=\/wp\/v2\/media\/5379"}],"wp:attachment":[{"href":"https:\/\/pasaenmendoza.com\/index.php?rest_route=%2Fwp%2Fv2%2Fmedia&parent=5378"}],"wp:term":[{"taxonomy":"category","embeddable":true,"href":"https:\/\/pasaenmendoza.com\/index.php?rest_route=%2Fwp%2Fv2%2Fcategories&post=5378"},{"taxonomy":"post_tag","embeddable":true,"href":"https:\/\/pasaenmendoza.com\/index.php?rest_route=%2Fwp%2Fv2%2Ftags&post=5378"}],"curies":[{"name":"wp","href":"https:\/\/api.w.org\/{rel}","templated":true}]}}