{"id":5381,"date":"2024-02-16T13:13:09","date_gmt":"2024-02-16T12:13:09","guid":{"rendered":"https:\/\/pasaenmendoza.com\/?p=5381"},"modified":"2024-02-16T13:13:11","modified_gmt":"2024-02-16T12:13:11","slug":"el-plan-de-salud-que-presento-alfredo-cornejo-pretende-medicos-mejor-pagos-y-guardias-reducidas","status":"publish","type":"post","link":"https:\/\/pasaenmendoza.com\/?p=5381","title":{"rendered":"El plan de salud que present\u00f3 Alfredo Cornejo pretende &#8220;m\u00e9dicos mejor pagos&#8221; y guardias reducidas"},"content":{"rendered":"\n<p>Uno de los proyectos presentados por el gobernador prev\u00e9 guardias de 12 horas y no de 24. Tambi\u00e9n apunta a reducir los tiempos de las residencias y de la carrera de Medicina<\/p>\n\n\n\n<p>El plan de<strong>\u00a0Alfredo Cornejo<\/strong>\u00a0para el sistema sanitario en Mendoza\u00a0tiene como uno de sus puntos salientes -seg\u00fan afirma el mandatario- la mejora de las condiciones laborales de los profesionales de la salud. Para ello se plantea una serie de incentivos que incluye\u00a0<strong>la reducci\u00f3n de la carga horaria de las guardias<\/strong>\u00a0con la posibilidad de que ese servicio sea ampliado en cantidad de d\u00edas.<\/p>\n\n\n\n<p>La propuesta del Ejecutivo ratifica tambi\u00e9n la idea que ya se ven\u00eda expresando en la campa\u00f1a electoral acerca de&nbsp;<strong>reducir los tiempos de residencias y de la carrera de Medicina<\/strong>.<\/p>\n\n\n\n<p>Asimismo, como uno de los grandes objetivos pretende que el trabajo de los profesionales de la salud\u00a0<strong>se concentre en un solo hospital o cl\u00ednica<\/strong>.<\/p>\n\n\n\n<h2 class=\"wp-block-heading\">La pol\u00edtica para el personal de salud<\/h2>\n\n\n\n<p>La l\u00ednea estrat\u00e9gica n\u00famero 3 del Plan de Salud 2024-2030, presentado este jueves por Alfredo Cornejo, es la dedicada a la&nbsp;<strong>&#8220;pol\u00edtica de personal coherente y adecuada&#8221;.<\/strong><\/p>\n\n\n\n<p>Se explica all\u00ed que el prop\u00f3sito fundamental es &#8220;modernizar los convenios colectivos de trabajo junto con los sindicatos representativos del r\u00e9gimen 27 y del r\u00e9gimen 15&#8221;, bajo el argumento de que&nbsp;<strong>&#8220;la realidad actual obliga a repensar las formas de contrataci\u00f3n, los horarios de prestaci\u00f3n de servicio y de las guardias, los niveles de remuneraci\u00f3n de los profesionales y la necesaria flexibilizaci\u00f3n de esos honorarios para adaptarlos a la necesidad del sistema&#8221;.<\/strong><\/p>\n\n\n\n<p>En el texto se ampl\u00eda el concepto de que &#8220;la pol\u00edtica de recursos humanos debe adaptar los incentivos al cumplimiento de los objetivos. Tambi\u00e9n es necesario&nbsp;<strong>remunerar mejor la residencia y la especialidad de los m\u00e9dicos que el sistema necesita<\/strong>: terapistas, neonat\u00f3logos, pediatras, etc\u00e9tera&#8221;<\/p>\n\n\n\n<p>Para lograr todo esto se espera debatir y trabajar con las universidades sobre la carrera universitaria y las residencias de primer y segundo nivel,<strong>&nbsp;reduciendo su duraci\u00f3n en al menos un a\u00f1o<\/strong>. La formaci\u00f3n profesional extendida en un plazo de 10 o 12 a\u00f1os complica sustancialmente los nuevos ingresos.<\/p>\n\n\n\n<p>&#8220;Redefinir modelos de hospitales en funci\u00f3n de las necesidades de cada uno&#8221;, es otro aspecto clave. De esa manera se podr\u00e1 garantizar el correcto funcionamiento de los servicios importantes, mejorando la remuneraci\u00f3n y estableciendo una extensi\u00f3n de la jornada de trabajo, en los casos que as\u00ed lo requieran.<\/p>\n\n\n\n<p><strong>De este modo se posibilitar\u00e1 que los profesionales no deban asumir m\u00faltiples empleos para procurarse salarios dignos y acordes con su funci\u00f3n, lo que generar\u00e1 mayor compromiso y dedicaci\u00f3n de los profesionales con el efector.<\/strong><\/p>\n\n\n\n<p>Luego se aborda la decisi\u00f3n de &#8220;cambiar las guardias a 12 horas de prestaci\u00f3n y no de 24 horas, considerando que el sistema vigente no es saludable ni eficiente&#8221;. Sobre este punto el ministro de Salud, Rodolfo Montero, manifest\u00f3 que<strong>&nbsp;&#8220;ser\u00e1 como si fueran medidas guardias y se podr\u00e1 hacer m\u00e1s. Hoy es una guardia semanal de 24 horas y con este proyecto el profesional podr\u00e1 hacer tres guardias de 12 horas, lo que mejorar\u00e1 el sistema y tambi\u00e9n el salario del m\u00e9dico&#8221;.<\/strong><\/p>\n\n\n\n<p>Por otra parte,&nbsp;<strong>se analizar\u00e1n los bloqueos de t\u00edtulo<\/strong>&nbsp;autom\u00e1ticos para algunas especialidades, en el entendimiento de que no corresponde que tengan privilegios frente a otros profesionales. Por ello, la intenci\u00f3n es modificar la ley que regula la actividad de los&nbsp;<strong>t\u00e9cnicos en im\u00e1genes,<\/strong>&nbsp;considerando que esa legislaci\u00f3n fue sancionada hace varias d\u00e9cadas. &#8220;Debemos contar con un r\u00e9gimen que recepte las nuevas pr\u00e1cticas en la materia, los avances tecnol\u00f3gicos en equipamiento y protecci\u00f3n y la realidad laboral del sector en general&#8221;, dice el plan.<\/p>\n\n\n\n<p>En cuanto a la\u00a0<strong>junta m\u00e9dica<\/strong>, se tratar\u00e1 de reformularla para que efectivamente cumpla su rol dentro del sistema. Esto es, trabajar para reducir considerablemente los partes por enfermedad del recurso humano.<\/p>\n\n\n\n<h2 class=\"wp-block-heading\">Rotaci\u00f3n de profesionales y rotaci\u00f3n de cirug\u00edas<\/h2>\n\n\n\n<p>Otro \u00edtem es &#8220;intercambiar horas profesionales entre los diferentes niveles de atenci\u00f3n (rotaciones) para lograr su integraci\u00f3n. El intercambio de horas profesionales en los distintos niveles de atenci\u00f3n hace referencia a la oportunidad de que estos brinden servicios en diferentes niveles de atenci\u00f3n (primario, secundario y terciario), promoviendo la integraci\u00f3n y el trabajo colaborativo.&nbsp;<strong>Esto incluye, por ejemplo, rotaciones de los profesionales de la salud preestablecidas anualmente durante un per\u00edodo en los distintos niveles de atenci\u00f3n. Tambi\u00e9n se elaborar\u00e1 un programa de rotaci\u00f3n de cirug\u00edas en la provincia.<\/strong><\/p>\n\n\n\n<p>Adem\u00e1s, se tratar\u00e1 de&nbsp;<strong>implementar incentivos econ\u00f3micos y no econ\u00f3micos<\/strong>&nbsp;basados en el desempe\u00f1o profesional en el primer nivel de atenci\u00f3n para asegurar una oferta prestacional de calidad, mejorar el rendimiento y retener al personal.<\/p>\n\n\n\n<p>Los incentivos econ\u00f3micos pueden incluir&nbsp;<strong>bonificaciones, premios o pagos adicionales<\/strong>&nbsp;basados en el desempe\u00f1o individual o colectivo de los profesionales de la salud. Estos se otorgan en funci\u00f3n de criterios previamente establecidos, como el logro de metas, la calidad de la atenci\u00f3n brindada, la eficiencia en el uso de recursos o la participaci\u00f3n en proyectos de mejora.<\/p>\n\n\n\n<p>Por otro lado, los incentivos no econ\u00f3micos se refieren a reconocimientos, oportunidades de desarrollo profesional, programas de capacitaci\u00f3n especializada, ascensos o mejoras en las condiciones laborales que no est\u00e1n relacionados directamente con aspectos econ\u00f3micos. Estos incentivos buscan motivar a los profesionales de la salud a mejorar su desempe\u00f1o y a seguir desarroll\u00e1ndose en su carrera.<\/p>\n\n\n\n<p><strong>El objetivo es implementar estos incentivos en el primer nivel de atenci\u00f3n para asegurar una oferta prestacional de calidad, mejorar el rendimiento y retener al personal.<\/strong><\/p>\n\n\n\n<p>FUENTE: Diariouno.com.ar <\/p>\n","protected":false},"excerpt":{"rendered":"<p>Uno de los proyectos presentados por el gobernador prev\u00e9 guardias de 12 horas y no de 24. Tambi\u00e9n apunta a reducir los tiempos de las residencias y de la carrera de Medicina El plan de\u00a0Alfredo Cornejo\u00a0para el sistema sanitario en Mendoza\u00a0tiene como uno de sus puntos salientes -seg\u00fan afirma el mandatario- la mejora de las [&hellip;]<\/p>\n","protected":false},"author":2,"featured_media":5383,"comment_status":"open","ping_status":"open","sticky":true,"template":"","format":"standard","meta":[],"categories":[47],"tags":[],"_links":{"self":[{"href":"https:\/\/pasaenmendoza.com\/index.php?rest_route=\/wp\/v2\/posts\/5381"}],"collection":[{"href":"https:\/\/pasaenmendoza.com\/index.php?rest_route=\/wp\/v2\/posts"}],"about":[{"href":"https:\/\/pasaenmendoza.com\/index.php?rest_route=\/wp\/v2\/types\/post"}],"author":[{"embeddable":true,"href":"https:\/\/pasaenmendoza.com\/index.php?rest_route=\/wp\/v2\/users\/2"}],"replies":[{"embeddable":true,"href":"https:\/\/pasaenmendoza.com\/index.php?rest_route=%2Fwp%2Fv2%2Fcomments&post=5381"}],"version-history":[{"count":1,"href":"https:\/\/pasaenmendoza.com\/index.php?rest_route=\/wp\/v2\/posts\/5381\/revisions"}],"predecessor-version":[{"id":5384,"href":"https:\/\/pasaenmendoza.com\/index.php?rest_route=\/wp\/v2\/posts\/5381\/revisions\/5384"}],"wp:featuredmedia":[{"embeddable":true,"href":"https:\/\/pasaenmendoza.com\/index.php?rest_route=\/wp\/v2\/media\/5383"}],"wp:attachment":[{"href":"https:\/\/pasaenmendoza.com\/index.php?rest_route=%2Fwp%2Fv2%2Fmedia&parent=5381"}],"wp:term":[{"taxonomy":"category","embeddable":true,"href":"https:\/\/pasaenmendoza.com\/index.php?rest_route=%2Fwp%2Fv2%2Fcategories&post=5381"},{"taxonomy":"post_tag","embeddable":true,"href":"https:\/\/pasaenmendoza.com\/index.php?rest_route=%2Fwp%2Fv2%2Ftags&post=5381"}],"curies":[{"name":"wp","href":"https:\/\/api.w.org\/{rel}","templated":true}]}}