{"id":5385,"date":"2024-02-16T13:17:18","date_gmt":"2024-02-16T12:17:18","guid":{"rendered":"https:\/\/pasaenmendoza.com\/?p=5385"},"modified":"2024-02-16T13:17:19","modified_gmt":"2024-02-16T12:17:19","slug":"con-la-participacion-de-ulpiano-suarez-lousteau-le-reclamo-a-la-ucr-que-deje-de-pedir-disculpas","status":"publish","type":"post","link":"https:\/\/pasaenmendoza.com\/?p=5385","title":{"rendered":"Con la participaci\u00f3n de Ulpiano Suarez, Lousteau le reclam\u00f3 a la UCR que deje de pedir disculpas"},"content":{"rendered":"\n<p>El intendente de la Ciudad de Mendoza particip\u00f3 junto a 100 intendentes radicales de todo el pa\u00eds de una reuni\u00f3n virtual encabezada por el presidente de la UCR<\/p>\n\n\n\n<p><strong>Ulpiano Suarez,<\/strong>\u00a0intendente de la Ciudad de Mendoza fue uno de los casi 100\u00a0intendentes radicales\u00a0de todo el pa\u00eds que participaron de una reuni\u00f3n v\u00eda online con el presidente del partido, Mart\u00edn Lousteau. En ese encuentro, el actual senador nacional pidi\u00f3 que la\u00a0<strong>UCR<\/strong>\u00a0<strong>deje de pedir disculpas por expresar sus ideas<\/strong>.<\/p>\n\n\n\n<p>Tambi\u00e9n<strong>&nbsp;advirti\u00f3 que Javier Milei quiere &#8220;someter a los gobernadores&#8221;<\/strong>. El encuentro demand\u00f3 casi dos horas y el jefe comunal mendocino fue uno de los expositores.<\/p>\n\n\n\n<p>Ulpiano y Lousteau vienen sosteniendo una aceitada relaci\u00f3n e incluso el a\u00f1o pasado el titular del movimiento radical nacional elogi\u00f3 el C\u00f3digo de Convivencia implementado por el intendente citadino.<\/p>\n\n\n\n<h2 class=\"wp-block-heading\">Lousteau: &#8220;Milei quiere someter a los gobernadores&#8221;<\/h2>\n\n\n\n<p>En la apertura, el senador nacional porte\u00f1o asegur\u00f3 que &#8220;Javier Milei tiene una decisi\u00f3n tomada en materia federal: someter a los gobernadores con&nbsp;<strong>la soga al cuello para disciplinar a las provincias y a la gente con el ajuste<\/strong>\u201d.<\/p>\n\n\n\n<p>En lo que refiere al radicalismo, sostuvo que&nbsp;<strong>\u201ctiene que salir de la posici\u00f3n de pedir disculpas o de indignarse, para pasar a sostener de forma afirmativa y propositiva sus propias ideas. No se puede pedir disculpas por las cosas en las que se cree\u201d,<\/strong>&nbsp;agreg\u00f3, y a\u00f1adi\u00f3 que \u201cmucho menos plantear que no nos dejan ayudar\u201d.<\/p>\n\n\n\n<p><strong>Lousteau&nbsp;<\/strong>reiter\u00f3 que la&nbsp;<strong>UCR<\/strong>&nbsp;seguir\u00e1 trabajando en la defensa de los derechos de la clase media, los jubilados, y el&nbsp;<strong>sector productivo del interior<\/strong>. \u201cSomos&nbsp;<strong>un partido que resuelve cosas, un partido de gesti\u00f3n. Debemos dejar de ser un partido meramente parlamentario\u201d<\/strong>, recalc\u00f3.<\/p>\n\n\n\n<p>Asumi\u00f3 el compromiso de comenzar la tarea de sistematizar toda la informaci\u00f3n que se va generando en cada municipio gestionado por el radicalismo, con el objetivo de&nbsp;<strong>intercambiar experiencias<\/strong>&nbsp;y visibilizarlas a nivel nacional. Finalmente, dijo que hay que&nbsp;<strong>\u201ctransformar en una idea nacional esas gestiones locales\u201d<\/strong>.<\/p>\n\n\n\n<p>Luego, escuch\u00f3 el an\u00e1lisis de una veintena de jefes comunales, a ra\u00edz de los problemas que ocasiona el&nbsp;<strong>recorte de los subsidios<\/strong>&nbsp;al transporte, la&nbsp;<strong>paralizaci\u00f3n<\/strong>&nbsp;de la obra p\u00fablica, la falta de interlocutores en las segundas l\u00edneas del gabinete nacional (a\u00fan sin designar en la mayor\u00eda de los casos), y la&nbsp;<strong>escalada inflacionaria<\/strong>&nbsp;de m\u00e1s del 45 por ciento en los dos meses de gesti\u00f3n mile\u00edsta.<\/p>\n\n\n\n<p>El intendente tandilense,\u00a0<strong>Miguel Lunghi,<\/strong>\u00a0abri\u00f3 las exposiciones, para luego dar paso a\u00a0<strong>Ulpiano Suarez<\/strong>.<\/p>\n\n\n\n<p>Hablaron tambi\u00e9n<strong><\/strong>sus pares santafesinos, Leo Chiarella (Venado Tuerto), Rodrigo Muller (Esperanza), Daniel Tonelli (Arroyo Seco), Dami\u00e1n Franze (Franck) y Emanuel Sagripanti (Montes de Oca); los cordobeses, Rub\u00e9n Dagum (Almafuerte), Juan Manuel Moroni (Bell Ville), Walter Perrone (Coronel Baigorria) y Javier Riberi (La Jovita); el chaque\u00f1o Anselmo Bord\u00f3n (Cote Lai); el pampeano Dami\u00e1n Moro (La Adela); el puntano Miguel Postiguillo (Santa Rosa de Conlara) y los patag\u00f3nicos, Juan Ra\u00fal Pirri Mart\u00ednez (Puerto Deseado), Gerardo Merino (Trelew) y Victor Candia (Paso del Sapo).<\/p>\n\n\n\n<p>Lousteau estuvo acompa\u00f1ado (desde sus ciudades de origen) por la vicepresidenta primera del radicalismo<strong>, In\u00e9s Brizuela y Doria\u00a0<\/strong>(ex intendenta riojana) y el intendente de San Salvador de Jujuy,\u00a0<strong>Ra\u00fal Chuli Jorge<\/strong>, quien es secretario general partidario.<\/p>\n\n\n\n<p>FUENTE: Diariouno.com.ar <\/p>\n","protected":false},"excerpt":{"rendered":"<p>El intendente de la Ciudad de Mendoza particip\u00f3 junto a 100 intendentes radicales de todo el pa\u00eds de una reuni\u00f3n virtual encabezada por el presidente de la UCR Ulpiano Suarez,\u00a0intendente de la Ciudad de Mendoza fue uno de los casi 100\u00a0intendentes radicales\u00a0de todo el pa\u00eds que participaron de una reuni\u00f3n v\u00eda online con el presidente [&hellip;]<\/p>\n","protected":false},"author":2,"featured_media":5387,"comment_status":"open","ping_status":"open","sticky":true,"template":"","format":"standard","meta":[],"categories":[47],"tags":[],"_links":{"self":[{"href":"https:\/\/pasaenmendoza.com\/index.php?rest_route=\/wp\/v2\/posts\/5385"}],"collection":[{"href":"https:\/\/pasaenmendoza.com\/index.php?rest_route=\/wp\/v2\/posts"}],"about":[{"href":"https:\/\/pasaenmendoza.com\/index.php?rest_route=\/wp\/v2\/types\/post"}],"author":[{"embeddable":true,"href":"https:\/\/pasaenmendoza.com\/index.php?rest_route=\/wp\/v2\/users\/2"}],"replies":[{"embeddable":true,"href":"https:\/\/pasaenmendoza.com\/index.php?rest_route=%2Fwp%2Fv2%2Fcomments&post=5385"}],"version-history":[{"count":1,"href":"https:\/\/pasaenmendoza.com\/index.php?rest_route=\/wp\/v2\/posts\/5385\/revisions"}],"predecessor-version":[{"id":5388,"href":"https:\/\/pasaenmendoza.com\/index.php?rest_route=\/wp\/v2\/posts\/5385\/revisions\/5388"}],"wp:featuredmedia":[{"embeddable":true,"href":"https:\/\/pasaenmendoza.com\/index.php?rest_route=\/wp\/v2\/media\/5387"}],"wp:attachment":[{"href":"https:\/\/pasaenmendoza.com\/index.php?rest_route=%2Fwp%2Fv2%2Fmedia&parent=5385"}],"wp:term":[{"taxonomy":"category","embeddable":true,"href":"https:\/\/pasaenmendoza.com\/index.php?rest_route=%2Fwp%2Fv2%2Fcategories&post=5385"},{"taxonomy":"post_tag","embeddable":true,"href":"https:\/\/pasaenmendoza.com\/index.php?rest_route=%2Fwp%2Fv2%2Ftags&post=5385"}],"curies":[{"name":"wp","href":"https:\/\/api.w.org\/{rel}","templated":true}]}}