{"id":5400,"date":"2024-02-16T14:03:00","date_gmt":"2024-02-16T13:03:00","guid":{"rendered":"https:\/\/pasaenmendoza.com\/?p=5400"},"modified":"2024-02-16T14:03:46","modified_gmt":"2024-02-16T13:03:46","slug":"el-inv-difundio-el-pronostico-de-cosecha-2024-para-mendoza-con-un-crecimiento-del-28","status":"publish","type":"post","link":"https:\/\/pasaenmendoza.com\/?p=5400","title":{"rendered":"El INV difundi\u00f3 el pron\u00f3stico de cosecha 2024 para Mendoza con un crecimiento del 28%"},"content":{"rendered":"\n<p>El&nbsp;<strong>Instituto Nacional de Vitivinicultura (INV)&nbsp;<\/strong>pronostic\u00f3 que la&nbsp;<strong>cosecha 2024<\/strong>&nbsp;volver\u00e1 a crecer despu\u00e9s de haber atravesado el peor a\u00f1o de la \u00faltima d\u00e9cada. Seg\u00fan los n\u00fameros anunciados este viernes, el crecimiento en&nbsp;<strong>Mendoza ser\u00e1 del 28%<\/strong>.<\/p>\n\n\n\n<p>La&nbsp;<strong>estimaci\u00f3n de producci\u00f3n de uva<\/strong>&nbsp;para este a\u00f1o en todo el pa\u00eds viene con una suba del&nbsp;<strong>24% promedio<\/strong>, lo que hace a un total de 17.986.000 quintales; por encima de los 14.553.101 del a\u00f1o pasado.<\/p>\n\n\n\n<p><strong>En Mendoza particularmente, se esperan casi 12 millones.<\/strong><\/p>\n\n\n\n<h2 class=\"wp-block-heading\">Estimaci\u00f3n de cosecha 2024 seg\u00fan el informe del INV<\/h2>\n\n\n\n<p>Tras conocerse los pron\u00f3sticos de San Juan, La Rioja, Catamarca y Salta, este viernes el INV anunci\u00f3 la&nbsp;<strong>estimaci\u00f3n de producci\u00f3n de Mendoza y el sur de la Argentina<\/strong>.<\/p>\n\n\n\n<p>Del estudio realizado, se concluye que la producci\u00f3n&nbsp;<strong>es mayor con respecto a la cosecha de la temporada anterior<\/strong>. Seg\u00fan el INV, &#8220;en todas las provincias donde se realiz\u00f3 la estimaci\u00f3n, se observa una&nbsp;<strong>muy buena sanidad en los vi\u00f1edos<\/strong>&#8220;.<\/p>\n\n\n\n<p>Como en todo pron\u00f3stico, la incertidumbre de los datos es de +\/- el 5%.<\/p>\n\n\n\n<p>La estimaci\u00f3n para&nbsp;<strong>Mendoza<\/strong>, que ven\u00eda de una producci\u00f3n de 9.347.927 quintales en 2023,&nbsp;<strong>es de 11.973.000 quintales; lo que representa un 28% m\u00e1s<\/strong>.<\/p>\n\n\n\n<p>Salvo en el sur del pa\u00eds, en el resto de las zonas no se ve un repunte tan importante:<\/p>\n\n\n\n<figure class=\"wp-block-image\"><img decoding=\"async\" src=\"https:\/\/media.diariouno.com.ar\/p\/5df3d1a1dd6cd94114622b0d7d6ceb82\/adjuntos\/298\/imagenes\/009\/295\/0009295435\/1200x0\/smart\/pronostico-cosecha-2024-invjpg.jpg\" alt=\"\" title=\"\"\/><\/figure>\n\n\n\n<h2 class=\"wp-block-heading\">Relevamiento de la Asociaci\u00f3n de vi\u00f1ateros de Mendoza<\/h2>\n\n\n\n<p>Un d\u00eda antes de que se conociera el pron\u00f3stico del INV,&nbsp;<strong>la Asociaci\u00f3n de vi\u00f1ateros de Mendoza dio a conocer un relevamiento propio<\/strong>, realizado con t\u00e9cnicos de campo en cada uno de los oasis mendocinos.<\/p>\n\n\n\n<p>Del informe t\u00e9cnico surgieron n\u00fameros similares a los estimados por el instituto nacional.<\/p>\n\n\n\n<p>Donde se advierte un posible<strong>&nbsp;crecimiento importante respecto de la cosecha del a\u00f1o anterior es en el Sur de Mendoza, rondando el 40% m\u00e1s.<\/strong>&nbsp;El resto de los n\u00fameros son los siguientes:<\/p>\n\n\n\n<ul>\n<li>Oasis Norte 10% m\u00e1s.<\/li>\n\n\n\n<li>Oasis Este 15 % m\u00e1s.<\/li>\n\n\n\n<li>Valle de uco 15% m\u00e1s.<\/li>\n<\/ul>\n\n\n\n<p>Seg\u00fan concluyeron, en la cosecha 2024 se ver\u00e1n los efectos de cinco causales puntuales:<\/p>\n\n\n\n<ul>\n<li><strong>Bajo peso<\/strong>&nbsp;en uvas blancas.<\/li>\n\n\n\n<li>Mucho corrimiento por el viento&nbsp;<strong>zonda<\/strong>.<\/li>\n\n\n\n<li>Gran cantidad de plantas y racimos deshidratados por el golpe de&nbsp;<strong>calor<\/strong>.<\/li>\n\n\n\n<li>En San Juan se ha observado uva afectada por zonda y golpe de calor.<\/li>\n\n\n\n<li><strong>Vi\u00f1edos abandonados,<\/strong>&nbsp;principalmente en zona Este de Mendoza.<\/li>\n<\/ul>\n\n\n\n<p><strong>Fuente: www.diariouno.com.ar<\/strong><\/p>\n","protected":false},"excerpt":{"rendered":"<p>El&nbsp;Instituto Nacional de Vitivinicultura (INV)&nbsp;pronostic\u00f3 que la&nbsp;cosecha 2024&nbsp;volver\u00e1 a crecer despu\u00e9s de haber atravesado el peor a\u00f1o de la \u00faltima d\u00e9cada. Seg\u00fan los n\u00fameros anunciados este viernes, el crecimiento en&nbsp;Mendoza ser\u00e1 del 28%. La&nbsp;estimaci\u00f3n de producci\u00f3n de uva&nbsp;para este a\u00f1o en todo el pa\u00eds viene con una suba del&nbsp;24% promedio, lo que hace a un [&hellip;]<\/p>\n","protected":false},"author":2,"featured_media":5401,"comment_status":"open","ping_status":"open","sticky":false,"template":"","format":"standard","meta":[],"categories":[74],"tags":[],"_links":{"self":[{"href":"https:\/\/pasaenmendoza.com\/index.php?rest_route=\/wp\/v2\/posts\/5400"}],"collection":[{"href":"https:\/\/pasaenmendoza.com\/index.php?rest_route=\/wp\/v2\/posts"}],"about":[{"href":"https:\/\/pasaenmendoza.com\/index.php?rest_route=\/wp\/v2\/types\/post"}],"author":[{"embeddable":true,"href":"https:\/\/pasaenmendoza.com\/index.php?rest_route=\/wp\/v2\/users\/2"}],"replies":[{"embeddable":true,"href":"https:\/\/pasaenmendoza.com\/index.php?rest_route=%2Fwp%2Fv2%2Fcomments&post=5400"}],"version-history":[{"count":2,"href":"https:\/\/pasaenmendoza.com\/index.php?rest_route=\/wp\/v2\/posts\/5400\/revisions"}],"predecessor-version":[{"id":5403,"href":"https:\/\/pasaenmendoza.com\/index.php?rest_route=\/wp\/v2\/posts\/5400\/revisions\/5403"}],"wp:featuredmedia":[{"embeddable":true,"href":"https:\/\/pasaenmendoza.com\/index.php?rest_route=\/wp\/v2\/media\/5401"}],"wp:attachment":[{"href":"https:\/\/pasaenmendoza.com\/index.php?rest_route=%2Fwp%2Fv2%2Fmedia&parent=5400"}],"wp:term":[{"taxonomy":"category","embeddable":true,"href":"https:\/\/pasaenmendoza.com\/index.php?rest_route=%2Fwp%2Fv2%2Fcategories&post=5400"},{"taxonomy":"post_tag","embeddable":true,"href":"https:\/\/pasaenmendoza.com\/index.php?rest_route=%2Fwp%2Fv2%2Ftags&post=5400"}],"curies":[{"name":"wp","href":"https:\/\/api.w.org\/{rel}","templated":true}]}}