{"id":5404,"date":"2024-02-16T14:07:31","date_gmt":"2024-02-16T13:07:31","guid":{"rendered":"https:\/\/pasaenmendoza.com\/?p=5404"},"modified":"2024-02-16T14:07:33","modified_gmt":"2024-02-16T13:07:33","slug":"dia-clave-entre-el-sute-y-el-gobierno-este-viernes-se-define-si-aceptan-o-no-la-oferta-salarial","status":"publish","type":"post","link":"https:\/\/pasaenmendoza.com\/?p=5404","title":{"rendered":"D\u00eda clave entre el SUTE y el Gobierno: este viernes se define si aceptan o no la oferta salarial"},"content":{"rendered":"\n<p>Este viernes se realizar\u00e1<strong>\u00a0el plenario provincial del\u00a0Sindicato Unido de Trabajadores de la Educaci\u00f3n (SUTE),<\/strong>\u00a0luego de que este jueves se realiz\u00f3 el an\u00e1lisis en cada uno de los departamentos.\u00a0<strong>Hasta el momento hay una marcada inclinaci\u00f3n por la aceptaci\u00f3n de la oferta salarial del gobierno de Alfredo Cornejo.<\/strong><\/p>\n\n\n\n<p>El departamento d\u00edscolo es San Carlos, cuyos docentes llevar\u00e1n la moci\u00f3n por la negativa a avalar ese incremento.<\/p>\n\n\n\n<p>El an\u00e1lisis con los delegados de toda la provincia se realizar\u00e1 desde las 9.30 en el Sal\u00f3n Plaza Mayor de Rivadavia y se estima que al mediod\u00eda habr\u00e1 una resoluci\u00f3n.<\/p>\n\n\n\n<h2 class=\"wp-block-heading\"><strong>La propuesta del Gobierno<\/strong><\/h2>\n\n\n\n<p>El gobierno de Mendoza ofreci\u00f3 a los estatales&nbsp;<strong>una suma fija de $90.000 para pagar en febrero, no remunerativa y no bonificable, y en un incremento de 15% en febrero y de 15% en marzo.<\/strong><\/p>\n\n\n\n<p>Hasta el momento, los agentes de los reg\u00edmenes 5 (Administraci\u00f3n central), 15 (no profesionales de la Salud), 35 (del \u00e1rea de Ambiente), Guardaparques y r\u00e9gimen 13 (Parques).<\/p>\n\n\n\n<p>La Asociaci\u00f3n de Profesionales de la Salud (AMPROS) tambi\u00e9n cerr\u00f3 la negociaci\u00f3n, aunque su titular, Claudia Iturbe advirti\u00f3: \u201cLa paritaria en Mendoza muri\u00f3. Hoy\u00a0<strong>se trata de un decreto encubierto<\/strong>, indiscutible, sin empat\u00eda y<strong>\u00a0sin noci\u00f3n de la realidad que viene sufriendo la poblaci\u00f3n mendocina y los profesionales respecto del acceso a la salud<\/strong>\u201d.<\/p>\n\n\n\n<p>El gremio de los profesionales de la salud anticip\u00f3 que&nbsp;<strong>&#8220;la consecuencia directa de seguir aplicando esta metodolog\u00eda ser\u00e1 el aumento del \u00e9xodo del talento humano hacia el sector privado u otros destinos donde se reconozca su vital tarea\u201d.<\/strong><\/p>\n\n\n\n<h2 class=\"wp-block-heading\"><strong>Recortes en educaci\u00f3n<\/strong><\/h2>\n\n\n\n<p>La presidencia de Javier Milei confirm\u00f3 que no pagar\u00e1 los recursos adeudados a las provincias.&nbsp;<strong>Mendoza a\u00fan no recibi\u00f3 el pago del Fondo Nacional de Incentivo Docente (FONID) de<\/strong>&nbsp;<strong>enero ($1.400 millones)<\/strong>&nbsp;y se<strong>&nbsp;le deben seis meses de otros programa.<\/strong><\/p>\n\n\n\n<p>Frente a la negativa de la Naci\u00f3n de cumplir con los convenios nacionales, el ministro de Educaci\u00f3n, Cultura e Infancias, Tadeo Garc\u00eda Zalazar garantiz\u00f3 el sostenimiento del ofrecimiento paritario, como el pago de los $100.000 para la compra de indumentaria a docentes y celadores.<\/p>\n\n\n\n<p><strong>Fuente: www.diariouno.com.ar<\/strong><\/p>\n","protected":false},"excerpt":{"rendered":"<p>Este viernes se realizar\u00e1\u00a0el plenario provincial del\u00a0Sindicato Unido de Trabajadores de la Educaci\u00f3n (SUTE),\u00a0luego de que este jueves se realiz\u00f3 el an\u00e1lisis en cada uno de los departamentos.\u00a0Hasta el momento hay una marcada inclinaci\u00f3n por la aceptaci\u00f3n de la oferta salarial del gobierno de Alfredo Cornejo. El departamento d\u00edscolo es San Carlos, cuyos docentes llevar\u00e1n [&hellip;]<\/p>\n","protected":false},"author":2,"featured_media":5405,"comment_status":"open","ping_status":"open","sticky":false,"template":"","format":"standard","meta":[],"categories":[55],"tags":[],"_links":{"self":[{"href":"https:\/\/pasaenmendoza.com\/index.php?rest_route=\/wp\/v2\/posts\/5404"}],"collection":[{"href":"https:\/\/pasaenmendoza.com\/index.php?rest_route=\/wp\/v2\/posts"}],"about":[{"href":"https:\/\/pasaenmendoza.com\/index.php?rest_route=\/wp\/v2\/types\/post"}],"author":[{"embeddable":true,"href":"https:\/\/pasaenmendoza.com\/index.php?rest_route=\/wp\/v2\/users\/2"}],"replies":[{"embeddable":true,"href":"https:\/\/pasaenmendoza.com\/index.php?rest_route=%2Fwp%2Fv2%2Fcomments&post=5404"}],"version-history":[{"count":1,"href":"https:\/\/pasaenmendoza.com\/index.php?rest_route=\/wp\/v2\/posts\/5404\/revisions"}],"predecessor-version":[{"id":5406,"href":"https:\/\/pasaenmendoza.com\/index.php?rest_route=\/wp\/v2\/posts\/5404\/revisions\/5406"}],"wp:featuredmedia":[{"embeddable":true,"href":"https:\/\/pasaenmendoza.com\/index.php?rest_route=\/wp\/v2\/media\/5405"}],"wp:attachment":[{"href":"https:\/\/pasaenmendoza.com\/index.php?rest_route=%2Fwp%2Fv2%2Fmedia&parent=5404"}],"wp:term":[{"taxonomy":"category","embeddable":true,"href":"https:\/\/pasaenmendoza.com\/index.php?rest_route=%2Fwp%2Fv2%2Fcategories&post=5404"},{"taxonomy":"post_tag","embeddable":true,"href":"https:\/\/pasaenmendoza.com\/index.php?rest_route=%2Fwp%2Fv2%2Ftags&post=5404"}],"curies":[{"name":"wp","href":"https:\/\/api.w.org\/{rel}","templated":true}]}}