{"id":5407,"date":"2024-02-16T14:11:40","date_gmt":"2024-02-16T13:11:40","guid":{"rendered":"https:\/\/pasaenmendoza.com\/?p=5407"},"modified":"2024-02-16T14:11:41","modified_gmt":"2024-02-16T13:11:41","slug":"agostina-gonzalez-fue-electa-reina-de-la-vendimia-de-santa-rosa","status":"publish","type":"post","link":"https:\/\/pasaenmendoza.com\/?p=5407","title":{"rendered":"Agostina Gonz\u00e1lez fue electa reina de la Vendimia de Santa Rosa"},"content":{"rendered":"\n<p><strong>La\u00a0reina de la Vendimia de Santa Rosa 2024 es Agostina Gonz\u00e1lez<\/strong>, una joven de 23 a\u00f1os que estudia la Diplomatura en Enfermer\u00eda. Fue electa entrada la madrugada de este viernes, tras el espect\u00e1culo &#8220;Un viaje con racimos de esperanza&#8221; que se desarroll\u00f3 en el Club Social y Deportivo La Dormida.<\/p>\n\n\n\n<p>Con&nbsp;<strong>la intendenta Flor Dest\u00e9fanis&nbsp;<\/strong>-quien tambi\u00e9n fue soberana nacional de la Vendimia-<strong>&nbsp;oficiando de anfitriona<\/strong>, asistieron a la celebraci\u00f3n la Reina Nacional de la Vendimia 2023,&nbsp;<strong>Ana Laura Verde<\/strong>; el subsecretario de Cultura,&nbsp;<strong>Diego Gareca<\/strong>; la ministra de Energ\u00eda y Ambiente,&nbsp;<strong>Jimena Latorre<\/strong>; y los intendentes&nbsp;<strong>Fernando Ubieta<\/strong>&nbsp;(La Paz),&nbsp;<strong>Edgardo Gonz\u00e1lez<\/strong>&nbsp;(Lavalle),<strong>&nbsp;Emir Andraos<\/strong>&nbsp;(Tunuy\u00e1n) y&nbsp;<strong>Celso Jaque<\/strong>&nbsp;(Malarg\u00fce), adem\u00e1s de autoridades municipales, reinas departamentales de mandato cumplido, concejales y legisladores provinciales.<\/p>\n\n\n\n<p><strong>Solo tres chicas se presentaron para competir en la vendimia santarrosina<\/strong><\/p>\n\n\n\n<p>De acuerdo a la cr\u00f3nica del municipio, &#8220;Un viaje con racimos de esperanza&#8221; deslumbr\u00f3 con una puesta en escena llena de armon\u00eda que&nbsp;<strong>incluy\u00f3 efectos audiovisuales y m\u00e1s de 150 artistas locales en escena.<\/strong><\/p>\n\n\n\n<p>Tras los \u00faltimos destellos del espect\u00e1culo dirigido por Juan Toledo, se inici\u00f3 la elecci\u00f3n de la reina departamental de Santa Rosa, que portar\u00e1 sus atributos durante este a\u00f1o y buscar\u00e1 convertirse en soberana nacional, el pr\u00f3ximo s\u00e1bado 2 de marzo en el teatro griego Frank Romero Day.<\/p>\n\n\n\n<p><strong>Con 42 sufragios a su favor, Agostina Gonz\u00e1lez fue coronada reina departamental<\/strong>, mientras que Sof\u00eda Cordero result\u00f3 electa virreina. Agostina represent\u00f3 a la Escuela de Danzas &#8220;Crecer en mi Pueblo&#8221;, y Sof\u00eda -quien obtuvo 19 votos- a la Uni\u00f3n Vecinal Parque 25 de Mayo.<\/p>\n\n\n\n<p>En tanto, la candidata de la Uni\u00f3n Vecinal Barrio Primavera, Ayel\u00e9n Aveiro, es la reina del Festival Nacional de la Cueca y el Damasco y recibir\u00e1 su corona el domingo al cierre del festival que arranca este viernes.&nbsp;<strong>Solo estas tres chicas se presentaron para competir en la vendimia santarrosina<\/strong>.<\/p>\n\n\n\n<p>La intendenta\u00a0<strong>Flor Dest\u00e9fanis\u00a0<\/strong>coron\u00f3 a la reina electa 2024, lo hizo junto a la soberana departamental saliente,\u00a0<strong>Diana Quiroga<\/strong>. Y tambi\u00e9n subi\u00f3 al escenario para celebrar el acto la reina nacional\u00a0<strong>Ana Laura Verde<\/strong>. Mientras que la virreina fue coronada por las reinas mandato cumplido, Cristina Di Bernardo y Aldana Heredia.<\/p>\n\n\n\n<h2 class=\"wp-block-heading\">Santa Rosa s\u00ed tendr\u00e1 su festival de la Cueca y el Damasco<\/h2>\n\n\n\n<p>Como cada a\u00f1o, y&nbsp;<strong>a diferencia de otros municipios que cortaron la tradici\u00f3n debido a la crisis econ\u00f3mica<\/strong>, la celebraci\u00f3n vendimial de Santa Rosa fue el preludio para la 42\u00b0 edici\u00f3n del Festival Nacional de la Cueca y el Damasco.<\/p>\n\n\n\n<p>Otros departamentos como Rivadavia no hicieron sus festivales folcl\u00f3ricos este verano o acotaron su espectacularidad con menos jornadas festivaleras y sin figuras nacionales o internacionales. En cambio,\u00a0<strong>Santa Rosa decidi\u00f3 mantener su fiesta cuyana<\/strong>\u00a0con la Cueca y el Damasco que se desarrollar\u00e1 desde este viernes hasta el domingo, en el mismo lugar de la Vendimia, el Club Social y Deportivo La Dormida.<\/p>\n\n\n\n<p><strong>La estrella del festival santarrosino ser\u00e1 el Chaque\u00f1o Palavecino<\/strong>, quien cerrar\u00e1 la jornada del s\u00e1bado. Esta noche de viernes, para la apertura se prepar\u00f3 una grilla a puro ritmo y sabor con la presencia estelar de la banda\u00a0<strong>Los Playeros<\/strong>. El cierre de esta edici\u00f3n -que llegar\u00e1 el domingo- tendr\u00e1 una grilla de variados estilos musicales con\u00a0<strong>Algarroba.com, Los Cantores del Alba y Sabroso<\/strong>.<\/p>\n\n\n\n<p><strong>Fuente: www.diariouno.com.ar<\/strong><\/p>\n","protected":false},"excerpt":{"rendered":"<p>La\u00a0reina de la Vendimia de Santa Rosa 2024 es Agostina Gonz\u00e1lez, una joven de 23 a\u00f1os que estudia la Diplomatura en Enfermer\u00eda. Fue electa entrada la madrugada de este viernes, tras el espect\u00e1culo &#8220;Un viaje con racimos de esperanza&#8221; que se desarroll\u00f3 en el Club Social y Deportivo La Dormida. Con&nbsp;la intendenta Flor Dest\u00e9fanis&nbsp;-quien tambi\u00e9n [&hellip;]<\/p>\n","protected":false},"author":2,"featured_media":5408,"comment_status":"open","ping_status":"open","sticky":false,"template":"","format":"standard","meta":[],"categories":[74],"tags":[],"_links":{"self":[{"href":"https:\/\/pasaenmendoza.com\/index.php?rest_route=\/wp\/v2\/posts\/5407"}],"collection":[{"href":"https:\/\/pasaenmendoza.com\/index.php?rest_route=\/wp\/v2\/posts"}],"about":[{"href":"https:\/\/pasaenmendoza.com\/index.php?rest_route=\/wp\/v2\/types\/post"}],"author":[{"embeddable":true,"href":"https:\/\/pasaenmendoza.com\/index.php?rest_route=\/wp\/v2\/users\/2"}],"replies":[{"embeddable":true,"href":"https:\/\/pasaenmendoza.com\/index.php?rest_route=%2Fwp%2Fv2%2Fcomments&post=5407"}],"version-history":[{"count":1,"href":"https:\/\/pasaenmendoza.com\/index.php?rest_route=\/wp\/v2\/posts\/5407\/revisions"}],"predecessor-version":[{"id":5409,"href":"https:\/\/pasaenmendoza.com\/index.php?rest_route=\/wp\/v2\/posts\/5407\/revisions\/5409"}],"wp:featuredmedia":[{"embeddable":true,"href":"https:\/\/pasaenmendoza.com\/index.php?rest_route=\/wp\/v2\/media\/5408"}],"wp:attachment":[{"href":"https:\/\/pasaenmendoza.com\/index.php?rest_route=%2Fwp%2Fv2%2Fmedia&parent=5407"}],"wp:term":[{"taxonomy":"category","embeddable":true,"href":"https:\/\/pasaenmendoza.com\/index.php?rest_route=%2Fwp%2Fv2%2Fcategories&post=5407"},{"taxonomy":"post_tag","embeddable":true,"href":"https:\/\/pasaenmendoza.com\/index.php?rest_route=%2Fwp%2Fv2%2Ftags&post=5407"}],"curies":[{"name":"wp","href":"https:\/\/api.w.org\/{rel}","templated":true}]}}