{"id":5416,"date":"2024-02-19T13:15:05","date_gmt":"2024-02-19T12:15:05","guid":{"rendered":"https:\/\/pasaenmendoza.com\/?p=5416"},"modified":"2024-02-19T13:15:06","modified_gmt":"2024-02-19T12:15:06","slug":"los-dos-puntos-conflictivos-que-saltaron-sobre-la-inseguridad-en-el-gran-mendoza","status":"publish","type":"post","link":"https:\/\/pasaenmendoza.com\/?p=5416","title":{"rendered":"Los dos puntos conflictivos que saltaron sobre la inseguridad en el Gran Mendoza"},"content":{"rendered":"\n<p>La ministra Mercedes Rus se reuni\u00f3 con intendentes para saber qu\u00e9 recursos tienen y les pidi\u00f3 que mejoren las calles. Las zonas rojas y el problema social.<\/p>\n\n\n\n<p>Un<strong>&nbsp;mapa del calor&nbsp;<\/strong>que evidencia las&nbsp;<strong>zonas rojas<\/strong>&nbsp;de la&nbsp;<strong>inseguridad&nbsp;<\/strong>de&nbsp;<strong>Mendoza<\/strong>, preocupaci\u00f3n por la&nbsp;<strong>situaci\u00f3n social<\/strong>&nbsp;que se observa en las calles, sobre todo, de la Capital. Esos fueron los dos puntos que surgieron en la serie de reuniones entre&nbsp;<strong>Mercedes Rus&nbsp;<\/strong>y algunos&nbsp;<strong>intendentes<\/strong>, con las que la ministra de&nbsp;<strong>Seguridad<\/strong>&nbsp;quiere acordar puntos en com\u00fan para que resuelvan algunas cuestiones, como las calles en buen estado para facilitar el desplazamiento de las patrullas en caso de emergencias.<\/p>\n\n\n\n<p>La cartera mostr\u00f3 im\u00e1genes este viernes de los encuentros que mantuvo la ministra con los jefes comunales de todos los colores pol\u00edticos. Algunos fueron a la sede de calle Salta, en tanto que otros la recibieron en sus despachos. Hubo llamadas telef\u00f3nicas con unos pocos y promesa de citas para los d\u00edas venideros para los que faltan.<\/p>\n\n\n\n<p>Pero esta secuencia de reuniones comenz\u00f3 a fines de diciembre, cuando Rus se reuni\u00f3 con los&nbsp;<strong>comisarios&nbsp;<\/strong>a cargo de las distritales y departamentales. Una de las primeras cuestiones que saltaron es que los intendentes, en algunos casos, no sab\u00edan qu\u00e9 jefe policial ten\u00edan en sus jurisdicciones debido a los cambios que se realiz\u00f3 con la gesti\u00f3n entrante.<\/p>\n\n\n\n<p>Con esta saga de reuniones, Rus busca superar, por un lado, las pol\u00e9micas medi\u00e1ticas que tuvo con&nbsp;<strong>Ulpiano Suarez<\/strong>, pero tambi\u00e9n relevar la infraestructura con la que cuentan las comunas.<\/p>\n\n\n\n<p>\u201c<em>Necesitamos a los municipios involucrados<\/em>\u201c, aseguraron desde el ministerio. Y graficaron: una calle en mal estado implica un abordaje m\u00e1s demorado, porque los m\u00f3viles no pueden llegar.<\/p>\n\n\n\n<p>\u201c<em>Nos pregunt\u00f3 cu\u00e1l fue nuestro nivel de infraestructura hacia la seguridad<\/em>\u201c, indic\u00f3 un intendente que particip\u00f3 de las reuniones y llev\u00f3 informaci\u00f3n sobre lo que est\u00e1 haciendo en su municipio. \u201c<em>Fue un ida y vuelta<\/em>\u201c.<\/p>\n\n\n\n<p>Por el momento, en Seguridad afirman que el gobernador&nbsp;<strong>Alfredo Cornejo<\/strong>&nbsp;no ha pedido ninguna medida de shock, frente a los reclamos vecinales y el incremento en los robos. \u201c<em>Son maquillaje. Tiene que haber un buen diagn\u00f3stico y trabajar bien con la Justicia<\/em>\u201c, argumentaron en el entorno de Rus. \u201c<em>Lo importante son las medidas de fondo<\/em>\u201c, postularon.<\/p>\n\n\n\n<h2 class=\"wp-block-heading\" id=\"h-mapa-del-calor\">Mapa del calor<\/h2>\n\n\n\n<p>\u201c<em>Si hay una similitud, est\u00e1 en el Gran Mendoza<\/em>\u201c, remarcaron desde el ministerio, en torno a las situaciones que plantearon los distintos jefes comunales. Hoy, los&nbsp;<strong>delitos<\/strong>&nbsp;prioritarios que se buscan prevenir son los&nbsp;<strong>robos<\/strong>&nbsp;y&nbsp;<strong>hurtos<\/strong>.<\/p>\n\n\n\n<p>Uno de los que particip\u00f3 de la reuni\u00f3n fue, nada menos, que el impulsor del mapa del delito,&nbsp;<strong>Celso Jaque<\/strong>. En el ministerio manejan un mapa de calor para identificar las zonas rojas. Ese tablero indica que&nbsp;<strong>Las Heras<\/strong>, algunas zonas de&nbsp;<strong>Godoy Cruz<\/strong>&nbsp;-como el oeste, donde los enfrentamientos se han incrementado en los \u00faltimos meses-,&nbsp;<strong>Guaymall\u00e9n<\/strong>&nbsp;y&nbsp;<strong>Capital<\/strong>&nbsp;son las que concentran mayor preocupaci\u00f3n en el ministerio.<\/p>\n\n\n\n<p>Con todo, el reclamo menos escuchado durante las reuniones, seg\u00fan detallaron desde la cartera, no fue el de m\u00e1s polic\u00edas. Pero en el Gobierno entienden que los intendentes tienen que entender el cambio de paradigma: \u201c<em>Ya no es tanta cantidad de polic\u00edas por departamento, sino por distrital, que es m\u00e1s din\u00e1mico<\/em>\u201c, explicaron. \u201c<em>Hay un n\u00famero gen\u00e9rico por departamento, seg\u00fan el mapa de calor<\/em>\u201c, determinaron.<\/p>\n\n\n\n<p>\u201c<em>En realidad, queremos saber cu\u00e1ntos polic\u00edas tenemos en el departamento y qu\u00e9 trabajo van a hacer para tener una coordinaci\u00f3n inteligente<\/em>\u201c, sostuvo uno de los jefes comunales consultados. Y agregaron que \u201c<em>no queremos superponer recursos, en base a un mapa de calor que ya venimos trabajando<\/em>\u201c.<\/p>\n\n\n\n<p>Otro se anticip\u00f3 y dijo: \u201c<em>No vamos a formar preventores<\/em>\u201c, porque considera que el cuerpo policial es responsabilidad exclusiva de la Provincia.<\/p>\n\n\n\n<p>La otra cuesti\u00f3n que preocup\u00f3 es la situaci\u00f3n social que tiene un pulso particular en las calles. Los intendentes est\u00e1n preocupados por la gente en situaci\u00f3n de calle, que se instala en paseos p\u00fablicos o duerme en las puertas de comercios e instituciones. Meses atr\u00e1s lo expres\u00f3 el&nbsp;<strong>Arzobispado<\/strong>&nbsp;en una reuni\u00f3n con funcionarios de Capital, y el problema parece haberse profundizado.<\/p>\n\n\n\n<p>\u201c<em>Se plante\u00f3 abordar este problema desde el origen y se habl\u00f3 de conformar una mesa metropolitana con los intendentes y las \u00e1reas sociales<\/em>\u201c, explic\u00f3 un intendente del Gran Mendoza.<\/p>\n\n\n\n<p>En el ministerio consideran que no sirve detenerlos por una contravenci\u00f3n, ya que al d\u00eda siguiente est\u00e1n en la calle acampando nuevamente. All\u00ed pidieron a los intendentes mayor conexi\u00f3n con el \u00e1rea social de los municipios.<\/p>\n\n\n\n<p>Eso s\u00ed, desde el entorno de Rus descartaron la presencia de la&nbsp;<strong>Gendarmer\u00eda<\/strong>&nbsp;en las calles de Mendoza. El trascendido se dio luego de una reuni\u00f3n con la ministra&nbsp;<strong>Patricia Bullrich<\/strong>. En rigor, aclararon, se hizo un pedido sobre las fuerzas federales sobre cuestiones muy puntuales, como las necesidades que tienen en la Justicia Federal para el traslado de detenidos, puesto que la Polic\u00eda Federal est\u00e1 trasladando uniformados a otras zonas calientes del pa\u00eds.<\/p>\n\n\n\n<h2 class=\"wp-block-heading\" id=\"h-te-estamos-filmando\">Te estamos filmando<\/h2>\n\n\n\n<p>Si bien se toc\u00f3 el tema de la unificaci\u00f3n de las c\u00e1maras de videovigilancia urbana, en el relevamiento que ha hecho por el momento Seguridad hay un obst\u00e1culo: la diferencia tecnol\u00f3gica que hay entre los dispositivos. El Gobierno seguir\u00e1 adquiriendo las c\u00e1maras, pero resaltaron que hay que revisar si son compatibles con las que tienen, por ejemplo, las bodegas en Luj\u00e1n y Maip\u00fa. Por ello, la integraci\u00f3n a un sistema parecer\u00eda, por el momento, lejana.<\/p>\n\n\n\n<p>\u201c<em>Le mostr\u00f3 el mapeo de las c\u00e1maras de la provincia, de las municipales y de las potenciales c\u00e1maras de privados a incorporar en el sistema<\/em>\u201c, indicaron desde otro municipio sobre la reuni\u00f3n que el intendente mantuvo con Rus.<\/p>\n\n\n\n<p>En ese punto, dicen que desde Capital adelantaron lo que se llama el Anillo Digital, con el que Ulpiano Suarez busca instalar c\u00e1maras que permitan leer patentes en los ingresos a la Ciudad de Mendoza. \u201cS<em>eguiremos vinculados a CABA, porque tienen una buena experiencia con indicadores de ciertos tipos de delitos para el que este anillo es una muy buena herramienta<\/em>\u201c, detall\u00f3 una de las fuentes consultadas en el municipio que est\u00e1 trabajando sobre el tema.<\/p>\n\n\n\n<p>En Luj\u00e1n, por otro lado, le mostraron a Rus un proyecto llamado \u201c<em>Paradas seguras<\/em>\u201c, donde el municipio ha colocado en los paradores nuevos una torre con intercomunicador directo al centro de monitoreo y un bot\u00f3n de p\u00e1nico. Tambi\u00e9n tiene una c\u00e1mara filmando permanentemente. \u201c<em>Si lo pone en la Plaza Independencia, va a ser un shock<\/em>\u201c, contemplaron.<\/p>\n\n\n\n<p>En tanto, en el Ministerio de calle Salta de Godoy Cruz tambi\u00e9n quieren unificar bajo un sistema a las distritales, para que est\u00e9n mejor informadas.<\/p>\n\n\n\n<p>FUENTE: Elsol.com.ar <\/p>\n","protected":false},"excerpt":{"rendered":"<p>La ministra Mercedes Rus se reuni\u00f3 con intendentes para saber qu\u00e9 recursos tienen y les pidi\u00f3 que mejoren las calles. Las zonas rojas y el problema social. Un&nbsp;mapa del calor&nbsp;que evidencia las&nbsp;zonas rojas&nbsp;de la&nbsp;inseguridad&nbsp;de&nbsp;Mendoza, preocupaci\u00f3n por la&nbsp;situaci\u00f3n social&nbsp;que se observa en las calles, sobre todo, de la Capital. Esos fueron los dos puntos que surgieron [&hellip;]<\/p>\n","protected":false},"author":2,"featured_media":5417,"comment_status":"open","ping_status":"open","sticky":true,"template":"","format":"standard","meta":[],"categories":[47],"tags":[],"_links":{"self":[{"href":"https:\/\/pasaenmendoza.com\/index.php?rest_route=\/wp\/v2\/posts\/5416"}],"collection":[{"href":"https:\/\/pasaenmendoza.com\/index.php?rest_route=\/wp\/v2\/posts"}],"about":[{"href":"https:\/\/pasaenmendoza.com\/index.php?rest_route=\/wp\/v2\/types\/post"}],"author":[{"embeddable":true,"href":"https:\/\/pasaenmendoza.com\/index.php?rest_route=\/wp\/v2\/users\/2"}],"replies":[{"embeddable":true,"href":"https:\/\/pasaenmendoza.com\/index.php?rest_route=%2Fwp%2Fv2%2Fcomments&post=5416"}],"version-history":[{"count":1,"href":"https:\/\/pasaenmendoza.com\/index.php?rest_route=\/wp\/v2\/posts\/5416\/revisions"}],"predecessor-version":[{"id":5418,"href":"https:\/\/pasaenmendoza.com\/index.php?rest_route=\/wp\/v2\/posts\/5416\/revisions\/5418"}],"wp:featuredmedia":[{"embeddable":true,"href":"https:\/\/pasaenmendoza.com\/index.php?rest_route=\/wp\/v2\/media\/5417"}],"wp:attachment":[{"href":"https:\/\/pasaenmendoza.com\/index.php?rest_route=%2Fwp%2Fv2%2Fmedia&parent=5416"}],"wp:term":[{"taxonomy":"category","embeddable":true,"href":"https:\/\/pasaenmendoza.com\/index.php?rest_route=%2Fwp%2Fv2%2Fcategories&post=5416"},{"taxonomy":"post_tag","embeddable":true,"href":"https:\/\/pasaenmendoza.com\/index.php?rest_route=%2Fwp%2Fv2%2Ftags&post=5416"}],"curies":[{"name":"wp","href":"https:\/\/api.w.org\/{rel}","templated":true}]}}