{"id":5421,"date":"2024-02-19T13:28:45","date_gmt":"2024-02-19T12:28:45","guid":{"rendered":"https:\/\/pasaenmendoza.com\/?p=5421"},"modified":"2024-02-19T13:28:46","modified_gmt":"2024-02-19T12:28:46","slug":"estudian-quitarles-los-subsidios-a-quienes-tengan-autos-o-motos-con-antiguedad-menor-a-cinco-anos","status":"publish","type":"post","link":"https:\/\/pasaenmendoza.com\/?p=5421","title":{"rendered":"Estudian quitarles los subsidios a quienes tengan autos o motos con antig\u00fcedad menor a cinco a\u00f1os"},"content":{"rendered":"\n<p>Quienes sean<strong>\u00a0due\u00f1os de motos o autos con una antig\u00fcedad menor a cinco a\u00f1os tambi\u00e9n podr\u00edan perder el derecho a cobrar\u00a0subsidios<\/strong>\u00a0del Estado\u00a0<strong>a la electricidad y el gas<\/strong>.<\/p>\n\n\n\n<p>Esa es la propuesta que llevar\u00e1 el Gobierno a&nbsp;<strong>las audiencias p\u00fablicas, que se realizar\u00e1n el 29 de febrero,<\/strong>&nbsp;en el marco del objetivo de achicar los gastos p\u00fablicos.<\/p>\n\n\n\n<p>El Gobierno analiza una quita de subsidios generalizada para la luz y el gas a quienes tengan a su nombre&nbsp;<strong>un auto o moto con menos de 5 a\u00f1os de antig\u00fcedad<\/strong>. Hasta el momento esto mismo ocurr\u00eda pero con veh\u00edculos con<strong>&nbsp;menos de tres a\u00f1os.<\/strong><\/p>\n\n\n\n<p>La informaci\u00f3n surge de los&nbsp;<strong>documentos publicados por la Secretar\u00eda de Energ\u00eda<\/strong>, que servir\u00e1n como sustento para la audiencia p\u00fablica por la segmentaci\u00f3n de tarifas y subsidios, a realizarse el jueves 29 de febrero.<\/p>\n\n\n\n<p>All\u00ed se presentar\u00e1 y pondr\u00e1 a discusi\u00f3n la nueva &#8220;<strong>Canasta B\u00e1sica Energ\u00e9tica&#8221;<\/strong>, una herramienta para obtener &#8220;mejor eficiencia y focalizaci\u00f3n&#8221; en la ayuda del Estado nacional a los hogares.<\/p>\n\n\n\n<figure class=\"wp-block-image\"><img decoding=\"async\" src=\"https:\/\/media.diariouno.com.ar\/p\/940fdc30e69dd410d0e234e50fe0d4d1\/adjuntos\/298\/imagenes\/009\/193\/0009193180\/1200x0\/smart\/cerilla-encendida-enciende-gas-estufa-gas-domestica-cocina_406597-1862jpg.jpg\" alt=\"\" title=\"\"\/><\/figure>\n\n\n\n<p>Hasta el momento, el criterio de exclusi\u00f3n vigente por la segmentaci\u00f3n puesta en marcha en agosto de 2022 es que\u00a0<strong>las personas que tengan a su nombre 3 o m\u00e1s veh\u00edculos automotores con menos de 5 a\u00f1os de antig\u00fcedad no tendr\u00edan subsidios y quedar\u00edan catalogadas como &#8220;Nivel 1&#8221;<\/strong>\u00a0(N1, &#8220;ingresos altos&#8221;) en su hogar.<\/p>\n\n\n\n<h2 class=\"wp-block-heading\">Otros criterios que implican la eliminaci\u00f3n de subvenciones<\/h2>\n\n\n\n<p><strong>Otros criterios patrimoniales que implicar\u00edan una eliminaci\u00f3n de las subvenciones<\/strong>&nbsp;estatales son: si dentro del grupo conviviente hay personas con al menos una&nbsp;<strong>aeronave o embarcaci\u00f3n&nbsp;<\/strong>a su nombre o si tienen&nbsp;<strong>dos o m\u00e1s inmuebles registrados<\/strong>.<\/p>\n\n\n\n<p>Por el lado de los ingresos, el secretario de Energ\u00eda,&nbsp;<strong>Eduardo Rodr\u00edguez Chirillo<\/strong>, anticip\u00f3 que&nbsp;<strong>el Estado \u00fanicamente pondr\u00eda la diferencia cuando los hogares destinen m\u00e1s del 10% de sus ingresos a pagar la electricidad y el gas natural por redes<\/strong>, lo que determinar\u00eda una &#8220;pobreza energ\u00e9tica&#8221;. Resta ver c\u00f3mo se aplicar\u00eda tambi\u00e9n a las garrafas.<\/p>\n\n\n\n<p>El Gobierno promete<strong>&nbsp;cruzar m\u00faltiples bases de datos&nbsp;<\/strong>para validar la informaci\u00f3n que provean los usuarios que soliciten subsidios. Por ejemplo, datos sobre fallecidos, pensiones no contributivas, jubilaciones, pensiones, programas sociales, empleo, inmuebles, registros de embarcaciones, padr\u00f3n de automotores, aeronaves, certificados de discapacidad y electrodependientes.<\/p>\n\n\n\n<p>Tambi\u00e9n buscar\u00e1 datos sobre el cobro de seguros de desempleo, obras sociales y prepagas, seguros de salud, asignaciones familiares, \u201cvivienda social\u201d, sociedades y personas jur\u00eddicas, alumnos del sistema educativo, becas y deudores del sistema financiero registrados por el Banco Central (BCRA).<\/p>\n\n\n\n<p>Con todo, ser\u00e1 un desaf\u00edo&nbsp;<strong>chequear en poco menos de dos meses millones de datos en un pa\u00eds con alta informalidad laboral<\/strong>&nbsp;y con un sistema que, por l\u00f3gica, tiende a generar incentivos para la&nbsp;<strong>subdeclaraci\u00f3n de ingresos y patrimonios<\/strong>, al igual que el actual Registro de Acceso a los Subsidios a la Energ\u00eda (RASE), vigente desde hace un a\u00f1o y medio.<\/p>\n\n\n\n<p>La nueva<strong>&nbsp;canasta b\u00e1sica energ\u00e9tica<\/strong>&nbsp;deber\u00eda estar definida en abril y se pondr\u00eda en marcha en mayo, de acuerdo a lo que consta en el Staff Report del Fondo Monetario Internacional (FMI). Los subsidios a la energ\u00eda deber\u00edan caer este a\u00f1o entre 2500 y 3000 millones de d\u00f3lares, del equivalente a 1,6% del Producto Interno Bruto (PIB) a 1,1 puntos.<\/p>\n\n\n\n<p>Una gran parte de ese ajuste se lograr\u00e1 con<strong>&nbsp;menores importaciones de energ\u00eda gracias al gasoducto de Vaca Muerta<\/strong>, a la ca\u00edda en los precios internacionales del gas y los locales de la generaci\u00f3n el\u00e9ctrica gracias a las lluvias que llenan las represas, y al aumento de tarifas. De hecho, los factores de oferta pueden aliviar la necesidad del Gobierno de hacer caer el recorte sobre los usuarios.<\/p>\n\n\n\n<p>La segmentaci\u00f3n energ\u00e9tica fue objeto de discusi\u00f3n ya desde 2012, cuando la econom\u00eda manifest\u00f3 la necesidad de&nbsp;<strong>focalizar los subsidios<\/strong>, en un contexto de reversi\u00f3n de los super\u00e1vits gemelos en d\u00e9ficits y el inicio del cepo al d\u00f3lar.<\/p>\n\n\n\n<p>En 2021, las diferencias sobre este tema entre el entonces ministro de Econom\u00eda,&nbsp;<strong>Mart\u00edn Guzm\u00e1n<\/strong>, y el subsecretario de Energ\u00eda El\u00e9ctrica,&nbsp;<strong>Federico Basualdo<\/strong>, hicieron detonar la conducci\u00f3n de la pol\u00edtica econ\u00f3mica, hasta que en agosto de 2022 asumi\u00f3 como ministro&nbsp;<strong>Sergio Massa<\/strong>&nbsp;y tuvo las manos libres para avanzar con la quita de subsidios a los hogares de &#8220;altos&#8221; ingresos y\/o patrimonios.<\/p>\n\n\n\n<p>A nivel nacional, hay 16.125.130 (16,1 millones) de usuarios de la red el\u00e9ctrica, de los cuales 5.327.173 (el 33%) son de Nivel 1 de la segmentaci\u00f3n y no tienen subsidios; 7.971.597 (el 49,5%) son de Nivel 2 &#8211; ingresos bajos; y 2.826.360 (el 17,5% restante) son de Nivel 3 &#8211; ingresos medios.\u00a0<strong>Esto significa que el 67% tienen la ayuda estatal para pagar los precios mayoristas de la energ\u00eda el\u00e9ctrica, que cubre m\u00e1s del 93% del costo<\/strong>.<\/p>\n\n\n\n<p><strong>Fuente: www.diariouno.com.ar<\/strong><\/p>\n","protected":false},"excerpt":{"rendered":"<p>Quienes sean\u00a0due\u00f1os de motos o autos con una antig\u00fcedad menor a cinco a\u00f1os tambi\u00e9n podr\u00edan perder el derecho a cobrar\u00a0subsidios\u00a0del Estado\u00a0a la electricidad y el gas. Esa es la propuesta que llevar\u00e1 el Gobierno a&nbsp;las audiencias p\u00fablicas, que se realizar\u00e1n el 29 de febrero,&nbsp;en el marco del objetivo de achicar los gastos p\u00fablicos. El Gobierno [&hellip;]<\/p>\n","protected":false},"author":2,"featured_media":5426,"comment_status":"open","ping_status":"open","sticky":false,"template":"","format":"standard","meta":[],"categories":[75],"tags":[],"_links":{"self":[{"href":"https:\/\/pasaenmendoza.com\/index.php?rest_route=\/wp\/v2\/posts\/5421"}],"collection":[{"href":"https:\/\/pasaenmendoza.com\/index.php?rest_route=\/wp\/v2\/posts"}],"about":[{"href":"https:\/\/pasaenmendoza.com\/index.php?rest_route=\/wp\/v2\/types\/post"}],"author":[{"embeddable":true,"href":"https:\/\/pasaenmendoza.com\/index.php?rest_route=\/wp\/v2\/users\/2"}],"replies":[{"embeddable":true,"href":"https:\/\/pasaenmendoza.com\/index.php?rest_route=%2Fwp%2Fv2%2Fcomments&post=5421"}],"version-history":[{"count":1,"href":"https:\/\/pasaenmendoza.com\/index.php?rest_route=\/wp\/v2\/posts\/5421\/revisions"}],"predecessor-version":[{"id":5428,"href":"https:\/\/pasaenmendoza.com\/index.php?rest_route=\/wp\/v2\/posts\/5421\/revisions\/5428"}],"wp:featuredmedia":[{"embeddable":true,"href":"https:\/\/pasaenmendoza.com\/index.php?rest_route=\/wp\/v2\/media\/5426"}],"wp:attachment":[{"href":"https:\/\/pasaenmendoza.com\/index.php?rest_route=%2Fwp%2Fv2%2Fmedia&parent=5421"}],"wp:term":[{"taxonomy":"category","embeddable":true,"href":"https:\/\/pasaenmendoza.com\/index.php?rest_route=%2Fwp%2Fv2%2Fcategories&post=5421"},{"taxonomy":"post_tag","embeddable":true,"href":"https:\/\/pasaenmendoza.com\/index.php?rest_route=%2Fwp%2Fv2%2Ftags&post=5421"}],"curies":[{"name":"wp","href":"https:\/\/api.w.org\/{rel}","templated":true}]}}