{"id":5436,"date":"2024-02-19T13:39:39","date_gmt":"2024-02-19T12:39:39","guid":{"rendered":"https:\/\/pasaenmendoza.com\/?p=5436"},"modified":"2024-02-19T13:40:45","modified_gmt":"2024-02-19T12:40:45","slug":"el-mundo-de-los-cosechadores-por-que-faltan-cuales-son-sus-temores-y-cuanto-sacan-por-dia","status":"publish","type":"post","link":"https:\/\/pasaenmendoza.com\/?p=5436","title":{"rendered":"El mundo de los cosechadores: por qu\u00e9 faltan, cu\u00e1les son sus temores y cu\u00e1nto sacan por d\u00eda"},"content":{"rendered":"\n<p>Viernes, bien entrada la siesta. La&nbsp;<strong>cosecha 2024<\/strong>&nbsp;est\u00e1 en marcha.&nbsp;<strong>Una se\u00f1ora y su hijo menor de edad acaban de terminar de llenar el tacho n\u00famero 30 de uva chica en una finca del Valle de Uco<\/strong>&nbsp;despu\u00e9s de trabajar aproximadamente cinco horas al rayo del sol, a m\u00e1s de 30 grados.&nbsp;<strong>Juntaron unos $15.000<\/strong>.<\/p>\n\n\n\n<p>Tuvieron &#8220;suerte&#8221;, dicen. Arreglaron $500 por tacho o ficha pero en otras fincas, m\u00e1s al Este de Mendoza, algunos cosechadores est\u00e1n cobrando apenas $300.<\/p>\n\n\n\n<p><strong>Son unas 18.000 personas las que se necesitan&nbsp;<\/strong>durante la temporada de cosecha. De ellas, la mitad generalmente son o viven en Mendoza y la otra mitad se cubren con los llamados &#8220;golondrinas&#8221;, esos que llegan desde el Norte exclusivamente para hacer un mango durante esta \u00e9poca del a\u00f1o.<\/p>\n\n\n\n<p>Pero como viene pasando en los \u00faltimos a\u00f1os, bodegueros hacen foco en que cuesta llegar a esa cifra:&nbsp;<strong>&#8220;Falta de mano de obra&#8221;<\/strong>.<\/p>\n\n\n\n<h2 class=\"wp-block-heading\">El planteo de siempre: faltan cosechadores<\/h2>\n\n\n\n<p><strong>Mauro Sosa, presidente del Centro de bodegueros y vi\u00f1ateros de la Zona Este de Mendoza<\/strong>, plante\u00f3 a principios de este mes en un documento formal que le present\u00f3 al ministro de Producci\u00f3n, Rodolfo Vargas Arizu, que uno de los desaf\u00edos de la temporada de<strong>&nbsp;cosecha 2024<\/strong>&nbsp;era la &#8220;falta de mano de obra y la negativa del trabajador a ser registrado&#8221;.<\/p>\n\n\n\n<p>Seg\u00fan adujo, esto &#8220;tienen una directa relaci\u00f3n con la vigencia de planes asistenciales por lo tanto debe resolverse con decisi\u00f3n ya que provoca una suma de inconvenientes para todas las partes involucradas: productor, trabajador y Estado&#8221;.<\/p>\n\n\n\n<p>Lo que reflejan los productores es que&nbsp;<strong>los cosechadores y sus familias tienen temor de perder el beneficio de la Tarjeta Alimentar, que a su vez va ligado a la Asignaci\u00f3n Universal por Hijo<\/strong>, y que exige entre los requisitos (a grandes rasgos) estar desocupado o ser trabajador no registrado o sin aportes. En febrero, por ejemplo, un beneficiario por dos hijos recibi\u00f3 en total por ambos programas algo m\u00e1s de $130.000.<\/p>\n\n\n\n<p>Pero los cosechadores, y sus representantes gremiales, conocen que<strong>&nbsp;la legislaci\u00f3n actual except\u00faa de ese requisito a los trabajadores rurales temporarios; sin embargo, el temor persiste.<\/strong>&nbsp;\u00bfPor qu\u00e9?<\/p>\n\n\n\n<p>Por un lado, porque ya les pas\u00f3. Y como dice el dicho popular: &#8220;El que se quema con leche, ve una vaca y llora&#8221;. Es que en octubre del a\u00f1o pasado, cuando se lanz\u00f3 una ayuda extra para trabajadores informales, estos trabajadores temporarios se vieron impedidos de acceder al beneficio y entonces ahora tienen sus dudas.<\/p>\n\n\n\n<figure class=\"wp-block-image\"><img decoding=\"async\" src=\"https:\/\/media.diariouno.com.ar\/p\/6a5949b8c3d35299a0084cf32d4a11fa\/adjuntos\/298\/imagenes\/009\/296\/0009296214\/1200x0\/smart\/cosecha-2024-mendoza-5jpg.jpg\" alt=\"\" title=\"\"\/><\/figure>\n\n\n\n<p>Y por otro lado, el sistema puede tener errores y\/o demoras y eso equivale para una familia dejar de percibir un ingreso b\u00e1sico para vivir.<\/p>\n\n\n\n<p>&#8220;Los cosechadores argumentan que&nbsp;<strong>han tenido problemas con las asignaciones<\/strong>. Que cuando el sistema advierte que un miembro de la familia realiza aportes, el beneficio se corta; o que,<strong>&nbsp;despu\u00e9s de que se les da de baja como trabajadores temporales pasan uno o dos meses hasta que vuelven a cobrar la AUH y la Tarjeta Alimentar<\/strong>&nbsp;y ellos no pueden estar ese tiempo sin ver un peso&#8221;, explicaron.<\/p>\n\n\n\n<p>Desde la Naci\u00f3n, a trav\u00e9s de la Secretar\u00eda de Agricultura, Ganader\u00eda y Pesca, emitieron un comunicado garantiz\u00e1ndoles a los trabajadores que aquello&nbsp;<strong>este a\u00f1o no suceder\u00e1<\/strong>:&nbsp;&#8220;Trabajadores rurales temporarios pueden tener empleo registrado sin perder la ayuda social&#8221;, prometieron.&nbsp;<strong>Ser\u00e1 cuesti\u00f3n de fe.<\/strong><\/p>\n\n\n\n<h2 class=\"wp-block-heading\">El perfil del cosechador, lo que cobra por jornal y la cadena que no cierra<\/h2>\n\n\n\n<p><strong>Juan Carlos Aguirre, secretario Gremial de la Federaci\u00f3n de Obreros y Empleados Vitivin\u00edcolas y Afines (FOEVA)<\/strong>, explica con mucha docencia para los no avezados en la materia que hoy en Mendoza se pueden encontrar varios tipos de cosechadores.<\/p>\n\n\n\n<p>El golondrina es ese que viene generalmente de Tucum\u00e1n, de Santiago del Estero, de Salta o de Jujuy a trabajar por toda la temporada. Son ellos los que se quedan en fincas m\u00e1s bien grandes. &#8220;Tienen que estar en buenas condiciones&#8221;, aclara Aguirre conociendo el pa\u00f1o aunque no deber\u00eda ser necesario.<\/p>\n\n\n\n<p>De estos, cada vez cuesta que lleguen m\u00e1s porque, a pesar de la crisis y la necesidad de trabajo, muchas veces lo que se les paga no les termina cerrando.<\/p>\n\n\n\n<p>Otro tipo de cosechadores son los que residen en Mendoza y van y vienen a las fincas en combis. Dejan su casa, van hasta Ugarteche -por decir un lugar- y se trasladan en movilidad solo por la jornada.<\/p>\n\n\n\n<p>Y un tercero, que es ese, quiz\u00e1s de fincas m\u00e1s peque\u00f1as, que vive en ellas todo el a\u00f1o.<\/p>\n\n\n\n<figure class=\"wp-block-image\"><img decoding=\"async\" src=\"https:\/\/media.diariouno.com.ar\/p\/2c1b0d1ebc5dc230fa164f1ef77ccf0d\/adjuntos\/298\/imagenes\/009\/296\/0009296211\/1200x0\/smart\/cosecha-2024-mendoza-1jpg.jpg\" alt=\"\" title=\"\"\/><\/figure>\n\n\n\n<p><strong>Obreros de vi\u00f1a, de bodega, contratistas<\/strong>. La mayor\u00eda en esta \u00e9poca se calza el traje de cosechadores porque, como explica tambi\u00e9n Diego Mont\u00f3n, referente de la Uni\u00f3n de Trabajadores Rurales Sin Tierra, &#8220;cuando se cosecha se hace m\u00e1s plata de lo que se hace trabajando al d\u00eda&#8221;.<\/p>\n\n\n\n<p>Y son muchos los obreros de vi\u00f1a -fijos todo el a\u00f1o, dependientes de una bodega- que, seg\u00fan agrega Aguirre, se toman vacaciones en el pico de la cosecha para dedicarse a ello y hacer un dinero extra en la temporada.<\/p>\n\n\n\n<p><strong>El pago var\u00eda, seg\u00fan la zona, seg\u00fan la demanda y seg\u00fan el trabajo<\/strong>. En la cosecha se paga por tacho o ficha.&nbsp;<strong>Hoy est\u00e1 entre $300 y $500<\/strong>. &#8220;Si la uva es chiquita como la merlot o la cabernet, generalmente se paga m\u00e1s porque el trabajo es m\u00e1s dif\u00edcil, uno se demora m\u00e1s para cortar el racimo y se necesita m\u00e1s volumen para llenar el tacho&#8221;, ense\u00f1a Aguirre.<\/p>\n\n\n\n<p>En cambio, cuando la uva es grande, como la sanjuanina, se la arranca f\u00e1cilmente con un manot\u00f3n, y por tanto el tacho se paga menos.<\/p>\n\n\n\n<p>La plata se ve en mano hacia el fin de semana, el viernes o el s\u00e1bado seg\u00fan el caso. Y&nbsp;<strong>el cu\u00e1nto depender\u00e1 muchas veces de la destreza y del f\u00edsico<\/strong>.<\/p>\n\n\n\n<p>Es que un&nbsp;<strong>hombre con experiencia y de mediana edad puede estar levantando unos 50 o 60 tachos por d\u00eda<\/strong>. Y se calcula que en promedio puede conseguir&nbsp;<strong>$18.000 por jornada<\/strong>, lo que a fines de la semana hacen entre $90.000 y $108.000, seg\u00fan trabaje cinco o seis d\u00edas.<\/p>\n\n\n\n<p>La historia se complica cuando el f\u00edsico pasa factura. Por una cuesti\u00f3n de fuerza, muchas veces son las mujeres las que menos sacan al terminar la semana. Y lo mismo le pasa a aquellos que ya cargan con unos cuantos a\u00f1os en la espalda.<\/p>\n\n\n\n<p>&#8220;Hay trabajadores rurales que cobran la mitad de esos $18.000 por d\u00eda.&nbsp;<strong>Algunos, con suerte llegan a $12.000.&nbsp;<\/strong>Y todo termina siendo poca plata en funci\u00f3n de la entrega f\u00edsica que hace un cosechador. Debemos tener en cuenta que a medida que se va poniendo m\u00e1s grande, ese esfuerzo tiene tambi\u00e9n impactos muy importantes en la salud&#8221;, baja a tierra Mont\u00f3n.<\/p>\n\n\n\n<p>Si tenemos en cuenta que, seg\u00fan la \u00faltima medici\u00f3n de la Direcci\u00f3n de Estad\u00edsticas e Investigaciones Econ\u00f3micas de Mendoza (DEIE),&nbsp;<strong>para no ser pobre una familia tipo de 4 personas (dos adultos y dos ni\u00f1os menores) debi\u00f3 reunir $551.527,35 en enero<\/strong>, los n\u00fameros no cierran.<\/p>\n\n\n\n<p><strong>&#8220;Lo que cobran los cosechadores est\u00e1 lej\u00edsimo de cubrir la canasta b\u00e1sica total&#8221;, cuestiona efectivamente Mont\u00f3n.<\/strong><\/p>\n\n\n\n<figure class=\"wp-block-image\"><img decoding=\"async\" src=\"https:\/\/media.diariouno.com.ar\/p\/905abe6a279e0f8208700055751c2cbb\/adjuntos\/298\/imagenes\/009\/296\/0009296210\/1200x0\/smart\/cosecha-2024-mendoza-4jpg.jpg\" alt=\"\" title=\"\"\/><\/figure>\n\n\n\n<p><strong>La uva, el gran problema.&nbsp;<\/strong>&#8220;Al ser un fruto que se tiene que vender apenas se cosecha, el margen de negociaci\u00f3n para el productor es poco. Por lo tanto, en general se paga un precio bajo y, para colmo, se financia quedando el monto licuado por la inflaci\u00f3n&#8221;, considera Mont\u00f3n.<\/p>\n\n\n\n<p>De ah\u00ed para abajo, toda la cadena se ve afectada. &#8220;El productor tiene un ingreso desproporcionado respecto del precio final del vino; lo que hace que a su vez sea necesario regular mejor la relaci\u00f3n entre los productores y los contratistas y trabajadores de vi\u00f1a, para que se pueda establecer una&nbsp;<strong>distribuci\u00f3n m\u00e1s equitativa de la ganancia<\/strong>, de la rentabilidad a lo largo de la cadena&#8221;, dice.<\/p>\n\n\n\n<p>&#8220;Lo importante es que existan reglas claras para que la ganancia se distribuya equitativamente en toda la cadena y no quede solamente en la parte alta de la pir\u00e1mide, que la ocupan solo algunas bodegas&#8221;, agrega en relaci\u00f3n a la profundidad de la cuesti\u00f3n.<\/p>\n\n\n\n<p>Esa legislaci\u00f3n moderna, dice Mont\u00f3n que tambi\u00e9n deber\u00eda promover el&nbsp;<strong>uso de tecnolog\u00eda que haga m\u00e1s &#8220;humana la cosecha<\/strong>. Es de la \u00fanica manera, incluso, que vamos a poder darle m\u00e1s sentido y consenso social a las demandas del sector vitivin\u00edcola&#8221;.<\/p>\n\n\n\n<h2 class=\"wp-block-heading\">Semana clave para obreros de vi\u00f1a y bodega<\/h2>\n\n\n\n<p>Por otro lado, en pleno proceso paritario se encuentran los trabajadores de bodegas y empleados y obreros de vi\u00f1a.<\/p>\n\n\n\n<p>El secretario Juan Carlos Aguirre explic\u00f3 que en la \u00faltima reuni\u00f3n paritaria el pedido de los&nbsp;<strong>gremios SOEVA y FOEVA&nbsp;<\/strong>fue de un b\u00e1sico de $553.000 para el trabajador de bodega y de $545.000 para el de vi\u00f1a.<\/p>\n\n\n\n<p>Para el mi\u00e9rcoles 21 de febrero est\u00e1 pactada la segunda audiencia. &#8220;Espero que podamos quedar de acuerdo con los empresarios r\u00e1pido para poder cobrar con aumento en marzo&#8221;, expres\u00f3 el gremialista.<\/p>\n\n\n\n<p><strong>Fuente: www.diariouno.com.ar<\/strong><a rel=\"noreferrer noopener\" href=\"https:\/\/www.facebook.com\/dialog\/feed?app_id=161316767303985&amp;link=https%3A%2F%2Fwww.diariouno.com.ar%2Fsociedad%2Fel-mundo-la-cosechadores-que-faltan-cuales-son-sus-temores-y-cuanto-sacan-dia-n1294520&amp;name=El+mundo+de+los+cosechadores%3A+por+qu%C3%A9+faltan%2C+cu%C3%A1les+son+sus+temores+y+cu%C3%A1nto+sacan+por+d%C3%ADa&amp;caption=cosecha+2024&amp;description=Productores+volvieron+a+poner+el+ojo+en+la+falta+de+mano+de+obra+y+su+relaci%C3%B3n+directa+con+la+vigencia+de+planes+sociales.+La+realidad+del+que+cosecha+y+sus+efectos+a+corto+y+largo+plazo+tambi%C3%A9n+juegan&amp;redirect_uri=https%3A%2F%2Fwww.diariouno.com.ar%2Fsociedad%2Fel-mundo-la-cosechadores-que-faltan-cuales-son-sus-temores-y-cuanto-sacan-dia-n1294520\" target=\"_blank\"><\/a><\/p>\n","protected":false},"excerpt":{"rendered":"<p>Viernes, bien entrada la siesta. La&nbsp;cosecha 2024&nbsp;est\u00e1 en marcha.&nbsp;Una se\u00f1ora y su hijo menor de edad acaban de terminar de llenar el tacho n\u00famero 30 de uva chica en una finca del Valle de Uco&nbsp;despu\u00e9s de trabajar aproximadamente cinco horas al rayo del sol, a m\u00e1s de 30 grados.&nbsp;Juntaron unos $15.000. Tuvieron &#8220;suerte&#8221;, dicen. Arreglaron [&hellip;]<\/p>\n","protected":false},"author":2,"featured_media":5443,"comment_status":"open","ping_status":"open","sticky":false,"template":"","format":"standard","meta":[],"categories":[74],"tags":[],"_links":{"self":[{"href":"https:\/\/pasaenmendoza.com\/index.php?rest_route=\/wp\/v2\/posts\/5436"}],"collection":[{"href":"https:\/\/pasaenmendoza.com\/index.php?rest_route=\/wp\/v2\/posts"}],"about":[{"href":"https:\/\/pasaenmendoza.com\/index.php?rest_route=\/wp\/v2\/types\/post"}],"author":[{"embeddable":true,"href":"https:\/\/pasaenmendoza.com\/index.php?rest_route=\/wp\/v2\/users\/2"}],"replies":[{"embeddable":true,"href":"https:\/\/pasaenmendoza.com\/index.php?rest_route=%2Fwp%2Fv2%2Fcomments&post=5436"}],"version-history":[{"count":2,"href":"https:\/\/pasaenmendoza.com\/index.php?rest_route=\/wp\/v2\/posts\/5436\/revisions"}],"predecessor-version":[{"id":5444,"href":"https:\/\/pasaenmendoza.com\/index.php?rest_route=\/wp\/v2\/posts\/5436\/revisions\/5444"}],"wp:featuredmedia":[{"embeddable":true,"href":"https:\/\/pasaenmendoza.com\/index.php?rest_route=\/wp\/v2\/media\/5443"}],"wp:attachment":[{"href":"https:\/\/pasaenmendoza.com\/index.php?rest_route=%2Fwp%2Fv2%2Fmedia&parent=5436"}],"wp:term":[{"taxonomy":"category","embeddable":true,"href":"https:\/\/pasaenmendoza.com\/index.php?rest_route=%2Fwp%2Fv2%2Fcategories&post=5436"},{"taxonomy":"post_tag","embeddable":true,"href":"https:\/\/pasaenmendoza.com\/index.php?rest_route=%2Fwp%2Fv2%2Ftags&post=5436"}],"curies":[{"name":"wp","href":"https:\/\/api.w.org\/{rel}","templated":true}]}}