{"id":5445,"date":"2024-02-19T13:46:42","date_gmt":"2024-02-19T12:46:42","guid":{"rendered":"https:\/\/pasaenmendoza.com\/?p=5445"},"modified":"2024-02-19T13:46:43","modified_gmt":"2024-02-19T12:46:43","slug":"tiroteos-con-dos-heridos-en-las-heras-una-de-las-victimas-recibio-un-balazo-en-la-cabeza","status":"publish","type":"post","link":"https:\/\/pasaenmendoza.com\/?p=5445","title":{"rendered":"Tiroteos con dos heridos en Las Heras: una de las v\u00edctimas recibi\u00f3 un balazo en la cabeza"},"content":{"rendered":"\n<p><strong>Dos hombres fueron baleados durante la tarde y la noche de este domingo pasado en la Villa G\u00fcemes de Las Heras<\/strong>\u00a0y una de las v\u00edctimas se encontraba en grave estado porque el proyectil impact\u00f3 en su cabeza. Personal policial y el\u00a0<strong>fiscal de Homicidios Carlos Torres\u00a0<\/strong>investigaban si los hechos estaban relacionados.<\/p>\n\n\n\n<p>Por orden cronol\u00f3gico,&nbsp;<mark>el primer herido fue un sujeto de 46 a\u00f1os<\/mark>, quien fue abordado minutos antes de las 20 cerca de su domicilio ubicado en calle G\u00fcemes.&nbsp;<strong>La v\u00edctima recibi\u00f3 cuatro plomos en las piernas<\/strong>&nbsp;y&nbsp;<strong>ten\u00eda comprometida la zona genital&nbsp;<\/strong>luego del primer diagn\u00f3stico en el&nbsp;<strong>Hospital Carrillo.<\/strong><\/p>\n\n\n\n<p>El propio lesionado,<strong>\u00a0identificado como Pablo G\u00f3mez<\/strong>, cont\u00f3 despu\u00e9s de ingresar al nosocomio, que lleg\u00f3 a su propiedad cuando\u00a0<mark>fue abordado por dos hombres que portaban armas de fuego. Agreg\u00f3 que fue amenazado y comenzaron a dispararle sin darle lugar a reacci\u00f3n.<\/mark><\/p>\n\n\n\n<p>Luego del ataque,&nbsp;<strong>los agresores se dieron a la fuga corriendo<\/strong>. Testigos cargaron a G\u00f3mez en un veh\u00edculo particular y lo trasladaron hasta el Carrillo. All\u00ed recibi\u00f3 las primeras curaciones y diagnosticaron dos heridas de arma de fuego en la pierna izquierda con compromiso en los genitales.<\/p>\n\n\n\n<p>Tambi\u00e9n observaron que presentaba dos impactos en la pierna derecha, por lo que decidieron trasladarlo hasta el Hospital Central, donde qued\u00f3 internado.<\/p>\n\n\n\n<p>Por su parte, minutos despu\u00e9s, en el mismo asentamiento, a unos 100 metros de donde fue baleado G\u00f3mez,\u00a0<mark>efectivos de la Unidad Investigativa departamental fueron frenados por vecinos que le marcaron que hab\u00eda un hombre tirado en el suelo.<\/mark><\/p>\n\n\n\n<p>Al ir a verificar la novedad,\u00a0<strong>confirmaron que se trataba de un hombre con un balazo en la cabeza<\/strong>. Debido a esto, una ambulancia lo traslad\u00f3 de urgencia hasta el Hospital Central, donde ingres\u00f3 en grave estado, confiaron fuentes policiales a este diario.<\/p>\n\n\n\n<p><strong>Fuente: www.elsol.com.ar<\/strong><\/p>\n","protected":false},"excerpt":{"rendered":"<p>Dos hombres fueron baleados durante la tarde y la noche de este domingo pasado en la Villa G\u00fcemes de Las Heras\u00a0y una de las v\u00edctimas se encontraba en grave estado porque el proyectil impact\u00f3 en su cabeza. Personal policial y el\u00a0fiscal de Homicidios Carlos Torres\u00a0investigaban si los hechos estaban relacionados. Por orden cronol\u00f3gico,&nbsp;el primer herido [&hellip;]<\/p>\n","protected":false},"author":2,"featured_media":5446,"comment_status":"open","ping_status":"open","sticky":false,"template":"","format":"standard","meta":[],"categories":[48],"tags":[],"_links":{"self":[{"href":"https:\/\/pasaenmendoza.com\/index.php?rest_route=\/wp\/v2\/posts\/5445"}],"collection":[{"href":"https:\/\/pasaenmendoza.com\/index.php?rest_route=\/wp\/v2\/posts"}],"about":[{"href":"https:\/\/pasaenmendoza.com\/index.php?rest_route=\/wp\/v2\/types\/post"}],"author":[{"embeddable":true,"href":"https:\/\/pasaenmendoza.com\/index.php?rest_route=\/wp\/v2\/users\/2"}],"replies":[{"embeddable":true,"href":"https:\/\/pasaenmendoza.com\/index.php?rest_route=%2Fwp%2Fv2%2Fcomments&post=5445"}],"version-history":[{"count":1,"href":"https:\/\/pasaenmendoza.com\/index.php?rest_route=\/wp\/v2\/posts\/5445\/revisions"}],"predecessor-version":[{"id":5447,"href":"https:\/\/pasaenmendoza.com\/index.php?rest_route=\/wp\/v2\/posts\/5445\/revisions\/5447"}],"wp:featuredmedia":[{"embeddable":true,"href":"https:\/\/pasaenmendoza.com\/index.php?rest_route=\/wp\/v2\/media\/5446"}],"wp:attachment":[{"href":"https:\/\/pasaenmendoza.com\/index.php?rest_route=%2Fwp%2Fv2%2Fmedia&parent=5445"}],"wp:term":[{"taxonomy":"category","embeddable":true,"href":"https:\/\/pasaenmendoza.com\/index.php?rest_route=%2Fwp%2Fv2%2Fcategories&post=5445"},{"taxonomy":"post_tag","embeddable":true,"href":"https:\/\/pasaenmendoza.com\/index.php?rest_route=%2Fwp%2Fv2%2Ftags&post=5445"}],"curies":[{"name":"wp","href":"https:\/\/api.w.org\/{rel}","templated":true}]}}