{"id":5448,"date":"2024-02-19T14:00:53","date_gmt":"2024-02-19T13:00:53","guid":{"rendered":"https:\/\/pasaenmendoza.com\/?p=5448"},"modified":"2024-02-19T14:00:54","modified_gmt":"2024-02-19T13:00:54","slug":"crimen-del-finquero-en-maipu-inicia-el-primer-juicio-por-jurados-del-ano","status":"publish","type":"post","link":"https:\/\/pasaenmendoza.com\/?p=5448","title":{"rendered":"Crimen del finquero en Maip\u00fa: inicia el primer juicio por jurados del a\u00f1o"},"content":{"rendered":"\n<p>Este lunes, la Sala 15 del Polo Judicial Penal ser\u00e1 el escenario para un nuevo juicio por jurados, el primero del a\u00f1o. Se trata de la causa que intenta determinar responsabilidades penales por el homicidio del finquero&nbsp;<strong>Felipe Villca<\/strong>, ocurrido en abril de 2023, en&nbsp;<strong>Maip\u00fa<\/strong>.&nbsp;<\/p>\n\n\n\n<p>Luis Alberto Oliva es el sospechoso que ser\u00e1 juzgado. Los alegatos de apertura y clausura y las instancias de veredicto y sentencia ser\u00e1n transmitidos por SIJUMtv, el canal del Poder Judicial de Mendoza en YouTube.&nbsp;<\/p>\n\n\n\n<p>La jueza t\u00e9cnica M\u00f3nica Romero estar\u00e1 a cargo del debate que comenzar\u00e1 con la audiencia de selecci\u00f3n de jurados. Luego est\u00e1 previsto que el Ministerio P\u00fablico Fiscal, representado por Andrea Lazo; y la defensa t\u00e9cnica, a cargo de Diego Rozzi, expongan ante el jurado sus alegatos de apertura.\u00a0<\/p>\n\n\n\n<p>Posteriormente tendr\u00e1 lugar una jornada para la producci\u00f3n y reproducci\u00f3n de pruebas testimoniales y materiales y, una vez concluida, las partes presentar\u00e1n sus alegatos de cierre.\u00a0<\/p>\n\n\n\n<p>Luis Alberto Oliva es el \u00fanico imputado en llegar a esta instancia, y debe responder por el encuadre penal de homicidio criminis causa, arriesgando la pena de prisi\u00f3n perpetua.\u00a0<\/p>\n\n\n\n<p>Por el mismo hecho, ya fueron condenados en juicio abreviado Bautista Sep\u00falveda, Alexis Sep\u00falveda y Fabi\u00e1n Salvarredi. Todos aceptaron los t\u00e9rminos de las acusaciones que pesaban sobre ellos y recibieron penas de 15, 10 y 8 a\u00f1os de prisi\u00f3n respectivamente, por robo agravado por el uso de arma.\u00a0<\/p>\n\n\n\n<p><strong>El hecho\u00a0<\/strong><\/p>\n\n\n\n<p>El 28 de abril de 2023, cuatro sujetos llegaron a la finca de Felipe Villca en Colonia Bombal, Maip\u00fa. Luego de atacar a golpes con un pico y causarle la muerte a Villca, los hombres ingresaron a su vivienda y, tras amenazar a su familia, robaron dinero, celulares, un televisor y una garrafa, escapando de la escena en la camioneta que era propiedad de la v\u00edctima.\u00a0<\/p>\n\n\n\n<p>Luis Alberto Oliva es el \u00fanico de los imputados que a\u00fan no resuelve su situaci\u00f3n penal, que ahora estar\u00e1 en manos de la decisi\u00f3n de un jurado popular integrado por 12 mendocinos y mendocinas.<\/p>\n\n\n\n<p><strong>Fuente: www.mendozapost.com<\/strong><\/p>\n","protected":false},"excerpt":{"rendered":"<p>Este lunes, la Sala 15 del Polo Judicial Penal ser\u00e1 el escenario para un nuevo juicio por jurados, el primero del a\u00f1o. Se trata de la causa que intenta determinar responsabilidades penales por el homicidio del finquero&nbsp;Felipe Villca, ocurrido en abril de 2023, en&nbsp;Maip\u00fa.&nbsp; Luis Alberto Oliva es el sospechoso que ser\u00e1 juzgado. Los alegatos [&hellip;]<\/p>\n","protected":false},"author":2,"featured_media":5449,"comment_status":"open","ping_status":"open","sticky":false,"template":"","format":"standard","meta":[],"categories":[48],"tags":[],"_links":{"self":[{"href":"https:\/\/pasaenmendoza.com\/index.php?rest_route=\/wp\/v2\/posts\/5448"}],"collection":[{"href":"https:\/\/pasaenmendoza.com\/index.php?rest_route=\/wp\/v2\/posts"}],"about":[{"href":"https:\/\/pasaenmendoza.com\/index.php?rest_route=\/wp\/v2\/types\/post"}],"author":[{"embeddable":true,"href":"https:\/\/pasaenmendoza.com\/index.php?rest_route=\/wp\/v2\/users\/2"}],"replies":[{"embeddable":true,"href":"https:\/\/pasaenmendoza.com\/index.php?rest_route=%2Fwp%2Fv2%2Fcomments&post=5448"}],"version-history":[{"count":1,"href":"https:\/\/pasaenmendoza.com\/index.php?rest_route=\/wp\/v2\/posts\/5448\/revisions"}],"predecessor-version":[{"id":5450,"href":"https:\/\/pasaenmendoza.com\/index.php?rest_route=\/wp\/v2\/posts\/5448\/revisions\/5450"}],"wp:featuredmedia":[{"embeddable":true,"href":"https:\/\/pasaenmendoza.com\/index.php?rest_route=\/wp\/v2\/media\/5449"}],"wp:attachment":[{"href":"https:\/\/pasaenmendoza.com\/index.php?rest_route=%2Fwp%2Fv2%2Fmedia&parent=5448"}],"wp:term":[{"taxonomy":"category","embeddable":true,"href":"https:\/\/pasaenmendoza.com\/index.php?rest_route=%2Fwp%2Fv2%2Fcategories&post=5448"},{"taxonomy":"post_tag","embeddable":true,"href":"https:\/\/pasaenmendoza.com\/index.php?rest_route=%2Fwp%2Fv2%2Ftags&post=5448"}],"curies":[{"name":"wp","href":"https:\/\/api.w.org\/{rel}","templated":true}]}}