{"id":5454,"date":"2024-02-20T12:28:24","date_gmt":"2024-02-20T11:28:24","guid":{"rendered":"https:\/\/pasaenmendoza.com\/?p=5454"},"modified":"2024-02-20T12:28:26","modified_gmt":"2024-02-20T11:28:26","slug":"las-megareformas-que-prepara-alfredo-cornejo-para-otras-tres-areas-del-estado","status":"publish","type":"post","link":"https:\/\/pasaenmendoza.com\/?p=5454","title":{"rendered":"Las megareformas que prepara Alfredo Cornejo para otras tres \u00e1reas del Estado"},"content":{"rendered":"\n<p>Luego de que la Legislatura debata las 26 leyes que envi\u00f3 el Gobierno provincial sobre salud, el gobernador trabaja junto a sus ministros en tres \u00e1reas m\u00e1s. Cu\u00e1les son esas y a d\u00f3nde apuntan.<\/p>\n\n\n\n<p>Luego de que la Legislatura\u00a0trate las 26<strong>\u00a0leyes<\/strong>\u00a0para reformar el sistema de salud\u00a0que anunci\u00f3 la semana pasada el gobernador\u00a0<strong>Alfredo Cornejo<\/strong>, el Ejecutivo enviar\u00e1 al menos tres paquetes de normas m\u00e1s. Se trata de<strong>\u00a0reformas<\/strong>\u00a0que afectan las \u00e1reas de educaci\u00f3n, seguridad y tambi\u00e9n una reforma fiscal.\u00a0<\/p>\n\n\n\n<p>No fue una ley \u00f3mnibus como intent\u00f3 sin \u00e9xito el presidente Javier Milei, sino nada m\u00e1s y nada menos que 26 proyectos de<strong>&nbsp;ley<\/strong>&nbsp;los que envi\u00f3 la semana pasada&nbsp;<strong>Cornejo<\/strong>&nbsp;a la Legislatura. Todos referidos a una \u00fanica \u00e1rea estatal: la salud. Entre las&nbsp;<strong>reformas<\/strong>, se proponen cambios optativos al r\u00e9gimen salarial- que ya despiertan resistencia en el gremio Ampros- ;un ente para cobrarles a quienes tienen obra&nbsp;sociales&nbsp;e usan el sistema p\u00fablico; una modificaci\u00f3n a la&nbsp;<strong>ley&nbsp;<\/strong>de Educaci\u00f3n F\u00edsica para que se dejen de pedir electros a estudiantes como condici\u00f3n para poder hacer gimnasia; entre otros puntos.&nbsp;<\/p>\n\n\n\n<p>Pero no son las \u00fanicas<strong>\u00a0normas<\/strong>\u00a0que mandar\u00e1\u00a0<strong>Cornejo<\/strong>\u00a0a la Casa de las Leyes que implican\u00a0<strong>megareformas<\/strong>. Educaci\u00f3n, seguridad y un cambio en materia fiscal son los pr\u00f3ximos proyectos que pondr\u00e1 a consideraci\u00f3n del Poder Legislativo luego de la discusi\u00f3n sobre el salud que promete ser intensa pero que el Gobierno intentar\u00e1 no se extienda demasiado en el tiempo, porque incluso entre las\u00a0<strong>iniciativas\u00a0<\/strong>se encuentra la declaraci\u00f3n de la emergencia sanitaria que busca el Ejecutivo para agilizar compras con el argumento de la falta de insumos y la demora que implica conseguirlos siguiendo las normativa vigente.<\/p>\n\n\n\n<p>En la plataforma que present\u00f3\u00a0<strong>Cornejo\u00a0<\/strong>durante su campa\u00f1a para la gobernaci\u00f3n el a\u00f1o pasado, hay algunas pistas de las\u00a0<strong>reformas<\/strong>\u00a0que se vienen pero otras las est\u00e1 adaptando y estudiando junto a sus ministros, en estricta reserva, para el contexto actual que es\u00a0de crisis econ\u00f3mica que se agrava con la acuciante inflaci\u00f3n y la decisi\u00f3n del presidente Javier Milei de cortar con el env\u00edo de fondos a las provincias como el Fondo Nacional de Incentivo Docente o los subsidios\u00a0al transporte.\u00a0<\/p>\n\n\n\n<p>En materia de educaci\u00f3n, el Gobierno est\u00e1 trabajando en reformas de la carrera docente. Pero adem\u00e1s, en\u00a0conectar todas las escuelas a internet. La idea es\u00a0lograr la plena conectividad pedag\u00f3gica como parte del programa de Infraestructura Educativa. Esto permitir\u00e1 continuar con el programa provincial de alfabetizaci\u00f3n y el desarrollo de la ense\u00f1anza intensiva de matem\u00e1tica e ingl\u00e9s, que es un idioma que el Gobernador quiere garantizar a todas las escuelas p\u00fablicas.\u00a0<\/p>\n\n\n\n<p>Sobre seguridad, la ministra del \u00e1rea, Mercedes Rus, viene haciendo un trabajo de conexi\u00f3n con todos los municipios. En ese sentido, se plantear\u00eda una extensi\u00f3n del&nbsp;sistema de alerta comunitaria a todos las comunas. Adem\u00e1s, se podr\u00eda plantear un endurecimiento de las penas por cosas robadas, como se pudo ver en la reglamentaci\u00f3n de la ley de robo de cobre hace diez d\u00edas.&nbsp;<\/p>\n\n\n\n<p>En el cap\u00edtulo fiscal se incluir\u00eda un impulso a las inversiones en Vaca Muerta y estar\u00eda vinculado tambi\u00e9n a que en&nbsp;los pr\u00f3ximos tres a\u00f1os vencen 14 concesiones de explotaci\u00f3n petrolera en la provincia, entre otros puntos que trabajan en Casa de Gobierno para simplificar los impuestos a la ciudadan\u00eda en general y a las empresas.<\/p>\n\n\n\n<p>Como son muchas las<strong>\u00a0reformas<\/strong>, la Legislatura deber\u00e1 primero conformar las comisiones, que el Ejecutivo apunta sean conformadas por miembros de ambas c\u00e1maras para agilizar el estudio y luego la aprobaci\u00f3n tanto en el Senado como en Diputados para que se conviertan en\u00a0<strong>ley.\u00a0<\/strong><\/p>\n\n\n\n<p>FEUNTE: MDZonline.<\/p>\n","protected":false},"excerpt":{"rendered":"<p>Luego de que la Legislatura debata las 26 leyes que envi\u00f3 el Gobierno provincial sobre salud, el gobernador trabaja junto a sus ministros en tres \u00e1reas m\u00e1s. Cu\u00e1les son esas y a d\u00f3nde apuntan. Luego de que la Legislatura\u00a0trate las 26\u00a0leyes\u00a0para reformar el sistema de salud\u00a0que anunci\u00f3 la semana pasada el gobernador\u00a0Alfredo Cornejo, el Ejecutivo [&hellip;]<\/p>\n","protected":false},"author":2,"featured_media":5455,"comment_status":"open","ping_status":"open","sticky":true,"template":"","format":"standard","meta":[],"categories":[47],"tags":[],"_links":{"self":[{"href":"https:\/\/pasaenmendoza.com\/index.php?rest_route=\/wp\/v2\/posts\/5454"}],"collection":[{"href":"https:\/\/pasaenmendoza.com\/index.php?rest_route=\/wp\/v2\/posts"}],"about":[{"href":"https:\/\/pasaenmendoza.com\/index.php?rest_route=\/wp\/v2\/types\/post"}],"author":[{"embeddable":true,"href":"https:\/\/pasaenmendoza.com\/index.php?rest_route=\/wp\/v2\/users\/2"}],"replies":[{"embeddable":true,"href":"https:\/\/pasaenmendoza.com\/index.php?rest_route=%2Fwp%2Fv2%2Fcomments&post=5454"}],"version-history":[{"count":1,"href":"https:\/\/pasaenmendoza.com\/index.php?rest_route=\/wp\/v2\/posts\/5454\/revisions"}],"predecessor-version":[{"id":5456,"href":"https:\/\/pasaenmendoza.com\/index.php?rest_route=\/wp\/v2\/posts\/5454\/revisions\/5456"}],"wp:featuredmedia":[{"embeddable":true,"href":"https:\/\/pasaenmendoza.com\/index.php?rest_route=\/wp\/v2\/media\/5455"}],"wp:attachment":[{"href":"https:\/\/pasaenmendoza.com\/index.php?rest_route=%2Fwp%2Fv2%2Fmedia&parent=5454"}],"wp:term":[{"taxonomy":"category","embeddable":true,"href":"https:\/\/pasaenmendoza.com\/index.php?rest_route=%2Fwp%2Fv2%2Fcategories&post=5454"},{"taxonomy":"post_tag","embeddable":true,"href":"https:\/\/pasaenmendoza.com\/index.php?rest_route=%2Fwp%2Fv2%2Ftags&post=5454"}],"curies":[{"name":"wp","href":"https:\/\/api.w.org\/{rel}","templated":true}]}}