{"id":5460,"date":"2024-02-20T12:55:12","date_gmt":"2024-02-20T11:55:12","guid":{"rendered":"https:\/\/pasaenmendoza.com\/?p=5460"},"modified":"2024-02-20T12:55:14","modified_gmt":"2024-02-20T11:55:14","slug":"mercedes-rus-negocia-con-intendentes-del-gran-mendoza-para-que-sumen-preventores-y-liberen-policias","status":"publish","type":"post","link":"https:\/\/pasaenmendoza.com\/?p=5460","title":{"rendered":"Mercedes Rus negocia con intendentes del Gran Mendoza para que sumen preventores y liberen polic\u00edas"},"content":{"rendered":"\n<p>La ministra de Seguridad pretende que se involucren con la seguridad vial y ciudadana para poder sacar a los polic\u00edas que hoy hacen esa tarea en las comunas<\/p>\n\n\n\n<p>Lo dijo apenas asumi\u00f3 y lo milita. La\u00a0ministra de Seguridad\u00a0<strong>Mercedes Rus les viene reclamando a los intendentes, sobre todo del Gran Mendoza, que se involucren con la prevenci\u00f3n del delito<\/strong>\u00a0y la seguridad vial, y ya comenz\u00f3 a firmar acuerdos con ellos a cambio de capacitar a esos preventores. El objetivo no s\u00f3lo es lograr que los jefes comunales colaboren con la seguridad, sino tambi\u00e9n poder liberar a los polic\u00edas de Mendoza que por estos d\u00edas est\u00e1n abocados a tareas viales y redestinarlos puntualmente a lo operativo.<\/p>\n\n\n\n<p>&#8220;Lo que les dije es que se tienen que involucrar m\u00e1s con la seguridad ciudadana. Eso no puede ser un tab\u00fa&#8221;, marc\u00f3 Mercedes Rus en defensa de su planteo ante los intendentes.<\/p>\n\n\n\n<p>En di\u00e1logo con<em>\u00a0No Ten\u00e9s Cara\u00a0<\/em>de radio Nihuil, la ministra de Seguridad adelant\u00f3 que luego de varias reuniones, ya avanz\u00f3 firmando acuerdos para que algunos jefes comunales que hasta ahora no ten\u00edan preventores vayan incorpor\u00e1ndolos al menos para que realicen tareas en la seguridad vial.<\/p>\n\n\n\n<p>Rus evit\u00f3 nombrarlos, pero\u00a0<strong>de los 6 intendentes del Gran Mendoza, hasta ahora s\u00f3lo tienen preventores las comunas de Ciudad, que comanda Ulpiano Suarez, la de Maip\u00fa que dirige Mat\u00edas Stevanato y la de Las Heras, hoy en manos de Francisco Lo Presti<\/strong>. Con ellos tres y con el intendente de Luj\u00e1n, Esteban Allasino ya se reuni\u00f3.<\/p>\n\n\n\n<p>En contrapartida,&nbsp;<strong>carecen de preventores Guaymall\u00e9n, Godoy Cruz y Luj\u00e1n.<\/strong><\/p>\n\n\n\n<p>No es un detalle menor recordar que es justamente en el Gran Mendoza en donde ocurre el 87% de los delitos que se registran en toda la provincia.<\/p>\n\n\n\n<p>&#8220;Nos hemos reunido con los distintos intendentes porque la modalidad delictual es diferente seg\u00fan las zonas.&nbsp;<strong>Con los que no est\u00e1n involucrados con la seguridad vial, que es una competencia que se les dio, estamos trabajando para que la vayan incorporando,<\/strong>&nbsp;porque de esa forma yo voy a tener m\u00e1s polic\u00edas a disposici\u00f3n para tareas operativas y de seguridad concreta&#8221;, adelant\u00f3 Rus.<\/p>\n\n\n\n<p>A modo de negociaci\u00f3n, sobre todo para convencer a algunos intendentes que se resist\u00edan a incorporar preventores aduciendo que deb\u00edan hacer fuertes inversiones que no ten\u00edan previstas, la ministra les ofreci\u00f3 capacitarlos.<\/p>\n\n\n\n<p>&#8220;<strong>A los del Gran Mendoza les he propuesto un programa de prevenci\u00f3n localizada de espacios seguros.<\/strong>\u00a0La idea es que aquellos que hoy no est\u00e1n con guardias urbanas o preventores vayan involucr\u00e1ndose de a poco, con vigilancia municipal. Es un programa asistido por polic\u00edas que van instruy\u00e9ndolos y que est\u00e9n respaldados por el Laboratorio de Seguridad Ciudadana&#8221;.<\/p>\n\n\n\n<h2 class=\"wp-block-heading\">Preocupa c\u00f3mo se dispar\u00f3 el robo de cobre<\/h2>\n\n\n\n<p>El notorio\u00a0<strong>aumento del robo de cobre<\/strong>, que tiene un sinf\u00edn de modalidades y que ha provocado incluso muertes de personas que pretend\u00edan robar cables de energ\u00eda,<strong>\u00a0encendi\u00f3 una alerta en el Ministerio de Seguridad.\u00a0<\/strong>Sobre todo porque en esos diferentes robos\u00a0<strong>detectaron que son &#8220;nuevos delincuentes que incursionan en este delito con un cuchillo y se hacen r\u00e1pidamente de dinero porque hay un mercado fortalecido y atractivo<\/strong>&#8220;.<\/p>\n\n\n\n<p>&#8220;El tema del robo de cobre lo hemos abordado generando un \u00e1rea de Investigaciones que lo siga, y una reglamentaci\u00f3n especial. Lo que supone poner recurso ah\u00ed. Hemos coordinado que haya dos fiscales para este tipo de causas, porque lo tenemos como prioritario, porque hay un servicio p\u00fablico vinculado a ese robo. Las v\u00edctimas se quedan sin electricidad, sin gas y sin telefon\u00eda&#8221;, reconoci\u00f3 la ministra Rus.<\/p>\n\n\n\n<p>Una muestra de esa improvisaci\u00f3n en el robo de cobre fue la muerte este fin de semana de\u00a0un joven de 26 a\u00f1os que falleci\u00f3 electrocutado cuando intentaba hacerse de un cable de alta tensi\u00f3n en el barrio San Vicente de Guaymall\u00e9n<\/p>\n\n\n\n<h2 class=\"wp-block-heading\">Definen un aumento para polic\u00edas por decreto<\/h2>\n\n\n\n<p>Luego de que algunos polic\u00edas y sus familias salieran a quejarse por las redes sociales de que ten\u00edan bajos salarios, la ministra de Seguridad respondi\u00f3 que ya definen un aumento por decreto que seguir\u00eda la oferta de aumentos que el Gobierno ya les dio al resto de los empleados p\u00fablicos en paritarias. Esto es un incremento del 15% para febrero y otro 15% para marzo.<\/p>\n\n\n\n<p>&#8220;El Gobierno sali\u00f3 a adelantar paritarias para los empleados p\u00fablicos y eso para mi ministerio es bueno porque tambi\u00e9n se adelantar\u00eda el decreto de aumento para los polic\u00edas. Estamos trabajando en eso. Nosotros queremos tener una fuerza legitimada tambi\u00e9n desde lo econ\u00f3mico&#8221;, dijo escuetamente la ministra.<\/p>\n\n\n\n<p>Seg\u00fan la funcionaria el auxiliar que reci\u00e9n se inicia en la Polic\u00eda de Mendoza percibe $350.000 y pretende cerrar &#8220;esta semana un n\u00famero beneficioso para los polic\u00edas&#8221;.<\/p>\n\n\n\n<p>FUENTE: Diariouno.com.ar <\/p>\n","protected":false},"excerpt":{"rendered":"<p>La ministra de Seguridad pretende que se involucren con la seguridad vial y ciudadana para poder sacar a los polic\u00edas que hoy hacen esa tarea en las comunas Lo dijo apenas asumi\u00f3 y lo milita. La\u00a0ministra de Seguridad\u00a0Mercedes Rus les viene reclamando a los intendentes, sobre todo del Gran Mendoza, que se involucren con la [&hellip;]<\/p>\n","protected":false},"author":2,"featured_media":5461,"comment_status":"open","ping_status":"open","sticky":true,"template":"","format":"standard","meta":[],"categories":[47],"tags":[],"_links":{"self":[{"href":"https:\/\/pasaenmendoza.com\/index.php?rest_route=\/wp\/v2\/posts\/5460"}],"collection":[{"href":"https:\/\/pasaenmendoza.com\/index.php?rest_route=\/wp\/v2\/posts"}],"about":[{"href":"https:\/\/pasaenmendoza.com\/index.php?rest_route=\/wp\/v2\/types\/post"}],"author":[{"embeddable":true,"href":"https:\/\/pasaenmendoza.com\/index.php?rest_route=\/wp\/v2\/users\/2"}],"replies":[{"embeddable":true,"href":"https:\/\/pasaenmendoza.com\/index.php?rest_route=%2Fwp%2Fv2%2Fcomments&post=5460"}],"version-history":[{"count":1,"href":"https:\/\/pasaenmendoza.com\/index.php?rest_route=\/wp\/v2\/posts\/5460\/revisions"}],"predecessor-version":[{"id":5462,"href":"https:\/\/pasaenmendoza.com\/index.php?rest_route=\/wp\/v2\/posts\/5460\/revisions\/5462"}],"wp:featuredmedia":[{"embeddable":true,"href":"https:\/\/pasaenmendoza.com\/index.php?rest_route=\/wp\/v2\/media\/5461"}],"wp:attachment":[{"href":"https:\/\/pasaenmendoza.com\/index.php?rest_route=%2Fwp%2Fv2%2Fmedia&parent=5460"}],"wp:term":[{"taxonomy":"category","embeddable":true,"href":"https:\/\/pasaenmendoza.com\/index.php?rest_route=%2Fwp%2Fv2%2Fcategories&post=5460"},{"taxonomy":"post_tag","embeddable":true,"href":"https:\/\/pasaenmendoza.com\/index.php?rest_route=%2Fwp%2Fv2%2Ftags&post=5460"}],"curies":[{"name":"wp","href":"https:\/\/api.w.org\/{rel}","templated":true}]}}