{"id":5463,"date":"2024-02-20T13:00:43","date_gmt":"2024-02-20T12:00:43","guid":{"rendered":"https:\/\/pasaenmendoza.com\/?p=5463"},"modified":"2024-02-20T13:00:45","modified_gmt":"2024-02-20T12:00:45","slug":"judiciales-aceptaron-la-propuesta-del-gobierno-y-ya-son-17-los-gremios-que-acordaron-aumentos","status":"publish","type":"post","link":"https:\/\/pasaenmendoza.com\/?p=5463","title":{"rendered":"Judiciales aceptaron la propuesta del Gobierno y ya son 17 los gremios que acordaron aumentos"},"content":{"rendered":"\n<p><span style=\"color: rgb(48, 48, 48); font-family: Roboto, &quot;Helvetica Neue&quot;, Arial, sans-serif; font-size: 20px; white-space: normal;\">Los empleados del Poder Judicial acordaron con el Ejecutivo y recibir\u00e1n 16% de incremento en febrero y 16% en marzo, sin suma fijja<\/span><\/p>\n\n\n\n<p>El gremio que agrupa a los&nbsp;<strong>empleados judiciales<\/strong>&nbsp;acept\u00f3 este lunes la propuesta del Gobierno y cerr\u00f3 el acuerdo de esta etapa en la que Alfredo Cornejo convoc\u00f3 a las reuniones paritarias con 60 d\u00edas de anticipaci\u00f3n a lo que estaba previsto.<\/p>\n\n\n\n<p>Los altos n\u00fameros de inflaci\u00f3n de diciembre y enero fueron los que llevaron a que se adelantaran la discusiones salariales.<\/p>\n\n\n\n<p>Los incrementos ser\u00e1n del 16% en febrero y el 16% en marzo. La diferencia con los otros sindicatos es que los judiciales fueron por la propuesta 2 de un punto m\u00e1s de porcentaje (16 en lugar de 15) sin la suma fija de $90.000<\/p>\n\n\n\n<p>Aunque casi todos los gremios han aceptado las propuestas en algunos casos lo han hecho con cr\u00edticas y de alguna manera obligados tras la mayor\u00eda de votos positivos de los afiliados en las asambleas y plenarios.<\/p>\n\n\n\n<p><strong>\u25ba<\/strong><\/p>\n\n\n\n<h2 class=\"wp-block-heading\">Ya son 17 los sindicatos y sectores que acordaron aumentos<\/h2>\n\n\n\n<p>Este lunes 19, los representantes gremiales de Empleados Judiciales aceptaron la propuesta del Gobierno provincial.&nbsp;<strong>Adem\u00e1s, se mantiene la cl\u00e1usula de garant\u00eda, la cual establece que la pr\u00f3xima reuni\u00f3n paritaria se realizar\u00e1 el 3 de abril.<\/strong><\/p>\n\n\n\n<p>La directora de Pol\u00edtica Salarial y An\u00e1lisis del Recurso Humano, Mariana Lima, expres\u00f3: \u201cNos hemos reunido con los empleados judiciales quienes han aceptado la propuesta n\u00famero 2, que consiste en un incremento al b\u00e1sico para los meses de febrero y marzo de 16% para cada mes. Y se suma a lo ya percibido durante enero. Estamos totalizando 17 acuerdos en la Administraci\u00f3n P\u00fablica\u201d.<\/p>\n\n\n\n<p>La misma decisi\u00f3n adoptaron los trabajadores que se desempe\u00f1an en:<\/p>\n\n\n\n<ul>\n<li>DPV<\/li>\n\n\n\n<li>Tesorer\u00eda<\/li>\n\n\n\n<li>Contadur\u00eda<\/li>\n\n\n\n<li>Fiscal\u00eda de Estado<\/li>\n\n\n\n<li>Tribunal de Cuentas<\/li>\n\n\n\n<li>Subsecretar\u00eda de Trabajo<\/li>\n\n\n\n<li>EPAS (Entre Provincial de Agua y Saneamiento)<\/li>\n\n\n\n<li>Fondo para la Transformaci\u00f3n y el Crecimiento<\/li>\n\n\n\n<li>SUTE<\/li>\n\n\n\n<li>Instituto Provincial de Juegos y Casinos<\/li>\n\n\n\n<li>ATE (Asociaci\u00f3n de Trabajadores del Estado: Reg\u00edmenes 5 (Administraci\u00f3n Central), 15 (personal de la Salud), 35 (del \u00e1rea de Ambiente), Guardaparques y r\u00e9gimen 13 (Parques)<\/li>\n\n\n\n<li>AMPROS (Asociaci\u00f3n Mendocina de Profesionales de la Salud)<\/li>\n\n\n\n<li>FUENTE: Diariouno.com.ar <\/li>\n<\/ul>\n\n\n\n<p><\/p>\n","protected":false},"excerpt":{"rendered":"<p>Los empleados del Poder Judicial acordaron con el Ejecutivo y recibir\u00e1n 16% de incremento en febrero y 16% en marzo, sin suma fijja El gremio que agrupa a los&nbsp;empleados judiciales&nbsp;acept\u00f3 este lunes la propuesta del Gobierno y cerr\u00f3 el acuerdo de esta etapa en la que Alfredo Cornejo convoc\u00f3 a las reuniones paritarias con 60 [&hellip;]<\/p>\n","protected":false},"author":2,"featured_media":5464,"comment_status":"open","ping_status":"open","sticky":true,"template":"","format":"standard","meta":[],"categories":[47],"tags":[],"_links":{"self":[{"href":"https:\/\/pasaenmendoza.com\/index.php?rest_route=\/wp\/v2\/posts\/5463"}],"collection":[{"href":"https:\/\/pasaenmendoza.com\/index.php?rest_route=\/wp\/v2\/posts"}],"about":[{"href":"https:\/\/pasaenmendoza.com\/index.php?rest_route=\/wp\/v2\/types\/post"}],"author":[{"embeddable":true,"href":"https:\/\/pasaenmendoza.com\/index.php?rest_route=\/wp\/v2\/users\/2"}],"replies":[{"embeddable":true,"href":"https:\/\/pasaenmendoza.com\/index.php?rest_route=%2Fwp%2Fv2%2Fcomments&post=5463"}],"version-history":[{"count":1,"href":"https:\/\/pasaenmendoza.com\/index.php?rest_route=\/wp\/v2\/posts\/5463\/revisions"}],"predecessor-version":[{"id":5466,"href":"https:\/\/pasaenmendoza.com\/index.php?rest_route=\/wp\/v2\/posts\/5463\/revisions\/5466"}],"wp:featuredmedia":[{"embeddable":true,"href":"https:\/\/pasaenmendoza.com\/index.php?rest_route=\/wp\/v2\/media\/5464"}],"wp:attachment":[{"href":"https:\/\/pasaenmendoza.com\/index.php?rest_route=%2Fwp%2Fv2%2Fmedia&parent=5463"}],"wp:term":[{"taxonomy":"category","embeddable":true,"href":"https:\/\/pasaenmendoza.com\/index.php?rest_route=%2Fwp%2Fv2%2Fcategories&post=5463"},{"taxonomy":"post_tag","embeddable":true,"href":"https:\/\/pasaenmendoza.com\/index.php?rest_route=%2Fwp%2Fv2%2Ftags&post=5463"}],"curies":[{"name":"wp","href":"https:\/\/api.w.org\/{rel}","templated":true}]}}