{"id":5465,"date":"2024-02-20T13:03:17","date_gmt":"2024-02-20T12:03:17","guid":{"rendered":"https:\/\/pasaenmendoza.com\/?p=5465"},"modified":"2024-02-20T13:03:19","modified_gmt":"2024-02-20T12:03:19","slug":"pronostico-en-mendoza-martes-sofocante-con-alerta-por-tormentas","status":"publish","type":"post","link":"https:\/\/pasaenmendoza.com\/?p=5465","title":{"rendered":"Pron\u00f3stico en Mendoza: martes sofocante, con alerta por tormentas"},"content":{"rendered":"\n<p>El pron\u00f3stico de la Direcci\u00f3n de Contingencias Clim\u00e1ticas para el Gran Mendoza destaca que ser\u00e1 un&nbsp;<strong>martes&nbsp;<\/strong><em>\u201ccaluroso con nubosidad variable y tormentas aisladas\u201d<\/em>. La temperatura oscilar\u00e1 entre los&nbsp;<strong>23 y los 37 grados.<\/strong><\/p>\n\n\n\n<p>Por su parte, el Servicio Meteorol\u00f3gico Nacional (SMN) emiti\u00f3 una&nbsp;<strong>alerta amarilla por tormentas<\/strong>&nbsp;que incluye a sectores de&nbsp;<em>Las Heras, Luj\u00e1n de Cuyo, Jun\u00edn, Rivadavia, Valle de Uco, General Alvear, San Rafael y Malarg\u00fce.<\/em><\/p>\n\n\n\n<p><em>\u201cEl \u00e1rea ser\u00e1 afectada por tormentas, algunas localmente fuertes. Las mismas podr\u00edan estar acompa\u00f1adas por r\u00e1fagas intensas, ocasional ca\u00edda de granizo, fuerte actividad el\u00e9ctrica y principalmente abundante ca\u00edda de agua en cortos per\u00edodos. Se prev\u00e9n valores de precipitaci\u00f3n acumulada entre 20 y 40 mm, pudiendo ser superados en forma puntual\u201d<\/em>, destac\u00f3 el informe del SMN.<\/p>\n\n\n\n<p>En tanto, para este&nbsp;<strong>mi\u00e9rcoles&nbsp;<\/strong>se espera una jornada&nbsp;<em>\u201ccalurosa con nubosidad variable y tormentas aisladas\u201d<\/em>. La m\u00ednima prevista es de 24 grados y la m\u00e1xima de 32.<\/p>\n\n\n\n<p>Asimismo, el jueves estar\u00e1 parcialmente nublado con descenso de la temperatura, que ir\u00e1 de los 20 a los 29 grados.<\/p>\n\n\n\n<p>El viernes se presentar\u00e1 parcialmente nublado e inestable, con ascenso de la temperatura: m\u00ednima de 20 y m\u00e1xima de 30 grados.<\/p>\n\n\n\n<p><strong>Fuente: www.elsol.com.ar<\/strong><\/p>\n","protected":false},"excerpt":{"rendered":"<p>El pron\u00f3stico de la Direcci\u00f3n de Contingencias Clim\u00e1ticas para el Gran Mendoza destaca que ser\u00e1 un&nbsp;martes&nbsp;\u201ccaluroso con nubosidad variable y tormentas aisladas\u201d. La temperatura oscilar\u00e1 entre los&nbsp;23 y los 37 grados. Por su parte, el Servicio Meteorol\u00f3gico Nacional (SMN) emiti\u00f3 una&nbsp;alerta amarilla por tormentas&nbsp;que incluye a sectores de&nbsp;Las Heras, Luj\u00e1n de Cuyo, Jun\u00edn, Rivadavia, Valle [&hellip;]<\/p>\n","protected":false},"author":2,"featured_media":5467,"comment_status":"open","ping_status":"open","sticky":false,"template":"","format":"standard","meta":[],"categories":[52],"tags":[],"_links":{"self":[{"href":"https:\/\/pasaenmendoza.com\/index.php?rest_route=\/wp\/v2\/posts\/5465"}],"collection":[{"href":"https:\/\/pasaenmendoza.com\/index.php?rest_route=\/wp\/v2\/posts"}],"about":[{"href":"https:\/\/pasaenmendoza.com\/index.php?rest_route=\/wp\/v2\/types\/post"}],"author":[{"embeddable":true,"href":"https:\/\/pasaenmendoza.com\/index.php?rest_route=\/wp\/v2\/users\/2"}],"replies":[{"embeddable":true,"href":"https:\/\/pasaenmendoza.com\/index.php?rest_route=%2Fwp%2Fv2%2Fcomments&post=5465"}],"version-history":[{"count":1,"href":"https:\/\/pasaenmendoza.com\/index.php?rest_route=\/wp\/v2\/posts\/5465\/revisions"}],"predecessor-version":[{"id":5468,"href":"https:\/\/pasaenmendoza.com\/index.php?rest_route=\/wp\/v2\/posts\/5465\/revisions\/5468"}],"wp:featuredmedia":[{"embeddable":true,"href":"https:\/\/pasaenmendoza.com\/index.php?rest_route=\/wp\/v2\/media\/5467"}],"wp:attachment":[{"href":"https:\/\/pasaenmendoza.com\/index.php?rest_route=%2Fwp%2Fv2%2Fmedia&parent=5465"}],"wp:term":[{"taxonomy":"category","embeddable":true,"href":"https:\/\/pasaenmendoza.com\/index.php?rest_route=%2Fwp%2Fv2%2Fcategories&post=5465"},{"taxonomy":"post_tag","embeddable":true,"href":"https:\/\/pasaenmendoza.com\/index.php?rest_route=%2Fwp%2Fv2%2Ftags&post=5465"}],"curies":[{"name":"wp","href":"https:\/\/api.w.org\/{rel}","templated":true}]}}