{"id":5472,"date":"2024-02-20T13:13:17","date_gmt":"2024-02-20T12:13:17","guid":{"rendered":"https:\/\/pasaenmendoza.com\/?p=5472"},"modified":"2024-02-20T13:13:19","modified_gmt":"2024-02-20T12:13:19","slug":"quien-era-la-joven-embarazada-asesinada-en-las-heras","status":"publish","type":"post","link":"https:\/\/pasaenmendoza.com\/?p=5472","title":{"rendered":"Qui\u00e9n era la joven embarazada asesinada en Las Heras"},"content":{"rendered":"\n<p><strong>Roc\u00edo Fabiana Flores<\/strong>&nbsp;ten\u00eda 21 a\u00f1os y fue asesinada este lunes por la noche de un balazo en la cabeza. Era madre de una ni\u00f1a de cinco a\u00f1os y se encontraba embarazada de 36 semanas: esperaba a un var\u00f3n que iba a llamarse Alejo.<\/p>\n\n\n\n<p>La joven se encontraba con su pareja, su suegra y un amigo cuando, minutos antes de las 23, pasaron dos hombres en moto y comenzaron a disparar contra el domicilio ubicado de calle Arist\u00f3bulo del Valle 1676 de\u00a0El Algarrobal, en Las Heras. Luego escaparon.<\/p>\n\n\n\n<p>Uno de los plomos impact\u00f3 en la&nbsp;<strong>zona frontal de la cabeza<\/strong>&nbsp;de Flores, que fue trasladada de urgencia en el auto de un vecino al Hospital Gahilac. La mujer, que hab\u00eda sufrido p\u00e9rdida de masa encef\u00e1lica, fue derivada al Lagomaggiore, donde le realizaron una ces\u00e1rea de emergencia. Sin embargo, los m\u00e9dicos confirmaron del deceso de la joven y de su beb\u00e9.<\/p>\n\n\n\n<p>La causa qued\u00f3 en manos de la fiscal de Homicidios Claudia R\u00edos y uno de los agresores est\u00e1 identificado. En charla con LV10, la suegra de la v\u00edctima, Beatriz Zamora, asegur\u00f3 que no ten\u00edan problemas con nadie y que no sab\u00eda los motivos de la ataque. \u201cAlejo estaba por nacer. Nos destruyeron\u201d, se\u00f1al\u00f3.<\/p>\n\n\n\n<p><em>\u201cLa mataron fr\u00edamente, no podemos entender el motivo\u201d\u00a0<\/em>del ataque, insisti\u00f3 la mujer.<em>\u00a0\u201cNo dijo nada, pas\u00f3 en la moto con otro individuo m\u00e1s y dispar\u00f3. No ten\u00edamos problemas con ese chico, sabemos qui\u00e9n es. Sabemos que vive en el barrio, que anda con armas, no es la primera vez que anda haciendo estas cosas\u201d<\/em>, agreg\u00f3, descartando la primera versi\u00f3n que apuntaba a un ajuste de cuentas por conflictos de antigua data\u00a0con los agresores.<\/p>\n\n\n\n<p><strong>Fuente: www.elsol.com.ar<\/strong><\/p>\n","protected":false},"excerpt":{"rendered":"<p>Roc\u00edo Fabiana Flores&nbsp;ten\u00eda 21 a\u00f1os y fue asesinada este lunes por la noche de un balazo en la cabeza. Era madre de una ni\u00f1a de cinco a\u00f1os y se encontraba embarazada de 36 semanas: esperaba a un var\u00f3n que iba a llamarse Alejo. La joven se encontraba con su pareja, su suegra y un amigo [&hellip;]<\/p>\n","protected":false},"author":2,"featured_media":5473,"comment_status":"open","ping_status":"open","sticky":false,"template":"","format":"standard","meta":[],"categories":[48],"tags":[],"_links":{"self":[{"href":"https:\/\/pasaenmendoza.com\/index.php?rest_route=\/wp\/v2\/posts\/5472"}],"collection":[{"href":"https:\/\/pasaenmendoza.com\/index.php?rest_route=\/wp\/v2\/posts"}],"about":[{"href":"https:\/\/pasaenmendoza.com\/index.php?rest_route=\/wp\/v2\/types\/post"}],"author":[{"embeddable":true,"href":"https:\/\/pasaenmendoza.com\/index.php?rest_route=\/wp\/v2\/users\/2"}],"replies":[{"embeddable":true,"href":"https:\/\/pasaenmendoza.com\/index.php?rest_route=%2Fwp%2Fv2%2Fcomments&post=5472"}],"version-history":[{"count":1,"href":"https:\/\/pasaenmendoza.com\/index.php?rest_route=\/wp\/v2\/posts\/5472\/revisions"}],"predecessor-version":[{"id":5474,"href":"https:\/\/pasaenmendoza.com\/index.php?rest_route=\/wp\/v2\/posts\/5472\/revisions\/5474"}],"wp:featuredmedia":[{"embeddable":true,"href":"https:\/\/pasaenmendoza.com\/index.php?rest_route=\/wp\/v2\/media\/5473"}],"wp:attachment":[{"href":"https:\/\/pasaenmendoza.com\/index.php?rest_route=%2Fwp%2Fv2%2Fmedia&parent=5472"}],"wp:term":[{"taxonomy":"category","embeddable":true,"href":"https:\/\/pasaenmendoza.com\/index.php?rest_route=%2Fwp%2Fv2%2Fcategories&post=5472"},{"taxonomy":"post_tag","embeddable":true,"href":"https:\/\/pasaenmendoza.com\/index.php?rest_route=%2Fwp%2Fv2%2Ftags&post=5472"}],"curies":[{"name":"wp","href":"https:\/\/api.w.org\/{rel}","templated":true}]}}