{"id":5475,"date":"2024-02-20T13:17:15","date_gmt":"2024-02-20T12:17:15","guid":{"rendered":"https:\/\/pasaenmendoza.com\/?p=5475"},"modified":"2024-02-20T13:17:17","modified_gmt":"2024-02-20T12:17:17","slug":"las-pruebas-para-acusar-al-presunto-autor-del-crimen-del-finquero-en-maipu","status":"publish","type":"post","link":"https:\/\/pasaenmendoza.com\/?p=5475","title":{"rendered":"Las pruebas para acusar al presunto autor del crimen del finquero en Maip\u00fa"},"content":{"rendered":"\n<p><strong>Luis Alberto Oliva<\/strong>&nbsp;arriesga prisi\u00f3n perpetua. Este lunes por la ma\u00f1ana comenz\u00f3 a ser juzgado por el crimen durante un asalto&nbsp;<strong>Felipe Villca Condor\u00ed<\/strong>. La v\u00edctima ten\u00eda 52 a\u00f1os y fue atacada frente a su familia la noche del 28 de abril del a\u00f1o pasado por una banda de violentos asaltantes en su domicilio de la Finca L\u00f3pez, en Rodeo del Medio, Maip\u00fa.&nbsp;<strong>Villa fue asesinada a golpes con un pico<\/strong>.<\/p>\n\n\n\n<p>La investigaci\u00f3n por el hecho de inseguridad fatal qued\u00f3 en manos de la\u00a0<strong>fiscal de Homicidios Andrea Lazo<\/strong>. Los cuatro sospechosos fueron capturados al poco tiempo.<\/p>\n\n\n\n<p>Tres de ellos reconocieron que participaron del golpe y fueron condenados en un juicio abreviado.\u00a0<strong>Bautista Florindo Sep\u00falveda Calder\u00f3n<\/strong>, conocido como\u00a0<em><strong>Beto<\/strong><\/em>; su hijo\u00a0<strong>Facundo\u00a0<\/strong>y\u00a0<strong>Ra\u00fal Fabi\u00e1n Salvarredi\u00a0<\/strong>recibieron 15, 10 y 8 a\u00f1os de c\u00e1rcel, respectivamente.<\/p>\n\n\n\n<p>El \u00fanico que no admiti\u00f3 la coautor\u00eda del hecho durante la instrucci\u00f3n fue Oliva, quien conocido como Chama.<mark>\u00a0Debido a esto, un jurado popular tendr\u00e1 la misi\u00f3n de definir en los pr\u00f3ximos d\u00edas si asesin\u00f3 al trabajador boliviano, una vez que se desarrollen los alegatos de clausura.<\/mark><\/p>\n\n\n\n<p>Lo cierto es que, este lunes por la ma\u00f1ana, luego de la selecci\u00f3n de las seis mujeres y seis varones que tendr\u00e1n la responsabilidad de definir el futuro del acusado, la fiscal&nbsp;<strong>Lazo&nbsp;<\/strong>comenz\u00f3 a exponer el caso. Luego fue el turno del jefe de la Unidad Fiscal de Homicidios,&nbsp;<strong>Fernando Guzzo<\/strong>. Tambi\u00e9n lo hicieron la querella y la defensa.<\/p>\n\n\n\n<p><mark>Guzzo fue contundente con respecto a las pruebas que se incorporaron y analizaron en instrucci\u00f3n que complican al\u00a0<em><strong>Chama\u00a0<\/strong><\/em>Oliva con el crimen<\/mark>. Y se bas\u00f3 en una lista de diez aspectos centrales.<\/p>\n\n\n\n<ol>\n<li>El jefe de los fiscales de Homicidios detall\u00f3 que el&nbsp;<em><strong>Chama<\/strong><\/em>&nbsp;<strong>Oliva&nbsp;<\/strong>fue el autor del asesinato y que utiliz\u00f3 un pico. Golpe\u00f3 a la v\u00edctima en la cabeza. El arma blanca ten\u00eda rastros de ADN de Felipe Villca.<\/li>\n\n\n\n<li>Oliva fue uno de los dos hombres que rompi\u00f3 la reja de ingreso al domicilio en&nbsp; horas de noche. All\u00ed se encontraban Villca, su mujer y sus cinco hijos, quienes ten\u00edan por aquellos d\u00edas entre 11 y 19 a\u00f1os. \u201cUn lugar desolado y carentes de auxilio\u201d, cont\u00f3 Guzzo.<\/li>\n\n\n\n<li>El juzgado empu\u00f1aba una pistola calibre 9 mil\u00edmetros e hizo un disparo intimidatorio. El plomo fue recuperado y peritado.<\/li>\n\n\n\n<li>El perfil gen\u00e9tico de Oliva fue levantado en el volante de la camioneta que la sustrajeron a la v\u00edctima, una<strong>&nbsp;Mercedes Benz Sprinter blanca<\/strong>, la que fue recuperada horas despu\u00e9s del hecho.<\/li>\n\n\n\n<li>Mantuvo un encuentro con una mujer horas despu\u00e9s del hecho y le coment\u00f3 lo ocurrido y la participaci\u00f3n que tuvo cada uno de los integrantes de la banda.<\/li>\n\n\n\n<li>Guzzo cont\u00f3 que el&nbsp;<em><strong>Chama&nbsp;<\/strong><\/em>admiti\u00f3 haber golpeado hasta dar muerte a Villca. \u201cA ese boliviano de mierda que no se quedaba quieto\u201d, como se desprende de las pruebas de la fiscal\u00eda.<\/li>\n\n\n\n<li>Utiliz\u00f3 como forma de pago a la mujer que se encontr\u00f3 con \u00e9l un tel\u00e9fono sustra\u00eddo. Ese aparato sirvi\u00f3 para ubicar a la f\u00e9mina y llegar hasta el resto de los autores.<\/li>\n\n\n\n<li>El cad\u00e1ver no presentaba signos de defensa. Presentaba un TEC (traumatismo encefalocraneano grave.&nbsp;<em>\u201cNo tuvo chances de sobrevivir. Con ese pico le partieron la cabeza por dentro\u201d,&nbsp;<\/em>detall\u00f3 Guzzo al jurado.<\/li>\n\n\n\n<li>La versi\u00f3n sobre la descripci\u00f3n f\u00edsica del&nbsp;<em><strong>Chama&nbsp;<\/strong><\/em>dada por las v\u00edctimas del asalto, aportada 20 minutos despu\u00e9s del crimen, coincide en su totalidad.<\/li>\n\n\n\n<li><em>\u201cSabemos que Oliva es responsable de sus acciones; actu\u00f3 con un modo de violencia despiadado e innecesario\u201d<\/em>, finaliz\u00f3 el representante del Ministerio P\u00fablico.<\/li>\n<\/ol>\n\n\n\n<p>Luego de los alegatos, est\u00e1 previsto que los testigos comiencen a declarar.&nbsp;<mark>Hablar\u00e1n la familia, polic\u00edas y tambi\u00e9n un forense. Las declaraciones que hizo uno de los condenados, Bautista Florindo Sep\u00falveda Calder\u00f3n<\/mark>, tambi\u00e9n es considerada de importancia.<\/p>\n\n\n\n<p>Justamente, este hombre declar\u00f3 el 13 de junio del a\u00f1o pasado, minutos antes de las 13. Arriesgaba prisi\u00f3n perpetua y decidi\u00f3 hablar. Dio su versi\u00f3n del hecho, la que sirvi\u00f3 para ubicar algunas piezas sobre la reconstrucci\u00f3n que se encontraba fuera de lugar.<\/p>\n\n\n\n<p>B\u00e1sicamente,\u00a0<strong>los dichos cambiaron la teor\u00eda que ten\u00eda la fiscal\u00eda con respecto a qui\u00e9n hab\u00eda sido el autor del asesinato del trabajador<\/strong>, aunque parte de su relato choc\u00f3 contra la prueba incorporada y no fue tenido en cuenta.<\/p>\n\n\n\n<p>El&nbsp;<em><strong>Beto&nbsp;<\/strong><\/em>Sep\u00falveda deslig\u00f3 a su hijo Facundo como autor del asalto. Dijo que se encontraba con \u00e9l en un auto -un Chevrolet gris- esperando a que los otros dos integrantes de la gavilla ingresara al domicilio cercano a la intersecci\u00f3n con Don Bosco. Y asegur\u00f3 que el&nbsp;<em><strong>Chama&nbsp;<\/strong><\/em>Oliva&nbsp;<mark>fue el autor del homicidio y que Salvarredi golpe\u00f3 a su esposa.<\/mark><\/p>\n\n\n\n<p>No s\u00f3lo eso: el&nbsp;<em><strong>Beto&nbsp;<\/strong><\/em>cont\u00f3 que ten\u00edan el dato que la familia guardaba d\u00f3lares en su hogar y que planificaron el golpe durante 15 d\u00edas.<\/p>\n\n\n\n<p>De esta forma, el tr\u00e1gico asalto agrega que la banda se llev\u00f3 objetos de valor como un televisor, una garrafa, dinero y\u00a0tel\u00e9fonos celulares. Escaparon en dos veh\u00edculos.\u00a0<strong>Facundo Oliva fue acusado de desmantelar uno de los veh\u00edculos con el\u00a0<em>Chama\u00a0<\/em>Oliva y Salvarredi en Tres Porte\u00f1as.<\/strong><\/p>\n\n\n\n<p><strong>Fuente: www.elsol.com.ar<\/strong><\/p>\n","protected":false},"excerpt":{"rendered":"<p>Luis Alberto Oliva&nbsp;arriesga prisi\u00f3n perpetua. Este lunes por la ma\u00f1ana comenz\u00f3 a ser juzgado por el crimen durante un asalto&nbsp;Felipe Villca Condor\u00ed. La v\u00edctima ten\u00eda 52 a\u00f1os y fue atacada frente a su familia la noche del 28 de abril del a\u00f1o pasado por una banda de violentos asaltantes en su domicilio de la Finca [&hellip;]<\/p>\n","protected":false},"author":2,"featured_media":5476,"comment_status":"open","ping_status":"open","sticky":false,"template":"","format":"standard","meta":[],"categories":[48],"tags":[],"_links":{"self":[{"href":"https:\/\/pasaenmendoza.com\/index.php?rest_route=\/wp\/v2\/posts\/5475"}],"collection":[{"href":"https:\/\/pasaenmendoza.com\/index.php?rest_route=\/wp\/v2\/posts"}],"about":[{"href":"https:\/\/pasaenmendoza.com\/index.php?rest_route=\/wp\/v2\/types\/post"}],"author":[{"embeddable":true,"href":"https:\/\/pasaenmendoza.com\/index.php?rest_route=\/wp\/v2\/users\/2"}],"replies":[{"embeddable":true,"href":"https:\/\/pasaenmendoza.com\/index.php?rest_route=%2Fwp%2Fv2%2Fcomments&post=5475"}],"version-history":[{"count":1,"href":"https:\/\/pasaenmendoza.com\/index.php?rest_route=\/wp\/v2\/posts\/5475\/revisions"}],"predecessor-version":[{"id":5477,"href":"https:\/\/pasaenmendoza.com\/index.php?rest_route=\/wp\/v2\/posts\/5475\/revisions\/5477"}],"wp:featuredmedia":[{"embeddable":true,"href":"https:\/\/pasaenmendoza.com\/index.php?rest_route=\/wp\/v2\/media\/5476"}],"wp:attachment":[{"href":"https:\/\/pasaenmendoza.com\/index.php?rest_route=%2Fwp%2Fv2%2Fmedia&parent=5475"}],"wp:term":[{"taxonomy":"category","embeddable":true,"href":"https:\/\/pasaenmendoza.com\/index.php?rest_route=%2Fwp%2Fv2%2Fcategories&post=5475"},{"taxonomy":"post_tag","embeddable":true,"href":"https:\/\/pasaenmendoza.com\/index.php?rest_route=%2Fwp%2Fv2%2Ftags&post=5475"}],"curies":[{"name":"wp","href":"https:\/\/api.w.org\/{rel}","templated":true}]}}