{"id":5478,"date":"2024-02-20T13:43:58","date_gmt":"2024-02-20T12:43:58","guid":{"rendered":"https:\/\/pasaenmendoza.com\/?p=5478"},"modified":"2024-02-20T13:44:00","modified_gmt":"2024-02-20T12:44:00","slug":"luis-caputo-anuncio-una-suba-en-las-jubilaciones-y-en-el-salario-minimo-por-decreto","status":"publish","type":"post","link":"https:\/\/pasaenmendoza.com\/?p=5478","title":{"rendered":"Luis Caputo anunci\u00f3 una suba en las jubilaciones y en el salario m\u00ednimo por decreto"},"content":{"rendered":"\n<p>El ministro de Econom\u00eda,\u00a0<strong>Luis Caputo<\/strong>, anunci\u00f3 que\u00a0<strong>en marzo los jubilados van a tener una &#8220;recomposici\u00f3n de aproximadamente 30 por ciento&#8221; y un bono<\/strong>, aunque no detall\u00f3 de qu\u00e9 monto.<\/p>\n\n\n\n<p>De esta forma, el titular del Palacio de Hacienda destac\u00f3 &#8220;la situaci\u00f3n que se hered\u00f3&#8221; del gobierno de Alberto Fern\u00e1ndez, en la que &#8220;se dec\u00eda que le iba a pagar a los jubilados con las leliqs y las leliqs las multiplicaron por 20 y los jubilados perdieron el 40 por ciento&#8221;.<\/p>\n\n\n\n<p>Respecto de la Ley de Movilidad Jubilatoria, Caputo fue cr\u00edtico en di\u00e1logo con LN+ al asegurar que &#8220;no funciona&#8221; y que es &#8220;peor para los jubilados&#8221;.<\/p>\n\n\n\n<p>En ese marco, argument\u00f3 que con la misma, este grupo perder\u00eda &#8220;entre el 1,6 y 2 puntos de producto&#8221;.<\/p>\n\n\n\n<p>&#8220;Hay que cambiarla. Si seguimos con el juego pol\u00edtico de seguir queriendo hacer uso de la jubilaci\u00f3n y m\u00e1s con lo que hemos visto con la ley, m\u00e1s se demora esto. Mientras tanto,\u00a0<strong>vamos a seguir d\u00e1ndole un bono y tratar de proteger la capacidad de compra<\/strong>&#8220;, cerr\u00f3.<\/p>\n\n\n\n<h2 class=\"wp-block-heading\">Suba del salario m\u00ednimo vital y m\u00f3vil<\/h2>\n\n\n\n<p>Tras el fracaso en la reuni\u00f3n de la Mesa del Salario M\u00ednimo, el ministro de Econom\u00eda anunci\u00f3 que, finalmente,<strong>&nbsp;fijar\u00e1 el salario m\u00ednimo por decreto,&nbsp;<\/strong>tras la falta de acuerdo que hubo en la fallida sesi\u00f3n del Consejo del Salario.<\/p>\n\n\n\n<p>Aunque el titular del Palacio de Hacienda no anticip\u00f3 las cifras, El Cronista public\u00f3 que la suba ascender\u00e1 de los 156.000 pesos actuales&nbsp;<strong>a 180.000 para febrero y 202.000 para marzo,&nbsp;<\/strong>seg\u00fan anticip\u00f3 en una entrevista con&nbsp;<em>LN+<\/em>.<\/p>\n\n\n\n<h2 class=\"wp-block-heading\">La inflaci\u00f3n de febrero ser\u00eda cerca del 10%<\/h2>\n\n\n\n<p>Luis Caputo, consider\u00f3 hoy que la inflaci\u00f3n de febrero estar\u00e1 &#8220;m\u00e1s cerca del 10 que del 20 por ciento&#8221;, al tiempo que advirti\u00f3 que &#8220;es posible que lo peor de la crisis suceda entre marzo y abril&#8221;.<\/p>\n\n\n\n<p>&#8220;Para febrero esperamos una inflaci\u00f3n m\u00e1s cerca del 10 que del 20 por ciento.&nbsp;<strong>La inflaci\u00f3n est\u00e1 bajando m\u00e1s r\u00e1pidamente de lo que la media de los economistas pronosticaban<\/strong>&#8220;, remarc\u00f3 &#8220;Toto&#8221; Caputo.<\/p>\n\n\n\n<p>Asimismo, revel\u00f3 que est\u00e1n &#8220;dispuestos a tratar el ajuste fiscal&#8221;, pero aclar\u00f3 que deben tratar &#8220;primero la Ley \u00d3mnibus&#8221;.<\/p>\n\n\n\n<p>&#8220;No es que nosotros no entendemos el juego pol\u00edtico,&nbsp;<strong>es que queremos cambiarlo<\/strong>&#8220;, indic\u00f3 el ministro.<\/p>\n\n\n\n<p>Por otra parte, Caputo se\u00f1al\u00f3 que &#8220;el esfuerzo va a valer la pena&#8221; y a\u00f1adi\u00f3 que &#8220;la Argentina va a cambiar como pa\u00eds&#8221;.<\/p>\n\n\n\n<p>El funcionario nacional remarc\u00f3 que &#8220;<strong>no se van a transferir fondos para los docentes<\/strong>&#8221; al explicar que &#8220;no es responsabilidad nacional, sino&nbsp;<strong>provincial<\/strong>&#8220;.<\/p>\n\n\n\n<p>Adem\u00e1s, sostuvo que tienen &#8220;el compromiso de sacar lo antes posible el impuesto PAIS&#8221; y en ese aspecto estim\u00f3 que &#8220;no deber\u00eda pasar de este a\u00f1o&#8221;.<\/p>\n\n\n\n<p><strong>Fuente: www.diariouno.com.ar<\/strong><\/p>\n","protected":false},"excerpt":{"rendered":"<p>El ministro de Econom\u00eda,\u00a0Luis Caputo, anunci\u00f3 que\u00a0en marzo los jubilados van a tener una &#8220;recomposici\u00f3n de aproximadamente 30 por ciento&#8221; y un bono, aunque no detall\u00f3 de qu\u00e9 monto. De esta forma, el titular del Palacio de Hacienda destac\u00f3 &#8220;la situaci\u00f3n que se hered\u00f3&#8221; del gobierno de Alberto Fern\u00e1ndez, en la que &#8220;se dec\u00eda que [&hellip;]<\/p>\n","protected":false},"author":2,"featured_media":5479,"comment_status":"open","ping_status":"open","sticky":false,"template":"","format":"standard","meta":[],"categories":[75],"tags":[],"_links":{"self":[{"href":"https:\/\/pasaenmendoza.com\/index.php?rest_route=\/wp\/v2\/posts\/5478"}],"collection":[{"href":"https:\/\/pasaenmendoza.com\/index.php?rest_route=\/wp\/v2\/posts"}],"about":[{"href":"https:\/\/pasaenmendoza.com\/index.php?rest_route=\/wp\/v2\/types\/post"}],"author":[{"embeddable":true,"href":"https:\/\/pasaenmendoza.com\/index.php?rest_route=\/wp\/v2\/users\/2"}],"replies":[{"embeddable":true,"href":"https:\/\/pasaenmendoza.com\/index.php?rest_route=%2Fwp%2Fv2%2Fcomments&post=5478"}],"version-history":[{"count":1,"href":"https:\/\/pasaenmendoza.com\/index.php?rest_route=\/wp\/v2\/posts\/5478\/revisions"}],"predecessor-version":[{"id":5480,"href":"https:\/\/pasaenmendoza.com\/index.php?rest_route=\/wp\/v2\/posts\/5478\/revisions\/5480"}],"wp:featuredmedia":[{"embeddable":true,"href":"https:\/\/pasaenmendoza.com\/index.php?rest_route=\/wp\/v2\/media\/5479"}],"wp:attachment":[{"href":"https:\/\/pasaenmendoza.com\/index.php?rest_route=%2Fwp%2Fv2%2Fmedia&parent=5478"}],"wp:term":[{"taxonomy":"category","embeddable":true,"href":"https:\/\/pasaenmendoza.com\/index.php?rest_route=%2Fwp%2Fv2%2Fcategories&post=5478"},{"taxonomy":"post_tag","embeddable":true,"href":"https:\/\/pasaenmendoza.com\/index.php?rest_route=%2Fwp%2Fv2%2Ftags&post=5478"}],"curies":[{"name":"wp","href":"https:\/\/api.w.org\/{rel}","templated":true}]}}