{"id":5481,"date":"2024-02-20T13:49:50","date_gmt":"2024-02-20T12:49:50","guid":{"rendered":"https:\/\/pasaenmendoza.com\/?p=5481"},"modified":"2024-02-20T13:49:51","modified_gmt":"2024-02-20T12:49:51","slug":"mujeres-de-la-vina-de-mendoza-anuncio-su-primera-exportacion-de-vinos","status":"publish","type":"post","link":"https:\/\/pasaenmendoza.com\/?p=5481","title":{"rendered":"Mujeres de la Vi\u00f1a de Mendoza anunci\u00f3 su primera exportaci\u00f3n de vinos"},"content":{"rendered":"\n<p><strong>Mujeres de la Vi\u00f1a,\u00a0<\/strong>asociaci\u00f3n de\u00a0<strong>peque\u00f1as productoras de Mendoza<\/strong>\u00a0tiene todo listo para concretar su primera exportaci\u00f3n, prevista para este viernes con destino a Houston, en Estados Unidos.<\/p>\n\n\n\n<p>La asociaci\u00f3n que integra a este grupo de emprendedoras anunci\u00f3 que, por primera vez, realizar\u00e1n una&nbsp;<strong>exportaci\u00f3n de sus productos<\/strong>&nbsp;y agradeci\u00f3 la ayuda de ProMendoza.<\/p>\n\n\n\n<p>Las integrantes del grupo se reunieron con la gerenta de la instituci\u00f3n provincial,\u00a0<strong>Patricia Gim\u00e9nez<\/strong>, para contarle que en los pr\u00f3ximos d\u00edas partir\u00e1n a Texas (Estados Unidos) dos pallets de vinos -con su etiqueta Apasionadas-\u00a0<strong>para ser comercializados desde el hub que Mendoza tiene en la ciudad estadounidense<\/strong>.<\/p>\n\n\n\n<h2 class=\"wp-block-heading\">Mujeres de la Vi\u00f1a se proyecta<\/h2>\n\n\n\n<p>La asociaci\u00f3n de peque\u00f1as productoras&nbsp;<strong>Mujeres de la Vi\u00f1a<\/strong>&nbsp;elabor\u00f3 su primer vino en 2020 y en 2023 particip\u00f3 de la primera&nbsp;<strong>ronda inversa<\/strong>&nbsp;que ProMendoza organiz\u00f3 en todos los oasis de la provincia.<\/p>\n\n\n\n<p>Mujeres de la Vi\u00f1a es una asociaci\u00f3n conformada por productoras de vi\u00f1edos en Mendoza. Est\u00e1 integrada por&nbsp;<strong>mujeres propietarias de peque\u00f1as vi\u00f1as<\/strong>&nbsp;que abarcan entre 1 y 20 hect\u00e1reas, especializadas en la producci\u00f3n de uvas de alta calidad. La mayor\u00eda de ellas comercializa sus productos con bodegas internacionales. Esta asociaci\u00f3n se form\u00f3 en 2018 luego de un an\u00e1lisis realizado por el Centro de Desarrollo Vit\u00edcola La Consulta (Coviar-INTA), que identific\u00f3 que,&nbsp;<strong>si bien estas mujeres trabajaban de manera individual, compart\u00edan las mismas necesidades y ten\u00edan el deseo de crecer en el sector vitivin\u00edcola.<\/strong><\/p>\n\n\n\n<p><strong>Mar\u00eda Elena Salom\u00f3n<\/strong>, en representaci\u00f3n de las Mujeres de la Vi\u00f1a, explic\u00f3 orgullosa c\u00f3mo finalizar\u00e1 la primera exportaci\u00f3n: \u201cConocimos al importador hace unos meses y hemos ido trabajando juntos para poder exportar haciendo todo lo necesario para internacionalizar nuestro vino.&nbsp;<strong>Este pr\u00f3ximo 23 de febrero sale el vino rumbo a Houston<\/strong>, donde vamos a completar nuestra primera exportaci\u00f3n, y esperamos que sea nuestra punta de lanza para crecer en el mundo\u201d.<\/p>\n\n\n\n<figure class=\"wp-block-image\"><img decoding=\"async\" src=\"https:\/\/media.diariouno.com.ar\/p\/97de200ace495d3d00b4ebcb7511d260\/adjuntos\/298\/imagenes\/009\/296\/0009296778\/1200x0\/smart\/vino-apasionadasjpg.jpg\" alt=\"Apasionadas, la etiqueta de Mujeres de la Vi\u00f1a.\" title=\"Apasionadas, la etiqueta de Mujeres de la Vi\u00f1a.\"\/><\/figure>\n\n\n\n<p>Apasionadas, la etiqueta de Mujeres de la Vi\u00f1a.<\/p>\n\n\n\n<p><strong>Patricia Gim\u00e9nez&nbsp;<\/strong>coment\u00f3 que \u201ces un placer colaborar con mujeres tan organizadas que con fuerza y dedicaci\u00f3n emprenden, colaboran y crecen en el mundo empresarial\u201d.<strong>&nbsp;\u201cSon un ejemplo de trabajo en equipo y un modelo a seguir\u201d,&nbsp;<\/strong>agreg\u00f3.<\/p>\n\n\n\n<p>En esta ocasi\u00f3n se aplic\u00f3 una metodolog\u00eda \u00e1gil al proceso de internacionalizaci\u00f3n. Estas t\u00e9cnicas vienen a actualizar antiguos procesos de las empresas, adelantando el encuentro de los exportadores con los importadores, aun cuando el exportador no se encuentre listo.<\/p>\n\n\n\n<p><strong>La colaboraci\u00f3n temprana entre los actores con una oferta exportable a\u00fan no desarrollada fue impulsada por ProMendoza al incorporar a Mujeres de la Vi\u00f1a a la Ronda Inversa de julio del a\u00f1o pasado,<\/strong>&nbsp;lo que les permiti\u00f3 exponerse al proceso y ajustar sus productos y aprendizaje de ventas, a las necesidades del mercado de destino. Al mismo tiempo, ProMendoza design\u00f3 un consultor para acompa\u00f1ar en todo el proceso de la exportaci\u00f3n.<\/p>\n\n\n\n<h2 class=\"wp-block-heading\">\u00c1gil NEX<\/h2>\n\n\n\n<p>En mayo de 2023\u00a0<strong>ProMendoza cre\u00f3 el programa piloto \u00c1gil NEX<\/strong>, una versi\u00f3n actualizada del tradicional programa NEX. Con este programa las empresas acceden al mismo co-financiamiento del 50% que ofrec\u00eda el tradicional NEX, pero siguiendo metodolog\u00edas \u00e1giles basadas en la entrega temprana y frecuente de valor para nutrir y consolidar sus estrategias de exportaci\u00f3n, a trav\u00e9s de la colaboraci\u00f3n con el cliente.<\/p>\n\n\n\n<p><strong>Fuente: www.diariouno.com.ar<\/strong><\/p>\n","protected":false},"excerpt":{"rendered":"<p>Mujeres de la Vi\u00f1a,\u00a0asociaci\u00f3n de\u00a0peque\u00f1as productoras de Mendoza\u00a0tiene todo listo para concretar su primera exportaci\u00f3n, prevista para este viernes con destino a Houston, en Estados Unidos. La asociaci\u00f3n que integra a este grupo de emprendedoras anunci\u00f3 que, por primera vez, realizar\u00e1n una&nbsp;exportaci\u00f3n de sus productos&nbsp;y agradeci\u00f3 la ayuda de ProMendoza. Las integrantes del grupo se [&hellip;]<\/p>\n","protected":false},"author":2,"featured_media":5482,"comment_status":"open","ping_status":"open","sticky":false,"template":"","format":"standard","meta":[],"categories":[83],"tags":[],"_links":{"self":[{"href":"https:\/\/pasaenmendoza.com\/index.php?rest_route=\/wp\/v2\/posts\/5481"}],"collection":[{"href":"https:\/\/pasaenmendoza.com\/index.php?rest_route=\/wp\/v2\/posts"}],"about":[{"href":"https:\/\/pasaenmendoza.com\/index.php?rest_route=\/wp\/v2\/types\/post"}],"author":[{"embeddable":true,"href":"https:\/\/pasaenmendoza.com\/index.php?rest_route=\/wp\/v2\/users\/2"}],"replies":[{"embeddable":true,"href":"https:\/\/pasaenmendoza.com\/index.php?rest_route=%2Fwp%2Fv2%2Fcomments&post=5481"}],"version-history":[{"count":1,"href":"https:\/\/pasaenmendoza.com\/index.php?rest_route=\/wp\/v2\/posts\/5481\/revisions"}],"predecessor-version":[{"id":5483,"href":"https:\/\/pasaenmendoza.com\/index.php?rest_route=\/wp\/v2\/posts\/5481\/revisions\/5483"}],"wp:featuredmedia":[{"embeddable":true,"href":"https:\/\/pasaenmendoza.com\/index.php?rest_route=\/wp\/v2\/media\/5482"}],"wp:attachment":[{"href":"https:\/\/pasaenmendoza.com\/index.php?rest_route=%2Fwp%2Fv2%2Fmedia&parent=5481"}],"wp:term":[{"taxonomy":"category","embeddable":true,"href":"https:\/\/pasaenmendoza.com\/index.php?rest_route=%2Fwp%2Fv2%2Fcategories&post=5481"},{"taxonomy":"post_tag","embeddable":true,"href":"https:\/\/pasaenmendoza.com\/index.php?rest_route=%2Fwp%2Fv2%2Ftags&post=5481"}],"curies":[{"name":"wp","href":"https:\/\/api.w.org\/{rel}","templated":true}]}}