{"id":5484,"date":"2024-02-20T13:57:53","date_gmt":"2024-02-20T12:57:53","guid":{"rendered":"https:\/\/pasaenmendoza.com\/?p=5484"},"modified":"2024-02-20T13:59:20","modified_gmt":"2024-02-20T12:59:20","slug":"se-recalientan-las-paritarias-un-poderoso-gremialista-lanzo-un-paro-nacional","status":"publish","type":"post","link":"https:\/\/pasaenmendoza.com\/?p=5484","title":{"rendered":"Se recalientan las paritarias: un poderoso gremialista lanz\u00f3 un paro nacional"},"content":{"rendered":"\n<p>El secretario general de la Federaci\u00f3n de Asociaciones de Trabajadores de la Sanidad Argentina (FATSA),&nbsp;<strong>H\u00e9ctor Daer<\/strong>, lanz\u00f3 un paro de 24 horas para el pr\u00f3ximo jueves ante la &#8220;intransigencia de las c\u00e1maras empresariales&#8221; del sector en el marco de la discusi\u00f3n paritaria.<\/p>\n\n\n\n<p>La medida de fuerza fue dada a conocer por el tambi\u00e9n cosecretario general de la CGT a trav\u00e9s de sus redes sociales.&#8221;Frente a la intransigencia de las C\u00e1maras empresariales, el Consejo Directivo de @SanidadArg en su conjunto resuelve:&nbsp;<strong>Paro Nacional<\/strong>&nbsp;de 24 hs. a partir del jueves 22\/02&#8243;, sostuvo el referente sindical.<\/p>\n\n\n\n<p>Y agreg\u00f3: &#8220;Llevaremos adelante todas las acciones gremiales necesarias para la recomposici\u00f3n salarial de nuestros compa\u00f1eros de Sanidad. #sinsalarionohaysalud&#8221;.<\/p>\n\n\n\n<figure class=\"wp-block-image\"><img decoding=\"async\" src=\"https:\/\/www.mdzol.com\/u\/fotografias\/m\/2024\/2\/20\/f768x1-1553432_1553559_0.jpg\" alt=\"\"\/><\/figure>\n\n\n\n<p>La decisi\u00f3n adoptada por FATSA se da en medio del debate interno en la CGT sobre la posibilidad de realizar un nuevo paro general contra el Gobierno del presidente Javier Milei, luego del realizado el pasado 24 de enero durante 12 horas.<\/p>\n\n\n\n<p>Por su parte, el cosecretario de la CGT y dirigente de Camioneros, Pablo Moyano, insisti\u00f3 hoy en que las medidas adoptadas por el Gobierno nacional est\u00e1n llevando hacia la realizaci\u00f3n de &#8220;un gran&nbsp;<strong>paro nacional<\/strong>&#8221; y adelant\u00f3 que la decisi\u00f3n de anunciar la &#8220;libre elecci\u00f3n de obra social&#8221; para los trabajadores &#8220;va a ser judicializada porque el \u00fanico sistema solidario es la obra social&#8221;.<\/p>\n\n\n\n<p>&#8220;Vamos camino a un gran paro nacional. La CGT va a hacer las medidas que sean necesarias. Que pueda ser una nueva movilizaci\u00f3n o un paro general, no voy a poner la fecha ahora, pero hay muchas actividades reclam\u00e1ndolo&#8221;.<\/p>\n\n\n\n<p>Ma\u00f1ana, el gremio La Fraternidad realizar\u00e1 un paro de trenes &#8220;en respuesta a la falta de discusi\u00f3n paritaria&#8221; y de una &#8220;propuesta salarial adecuada&#8221; a una inflaci\u00f3n que tild\u00f3 de &#8220;galopante&#8221;, en tanto que el gremio de la sanidad realizar\u00e1 lo propio el jueves, seg\u00fan anunci\u00f3 esta ma\u00f1ana el titular del gremio y cosecretario de la CGT, H\u00e9ctor Daer.<\/p>\n\n\n\n<p><strong>Fuente: www.mdzol.com<\/strong><\/p>\n","protected":false},"excerpt":{"rendered":"<p>El secretario general de la Federaci\u00f3n de Asociaciones de Trabajadores de la Sanidad Argentina (FATSA),&nbsp;H\u00e9ctor Daer, lanz\u00f3 un paro de 24 horas para el pr\u00f3ximo jueves ante la &#8220;intransigencia de las c\u00e1maras empresariales&#8221; del sector en el marco de la discusi\u00f3n paritaria. La medida de fuerza fue dada a conocer por el tambi\u00e9n cosecretario general [&hellip;]<\/p>\n","protected":false},"author":2,"featured_media":5485,"comment_status":"open","ping_status":"open","sticky":false,"template":"","format":"standard","meta":[],"categories":[90],"tags":[],"_links":{"self":[{"href":"https:\/\/pasaenmendoza.com\/index.php?rest_route=\/wp\/v2\/posts\/5484"}],"collection":[{"href":"https:\/\/pasaenmendoza.com\/index.php?rest_route=\/wp\/v2\/posts"}],"about":[{"href":"https:\/\/pasaenmendoza.com\/index.php?rest_route=\/wp\/v2\/types\/post"}],"author":[{"embeddable":true,"href":"https:\/\/pasaenmendoza.com\/index.php?rest_route=\/wp\/v2\/users\/2"}],"replies":[{"embeddable":true,"href":"https:\/\/pasaenmendoza.com\/index.php?rest_route=%2Fwp%2Fv2%2Fcomments&post=5484"}],"version-history":[{"count":2,"href":"https:\/\/pasaenmendoza.com\/index.php?rest_route=\/wp\/v2\/posts\/5484\/revisions"}],"predecessor-version":[{"id":5487,"href":"https:\/\/pasaenmendoza.com\/index.php?rest_route=\/wp\/v2\/posts\/5484\/revisions\/5487"}],"wp:featuredmedia":[{"embeddable":true,"href":"https:\/\/pasaenmendoza.com\/index.php?rest_route=\/wp\/v2\/media\/5485"}],"wp:attachment":[{"href":"https:\/\/pasaenmendoza.com\/index.php?rest_route=%2Fwp%2Fv2%2Fmedia&parent=5484"}],"wp:term":[{"taxonomy":"category","embeddable":true,"href":"https:\/\/pasaenmendoza.com\/index.php?rest_route=%2Fwp%2Fv2%2Fcategories&post=5484"},{"taxonomy":"post_tag","embeddable":true,"href":"https:\/\/pasaenmendoza.com\/index.php?rest_route=%2Fwp%2Fv2%2Ftags&post=5484"}],"curies":[{"name":"wp","href":"https:\/\/api.w.org\/{rel}","templated":true}]}}