{"id":5491,"date":"2024-02-21T12:41:57","date_gmt":"2024-02-21T11:41:57","guid":{"rendered":"https:\/\/pasaenmendoza.com\/?p=5491"},"modified":"2024-02-21T12:41:59","modified_gmt":"2024-02-21T11:41:59","slug":"las-areas-petroleras-que-ypf-descarta-y-buscan-reactivar-en-mendoza","status":"publish","type":"post","link":"https:\/\/pasaenmendoza.com\/?p=5491","title":{"rendered":"\u00a0Las \u00e1reas petroleras que YPF descarta y buscan reactivar en Mendoza"},"content":{"rendered":"\n<p>YPF anunci\u00f3 que no tiene inter\u00e9s en invertir en \u00e1reas no rentables y acuerdan con Mendoza para que las operen empresas m\u00e1s chicas. No habr\u00e1 reversi\u00f3n, sino &#8220;asociaci\u00f3n o venta&#8221;. Las condiciones.<\/p>\n\n\n\n<p>La relaci\u00f3n entre la petrolera&nbsp;<strong>YPF&nbsp;<\/strong>y el Estado mendocino ha recorrido un camino sinuoso y condicionado por la relaci\u00f3n de dependencia que tiene Mendoza de esa empresa. Ahora hay una confluencia forzosa: la petrolera estatal blanque\u00f3 la intenci\u00f3n de desinvertir en \u00e1reas que no son rentables y el Gobierno transita el mismo camino para que haya otros operadores que se hagan cargo de al menos 14 \u00e1reas que est\u00e1n en manos de&nbsp;<strong>YPF<\/strong>. Ese camino es irreversible y ahora negocian el modelo: si YPF queda como \u201cpropietario\u201d de las \u00e1reas y se asocia con los nuevos operadores o si, como tambi\u00e9n analizan en la empresa, las vende. En ambos casos se ratifica otra decisi\u00f3n del Ejecutivo liderado por Alfredo Cornejo: no habr\u00e1 reversi\u00f3n de \u00e1reas, ni sanciones.<\/p>\n\n\n\n<p>En el horizonte hay un tema que puede mantener la tensi\u00f3n entre las partes: el precio que paga\u00a0<strong>YPF\u00a0<\/strong>por el\u00a0<strong>petr\u00f3leo\u00a0<\/strong>que se extrae y que compra para refinar. Hay una hist\u00f3rica disputa porque la petrolera tiene toda la cadena de valor en Mendoza y se \u201cautocompra\u201d el petr\u00f3leo para industrializar en la refiner\u00eda. De ese valor depende lo que se paga, por ejemplo, de regal\u00edas. El precio ha sido motivo de controversia muchas veces porque desde el Gobierno sospechan que se subval\u00faa el petr\u00f3leo. La intenci\u00f3n de Cornejo es que una vez que se cambie de operador, haya auditor\u00edas en esas transacciones para que se hagan a un valor de mercado.<\/p>\n\n\n\n<h2 class=\"wp-block-heading\">El camino<\/h2>\n\n\n\n<p>La intenci\u00f3n del Gobierno es que las \u00e1reas petroleras vuelvan a producir o, al menos, haya inversi\u00f3n para revertir el declive que tienen. La m\u00e1xima de la que parten es que si bien a&nbsp;<strong>YPF&nbsp;<\/strong>no le interesan por una cuesti\u00f3n de escala, s\u00ed sean atractivas para empresas peque\u00f1as a las que les sea rentable explotar \u00e1reas maduras. Los activos petroleros en cuesti\u00f3n tienen una larga historia en la que tambi\u00e9n est\u00e1 involucrada la pol\u00edtica y el sinuoso camino que tuvo&nbsp;<strong>YPF<\/strong>, particularmente antes de la estatizaci\u00f3n.<\/p>\n\n\n\n<p>En 2011 el entonces gobernador Celso Jaque prorrog\u00f3 las \u00e1reas antes de su vencimiento en un mega acuerdo firmado con Sebasti\u00e1n Eskenazi, que oficiaba de principal directivo de la empresa. Eskenazi ya hab\u00eda ingresado a esa empresa con la particular maniobra de pagar su participaci\u00f3n con \u201cfuturos dividendos\u201d, en una operatoria que ser\u00eda cuestionada a futuro. Un a\u00f1o despu\u00e9s de la pr\u00f3rroga y las gestiones del empresario como jefe de\u00a0<strong>YPF<\/strong>; el gobierno nacional expropi\u00f3 la empresa para que vuelva al control estatal. La \u201cnueva\u201d YPF hered\u00f3 todos los contratos y compromisos y ahora se vuelven a negociar las condiciones, con el sinceramiento de la empresa ahora conducida bajo los lineamientos del presidente Javier Milei.<\/p>\n\n\n\n<p>Las \u00e1reas que fueron prorrogadas en su momento y vuelven a estar cerca de su caducidad son El Port\u00f3n, Barrancas, Cerro Fortunoso, El Manzano, La Brea (ya revertida), Llancanelo, Llancanelo R, Puntilla del Huinc\u00e1n, R\u00edo Tunuy\u00e1n, Valle del R\u00edo Grande, Vizcacheras, Ca\u00f1ad\u00f3n Amarillo, Altiplanicie del Pay\u00fan, Chihuido de la Sierra Negra, Puesto Hern\u00e1ndez y La Ventana. A\u00fan no ha sido oficializado el listado de las \u00e1reas que\u00a0<strong>YPF\u00a0<\/strong>quiere desestimar, pues solo buscar\u00edan quedarse con las que son rentables. Igual, desde la empresa aseguran que no habr\u00e1 decisiones intempestivas y que no habr\u00e1 cambios que generen alteraciones en la \u201cpaz social\u201d.<\/p>\n\n\n\n<h2 class=\"wp-block-heading\">Apuros<\/h2>\n\n\n\n<p>En el Gobierno y la empresa aseguran que el proceso ser\u00e1 r\u00e1pido. Tanto, que quieren que el a\u00f1o que viene ya\u00a0 haya resultados en cuanto al cambio de tendencia en la producci\u00f3n y la generaci\u00f3n de actividad. En la campa\u00f1a electoral, el equipo de Cornejo hizo una estimaci\u00f3n optimista: lograr una inversi\u00f3n de U$D 500 millones en 4 a\u00f1os. En carpeta est\u00e1 tambi\u00e9n la licitaci\u00f3n de otras 12 \u00e1reas petroleras.<\/p>\n\n\n\n<p>El esquema previsto es apostar a las empresas chicas y medianas e incluso a la formaci\u00f3n de nuevas compa\u00f1\u00edas. El mascar\u00f3n de proa que tienen para ilustrar el horizonte es lo ocurrido con la empresa Aconcagua, que fue creada en la provincia y tiene activos en otros distritos. Esa empresa, por ejemplo, est\u00e1 asociada con el Estado local y anunci\u00f3 en los \u00faltimos d\u00edas la incorporaci\u00f3n de un equipo de perforaci\u00f3n. Se trata de un activo comprado por el Estado a trav\u00e9s de PRC, a cargo ahora de la empresa Impulsa Mendoza y que ser\u00e1 adaptado para la industria petrolera y para que Aconcagua, socio de Impulsa, lo opere.<\/p>\n\n\n\n<p>En el Ejecutivo destacan que el camino iniciado con&nbsp;<strong>YPF&nbsp;<\/strong>puede ser virtuoso porque tienen visiones parecidas y por eso buscan acelerar. Igual, hay negociaciones a futuro. Adem\u00e1s del precio que&nbsp;<strong>YPF&nbsp;<\/strong>declara y paga por el&nbsp;<strong>petr\u00f3leo<\/strong>, tambi\u00e9n habr\u00e1 discusi\u00f3n para que la empresa invierta en las \u00e1reas que s\u00ed pueden tener inter\u00e9s. Entre ellas est\u00e1 la recuperaci\u00f3n terciaria y, posiblemente, el&nbsp;<strong>petr\u00f3leo&nbsp;<\/strong>pesado de Llancanelo y la prueba piloto en la parte mendocina de la formaci\u00f3n Vaca Muerta. En ese caso ya se realiz\u00f3 la fractura hidr\u00e1ulica y en se espera que entren en producci\u00f3n para evaluar el potencial. Una vez que se realice ese trabajo, la empresa debe estimar si es viable la explotaci\u00f3n. El propio CEO de&nbsp;<strong>YPF&nbsp;<\/strong>ya advirti\u00f3 que habr\u00e1 inversi\u00f3n futura si la ecuaci\u00f3n econ\u00f3mica est\u00e1 a la par de los beneficios que otorgan los pozos del otro lado del R\u00edo Colorado, es decir en Neuqu\u00e9n. La variable de ajuste para \u201chacerlos competitivos\u201d podr\u00edan ser las regal\u00edas que Mendoza cobra. Es decir, es altamente probable que se pida una rebaja en ese canon.&nbsp;<\/p>\n\n\n\n<p>Mendoza es parte del directorio de YPF, pero con un peso meramente testimonial. Incluso la directora designada, Jimena Latorre, deber\u00e1 abstenerse de firmar como Ministra de Energ\u00eda expedientes relativos a la empresa por ese doble rol. En Casa de Gobierno explican que el 90% de los temas relativos a petr\u00f3leo tienen que ver con YPF en Mendoza.\u00a0<\/p>\n\n\n\n<p>FUENTE: MDZonline.<\/p>\n","protected":false},"excerpt":{"rendered":"<p>YPF anunci\u00f3 que no tiene inter\u00e9s en invertir en \u00e1reas no rentables y acuerdan con Mendoza para que las operen empresas m\u00e1s chicas. No habr\u00e1 reversi\u00f3n, sino &#8220;asociaci\u00f3n o venta&#8221;. Las condiciones. La relaci\u00f3n entre la petrolera&nbsp;YPF&nbsp;y el Estado mendocino ha recorrido un camino sinuoso y condicionado por la relaci\u00f3n de dependencia que tiene Mendoza [&hellip;]<\/p>\n","protected":false},"author":2,"featured_media":5492,"comment_status":"open","ping_status":"open","sticky":true,"template":"","format":"standard","meta":[],"categories":[47],"tags":[],"_links":{"self":[{"href":"https:\/\/pasaenmendoza.com\/index.php?rest_route=\/wp\/v2\/posts\/5491"}],"collection":[{"href":"https:\/\/pasaenmendoza.com\/index.php?rest_route=\/wp\/v2\/posts"}],"about":[{"href":"https:\/\/pasaenmendoza.com\/index.php?rest_route=\/wp\/v2\/types\/post"}],"author":[{"embeddable":true,"href":"https:\/\/pasaenmendoza.com\/index.php?rest_route=\/wp\/v2\/users\/2"}],"replies":[{"embeddable":true,"href":"https:\/\/pasaenmendoza.com\/index.php?rest_route=%2Fwp%2Fv2%2Fcomments&post=5491"}],"version-history":[{"count":1,"href":"https:\/\/pasaenmendoza.com\/index.php?rest_route=\/wp\/v2\/posts\/5491\/revisions"}],"predecessor-version":[{"id":5493,"href":"https:\/\/pasaenmendoza.com\/index.php?rest_route=\/wp\/v2\/posts\/5491\/revisions\/5493"}],"wp:featuredmedia":[{"embeddable":true,"href":"https:\/\/pasaenmendoza.com\/index.php?rest_route=\/wp\/v2\/media\/5492"}],"wp:attachment":[{"href":"https:\/\/pasaenmendoza.com\/index.php?rest_route=%2Fwp%2Fv2%2Fmedia&parent=5491"}],"wp:term":[{"taxonomy":"category","embeddable":true,"href":"https:\/\/pasaenmendoza.com\/index.php?rest_route=%2Fwp%2Fv2%2Fcategories&post=5491"},{"taxonomy":"post_tag","embeddable":true,"href":"https:\/\/pasaenmendoza.com\/index.php?rest_route=%2Fwp%2Fv2%2Ftags&post=5491"}],"curies":[{"name":"wp","href":"https:\/\/api.w.org\/{rel}","templated":true}]}}