{"id":5497,"date":"2024-02-21T12:53:10","date_gmt":"2024-02-21T11:53:10","guid":{"rendered":"https:\/\/pasaenmendoza.com\/?p=5497"},"modified":"2024-02-21T12:53:11","modified_gmt":"2024-02-21T11:53:11","slug":"fecovita-la-interna-del-pro-y-el-apoderado-de-lourdes","status":"publish","type":"post","link":"https:\/\/pasaenmendoza.com\/?p=5497","title":{"rendered":"&#8220;Fecovita&#8221;, la interna del PRO y el apoderado de Lourdes"},"content":{"rendered":"\n<p>En apenas unos meses, los amigos pasaron de degustar grapa en el quincho los s\u00e1bados a la noche, a pedir frutilla y chocolate blanco en una helader\u00eda del centro. El regreso del&nbsp;<strong>Omar<\/strong>&nbsp;con su exesposa y la uni\u00f3n convivencial de&nbsp;<strong>Ludovico<\/strong>&nbsp;explican el cambio de d\u00eda de las habituales reuniones para hablar de pol\u00edtica, que ahora se organizan por alg\u00fan caf\u00e9 o rest\u00f3 del Gran Mendoza en cualquier momento de la semana; y el calor agobiante, que parece no querer irse de Mendoza, justifica la sorpresiva elecci\u00f3n del lugar del encuentro entre los amigos.<\/p>\n\n\n\n<p>Fue el&nbsp;<strong>Ruso<\/strong>, el economista del grupete, el que convoc\u00f3 al segundo encuentro post vacaciones, en este caso, en Patricias y Espejo, una esquina ideal para ver desfilar a compa\u00f1eros, correligionarios, vigentes y retirados, alg\u00fan amigo inversor que ande dando vueltas, y al&nbsp;<strong>Flaco Dani<\/strong>, que lleg\u00f3 a la reuni\u00f3n m\u00e1s tarde que el resto y se diferenci\u00f3 de sus amigos a la hora de pedir su helado: &#8220;Quiero los gustos m\u00e1s peronistas:&nbsp;<strong>dulce de leche<\/strong>, un invento argentino para felicidad del pueblo, y&nbsp;<strong>crema del cielo<\/strong>, como el emblema patrio que enaltecieron Evita y el general&#8221;.<\/p>\n\n\n\n<p>-Fijate que hay helado de Malbec. Pregunt\u00e1 si no tienen helado de Toro en cajita&#8230; -tir\u00f3 el Omar, el radical-.<\/p>\n\n\n\n<p>-Vos deber\u00edas pedir chocolate amargo, como buen radical. Y agregale menta granizada: nadie la quiere -respondi\u00f3 el Dani-.<\/p>\n\n\n\n<p>-Jajaja. \u00a1\u00bfEn serio van a analizar los gustos de helados de acuerdo con la pertenencia partidaria?! -pregunt\u00f3 el Ruso-.<\/p>\n\n\n\n<p>-S\u00ed. Te puedo hacer un resumen hist\u00f3rico si quer\u00e9s.<\/p>\n\n\n\n<p>-A ver&#8230;<\/p>\n\n\n\n<p>-Los peronistas en los &#8217;70 ped\u00edan s\u00ed o s\u00ed dulce de leche: era el gusto preferido. Despu\u00e9s, en los &#8217;80, algunos compa\u00f1eros empezaron a probar el chocolate granizado y gustos a la crema, pero no tanto los de agua. En los &#8217;90 hubo una aproximaci\u00f3n al lim\u00f3n, Gato Dumas mediante:\u00a0 \u00e9l populariz\u00f3 el champ\u00e1n en vaso de trago largo con lim\u00f3n. Entonces, apareci\u00f3 la combinaci\u00f3n de lim\u00f3n y chocolate, que los m\u00e1s olig\u00e1rquicos dec\u00edan que era &#8220;grasa&#8221;. Tambi\u00e9n en esa \u00e9poca empez\u00f3 la convivencia con algunos berries.\u00a0Y entrados los 2000, los m\u00e1s modernos, los &#8220;c\u00e1mpora&#8221; de la vida, desvirtuaron todo, con gustos m\u00e1s raros: helados org\u00e1nicos y ese tipo de cosas.<\/p>\n\n\n\n<p>Otro &#8220;Fecovita&#8221; complicado<\/p>\n\n\n\n<p>Mientras acomodaba el cucuruch\u00f3n, fusionando con la cuchara la frutilla y el chocolate blanco, dando como resultado un equilibrio de sabores que lo cautiv\u00f3 de chico, el&nbsp;<strong>Ruso<\/strong>&nbsp;record\u00f3 un dato que ten\u00eda que compartir con sus amigos, justo cuando el Omar mencion\u00f3, en broma, el vino Toro.<\/p>\n\n\n\n<p>-Hablando de Toro:&nbsp;<strong>dentro de poco va a haber<\/strong>&nbsp;<strong>novedades<\/strong>&nbsp;del tema&nbsp;<strong>Fecovita<\/strong>. Y parece que hay&nbsp;<strong>otro actor muy importante<\/strong>, vinculado a la exportaci\u00f3n de mosto, que tiene una demanda de varios millones de d\u00f3lares, \u00a1como&nbsp;<strong>14 palos verdes<\/strong>! -cont\u00f3 el Ruso-.<\/p>\n\n\n\n<p>-Ah bueno&#8230; \u00bfPero est\u00e1 en la Justicia el tema? \u00bfC\u00f3mo es?<\/p>\n\n\n\n<p>-Tambi\u00e9n arranc\u00f3 por una denuncia de los\u00a0<strong>espa\u00f1oles de Iberte<\/strong>. A\u00a0<strong>Fecovita<\/strong>\u00a0le reclaman m\u00e1s de\u00a0<strong>30 palos verdes\u00a0<\/strong>y a\u00a0<strong>este tipo<\/strong>, como te dije, como\u00a0<strong>14 millones de d\u00f3lares<\/strong>. Supuestamente, los &#8220;gallegos&#8221; entregaron esa guita para iniciar un negocio exportador, y ninguno de los dos les cumpli\u00f3.<\/p>\n\n\n\n<p>-\u00bfY qui\u00e9n es?<\/p>\n\n\n\n<p>-Es un jugador muy importante del sector, sobre todo en el mundo del&nbsp;<strong>mosto<\/strong>. Algunos incluso lo culpan por las sanciones por dumping en Estados Unidos, porque supuestamente habr\u00eda subfacturado much\u00edsimo; date cuenta que es un actor de primer nivel. Est\u00e1&nbsp;<strong>imputado<\/strong>, lo&nbsp;<strong>embargaron<\/strong>&nbsp;y le retuvieron el pasaporte:&nbsp;<strong>no puede salir del pa\u00eds<\/strong>. Y hay una l\u00ednea de investigaci\u00f3n que&nbsp;<strong>lo vincula al croata<\/strong>, aquel personaje que mediante un esquema de empresas extranjeras giraba d\u00f3lares al exterior de manera irregular, y que ten\u00eda una red de cuevas financieras con ramificaciones en Mendoza.<\/p>\n\n\n\n<p>-Pero al final los espa\u00f1oles, o son muy buenos, o son muy &#8220;tiernitos&#8221;&#8230;<\/p>\n\n\n\n<p>-Y hay m\u00e1s. Parece que una bodega muy &#8220;elegante&#8221; de la zona este tambi\u00e9n tendr\u00eda problemas pendientes con esta gente.<\/p>\n\n\n\n<p>-\u00bf&#8221;Elegante&#8221;? Jajaja. Vos y tus c\u00f3digos&#8230;<\/p>\n\n\n\n<p>\u00bfUn acuerdo ilegal entre Mendoza y San Juan?<\/p>\n\n\n\n<p>-Para seguir con esta onda de &#8220;enganchados&#8221;, \u00bfvieron el&nbsp;<strong>acuerdo por el mosto que firmaron Mendoza y San Juan<\/strong>? Si bien se firma todos los a\u00f1os, ahora ser\u00eda ilegal -dispar\u00f3 el Ruso-.<\/p>\n\n\n\n<p>-\u00bfPor qu\u00e9?<\/p>\n\n\n\n<p>-Se hizo lo mismo que todos los a\u00f1os: se fij\u00f3 un porcentaje de la producci\u00f3n que no puede usarse para producir vino, un 17% en este caso, que se usar\u00e1 para mosto. Todo bien, pero&nbsp;<strong>el art\u00edculo 2 del DNU de Milei<\/strong>, que sigue vigente, dice que &#8220;quedar\u00e1n sin efecto todas las restricciones a la oferta de bienes y servicios, as\u00ed como toda exigencia normativa que distorsione los precios de mercado, impida la libre iniciativa privada o evite la interacci\u00f3n espont\u00e1nea de la oferta y de la demanda&#8221;.<\/p>\n\n\n\n<p>-\u00bfY?<\/p>\n\n\n\n<p>-\u00a1El\u00a0<strong>acuerdo por el mosto<\/strong>\u00a0justamente impide la libre iniciativa privada y\u00a0<strong>evita la interacci\u00f3n espont\u00e1nea de la oferta y de la demanda<\/strong>! Se los dije la otra vez:<strong>\u00a0si alg\u00fan bodeguero no quiere darle bola al acuerdo entre Mendoza y San Juan, puede hacerlo, ir a la Justicia y que la Justicia le va a dar la raz\u00f3n<\/strong>\u00a0-insisti\u00f3 el Ruso-.<\/p>\n\n\n\n<p>&#8211;<strong>Nada que ver<\/strong>\u00a0-retruc\u00f3 el Omar, el radical-.\u00a0<strong>Cornejo<\/strong>\u00a0y\u00a0<strong>Vargas<\/strong>\u00a0avanzaron porque<strong>\u00a0hay dos leyes provinciales<\/strong>, una en\u00a0<strong>Mendoza<\/strong>\u00a0y otra en\u00a0<strong>San Juan<\/strong>, que no est\u00e1n derogadas, y que plantean que se destine el 20% de la cosecha a productos que no sean vino. En este caso fue el 17% porque hubo acuerdo entre las dos provincias. As\u00ed que deciles a tus amigos bodegueros que quer\u00edan hacer quilombo que se queden en el molde.<\/p>\n\n\n\n<p><strong>-\u00bfQui\u00e9n es Vargas?&nbsp;<\/strong>-pregunt\u00f3 Ludovico-.<\/p>\n\n\n\n<p>-El ministro de Producci\u00f3n -contest\u00f3 el Omar-.<\/p>\n\n\n\n<p>-Ahhhh&#8230; \u00a1Vargas Arizu, pues!<\/p>\n\n\n\n<p>-No, se llama Rodolfo Javier Vargas, as\u00ed dice su DNI y el decreto de nombramiento.<\/p>\n\n\n\n<p>-Pero su madre es Arizu. Dejate de joder. Es Vargas Arizu, es una marca comercial ya instalada.<\/p>\n\n\n\n<p>-\u00bf\u00bf\u00bfY??? Ahora es funcionario p\u00fablico. Qu\u00e9 marca ni qu\u00e9 marca.<\/p>\n\n\n\n<p>-No bueno, pero si le dec\u00eds Vargas, a secas, se te va a calentar.&nbsp;<\/p>\n\n\n\n<p>-No voy a poder dormir&#8230;<\/p>\n\n\n\n<p>-Che,&nbsp;<strong>volviendo al tema del acuerdo del mosto. A m\u00ed me parece que no corresponde<\/strong>&nbsp;-retom\u00f3 el Ruso-.<\/p>\n\n\n\n<p>-Lo que&nbsp;<strong>no corresponde es que por un DNU se quiera cancelar una ley provincial<\/strong>. Imaginate si al Peluca se le canta sacar un DNU con algunas regulaciones mineras que contradigan a la Ley 7722. \u00a1Imaginate el quilombo que se armar\u00eda!<\/p>\n\n\n\n<p>-Pfff.<\/p>\n\n\n\n<p>(&#8230;)<\/p>\n\n\n\n<p>La interna del PRO<\/p>\n\n\n\n<p>&nbsp;Al helado le sigui\u00f3 un caf\u00e9, y a las novedades del vino y el mosto, la&nbsp;<strong>interna del PRO<\/strong>.<\/p>\n\n\n\n<p>-Che, se viene la elecci\u00f3n interna del PRO en marzo, cuando termine la intervenci\u00f3n. \u00bfVa a ser la\u00a0<strong>Hebe Casado<\/strong>\u00a0la presidenta nom\u00e1s? \u00bfAlguien se le va a animar? -pregunt\u00f3 el Omar-.<\/p>\n\n\n\n<p>-La Hebe ya se postul\u00f3\u00a0-record\u00f3 Ludovico, el del PRO-. Y del otro lado, el sector del Tintura no termina de lanzarse. Dicen que a\u00fan no lo deciden y mucho menos quieren hablar de nombres de posibles candidatos a presidente del PRO en Mendoza. Y, como les dije la otra vez,\u00a0<strong>es un enigma<\/strong>\u00a0qu\u00e9 va a hacer la<strong>\u00a0Sol Salinas<\/strong>, que si bien se ha mostrado cerca de la Hebe, juega para ella y tiene llegada directa al PRO nacional v\u00eda Dami\u00e1n Arabia, secretario de la Pato Bullrich.<\/p>\n\n\n\n<p>-Me mareaste. Trat\u00e1 de ser un poco m\u00e1s espec\u00edfico.<strong>&nbsp;\u00bfQu\u00e9 va a hacer la Sol Salinas?<\/strong><\/p>\n\n\n\n<p>-Jaja. Bueno. Mir\u00e1. Me cont\u00f3 un amigo amarillo que<strong>\u00a0hubo charlas entre la Sol Salinas\u00a0<\/strong>y alg\u00fan dirigente del sector de<strong>\u00a0De Marchi<\/strong>. Y del otro lado no les sorprender\u00eda que la\u00a0<strong>Sol Salinas termine siendo la candidata del Omar&#8230;<\/strong><\/p>\n\n\n\n<p>-Est\u00e1 bien pensado. A la Sol se la ve con ansias de protagonismo, pero no tiene estructura. De Marchi podr\u00eda prest\u00e1rsela. Si se da ese hipot\u00e9tico enfrentamiento con Casado y el resultado m\u00e1s l\u00f3gico, la lectura ser\u00eda &#8220;perdi\u00f3 la Sol&#8221;, pero si da el batacazo, &#8220;gan\u00f3 el Tintura&#8221;. Igual me resulta extra\u00f1o que se acerquen estos dos.<\/p>\n\n\n\n<p>-\u00bfVos dec\u00eds? Mir\u00e1 un poquito para atr\u00e1s y vas a ver que la Sol arranc\u00f3 con el Omar en pol\u00edtica, era f\u00e9rrea defensora de \u00e9l: \u00a1como el guardaespaldas de Messi!<\/p>\n\n\n\n<p>-Jajajajaja. Qu\u00e9 tipo ese.<\/p>\n\n\n\n<p>El apoderado de Lourdes Arrieta<\/p>\n\n\n\n<p>-Otra cosa. Uno de los&nbsp;<strong>Carosio<\/strong>, que integran el sector de De Marchi, es el&nbsp;<strong>apoderado<\/strong>&nbsp;del flamante partido que cre\u00f3 la&nbsp;<strong>Lourdes Arrieta<\/strong>: La Libertad Avanza Mendoza -sigui\u00f3 Ludovico-.<\/p>\n\n\n\n<p>-Apa. El Tintura est\u00e1 movi\u00e9ndose lindo&#8230;<\/p>\n\n\n\n<p>-El apoderado de La Libertad Avanza Mendoza es el\u00a0<strong>Juan Carosio<\/strong>, que hasta la semana pasada era<strong>\u00a0asesor del Germ\u00e1n Vicchi\u00a0<\/strong>en el Senado. El hermano, el Lucas Carosio, es el concejal de De Marchi en Capital.<\/p>\n\n\n\n<p>-Dato colateral: hay una vacante de asesor en el bloque de La Uni\u00f3n Mendocina del Senado.<\/p>\n\n\n\n<p>-Jaja. Exacto. Y en \u00e9poca de ajuste, \u00bfsab\u00e9s lo que vale? Como los compa\u00f1eros del Dani que mencionamos el otro d\u00eda. Sumale a una exsenadora, a la que vi el otro d\u00eda, que ya se acomod\u00f3 entre las capas geol\u00f3gicas de la Legislatura: la peronista&nbsp;<strong>Claudia Torres<\/strong>.<\/p>\n\n\n\n<p>-Fue una gran senadora. Y es mentira lo que dec\u00eds: no se acomod\u00f3.<\/p>\n\n\n\n<p>-\u00bfAh no?<\/p>\n\n\n\n<p>-No. Ella es planta permanente de Diputados y trabaja temporalmente en el Senado.<\/p>\n\n\n\n<p>-Jajajajaja. Mejor quedate callado y no defiendas m\u00e1s a tus compa\u00f1eros.<\/p>\n\n\n\n<p>-Che, \u00bfy&nbsp;<strong>los del Partido Libertario de Mendoza<\/strong>? \u00bfExisten a\u00fan?<\/p>\n\n\n\n<p>-Quedaron recontra calientes con la Lourdes Arrieta y ahora el \u00fanico inter\u00e9s que tienen es&nbsp;<strong>que echen a la Janina Ortiz de la C\u00e1mara de Diputados<\/strong>.<\/p>\n\n\n\n<p>-\u00bfPor? Si fueron todos juntos en La Uni\u00f3n Mendocina.<\/p>\n\n\n\n<p>-Porque el suplente de la Janina es el\u00a0<strong>Jos\u00e9 Caviglia<\/strong>, presidente del Partido Libertario de Mendoza. Si la esposa del doc se va, \u00e9l ocupa su lugar. En realidad, eso fue La Uni\u00f3n Mendocina: un rejunte de voluntades sin ning\u00fan punto en com\u00fan. Y ahora se pelean entre todos por tres empanadas.<\/p>\n\n\n\n<p>Cornejo, Milei y Vendimia<\/p>\n\n\n\n<p>-\u00bfC\u00f3mo est\u00e1 la relaci\u00f3n entre Cornejo y Milei? -le preguntaron al Omar-.<\/p>\n\n\n\n<p>-No est\u00e1, porque no hay. El otro d\u00eda lo dijo el propio Alfredo: nunca tuvo un mano a mano, ni virtual ni presencial, con Milei, salvo aquella reuni\u00f3n del Peluca con todos los gobernadores. Pero<strong>&nbsp;siempre que pueden, en su equipo destacan alg\u00fan gesto positivo de Casa Rosada para Mendoza<\/strong>. Esta semana estaban contentos con la aparici\u00f3n p\u00fablica de<strong>&nbsp;Guillermo Francos sacando a Cornejo de la &#8220;lista de traidores&#8221;.<\/strong><\/p>\n\n\n\n<p>-El que est\u00e1 cada vez m\u00e1s mileista es el Luis Petri.\u00a0El otro d\u00eda le\u00ed\u00a0c\u00f3mo hizo recular a sus legisladores provinciales\u00a0para que no acompa\u00f1aran un simple proyecto de declaraci\u00f3n contra la Naci\u00f3n. Y as\u00ed va a ser de ahora en m\u00e1s.<\/p>\n\n\n\n<p>-\u00bfY el radicalismo mayoritario se la aguantar\u00e1?<\/p>\n\n\n\n<p>-Es que no vale la pena pelearse por boludeces o dejar expuestas diferencias por lo que griten tres o cuatro legisladores -sigui\u00f3 el Omar-.<\/p>\n\n\n\n<p>-Estuvo linda la&nbsp;<strong>&#8220;pele\u00edta&#8221; de Stevanato con el Gobierno<\/strong>.<\/p>\n\n\n\n<p>-\u00bfQu\u00e9 pele\u00edta?<\/p>\n\n\n\n<p>-El otro d\u00eda en el\u00a0<strong>Gobierno<\/strong>\u00a0provincial filtraron que iban a ahorrar decenas de millones de pesos\u00a0<strong>sacando los palcos oficiales de V\u00eda Blanca y Carrusel<\/strong>. Y a los 10 minutos, se activ\u00f3 el equipo de\u00a0<strong>Maip\u00fa<\/strong>\u00a0repartiendo una ordenanza previa que tambi\u00e9n<strong>\u00a0preve\u00eda eliminar el palco oficial<\/strong>, en ese caso, de la Vendimia departamental.<\/p>\n\n\n\n<p>-Jajaja. Bueno, los dos van a ahorrar. Eso es lo positivo -acot\u00f3 el Ludovico-. Ahora habr\u00e1 que ver d\u00f3nde ubic\u00e1s a Francos y el resto de funcionarios que van a venir. Me contaron adem\u00e1s que la&nbsp;<strong>Victoria Villarruel vendr\u00e1 y se quedar\u00eda los tres d\u00edas&#8230;<\/strong>&nbsp;<\/p>\n\n\n\n<p>(&#8230;)<\/p>\n\n\n\n<p>La reaparici\u00f3n de Righi<\/p>\n\n\n\n<p>-Che, el otro d\u00eda lo vi entrando a la Facultad de Ciencias Pol\u00edticas al&nbsp;<strong>Roberto Righi,<\/strong>&nbsp;con varios &#8220;compa\u00f1eros&#8221;. \u00bfPuede ser? -le pregunt\u00f3 el Omar al Flaco Dani, el peronista del grupete-.<\/p>\n\n\n\n<p>-S\u00ed. Se reactiv\u00f3 el Roberto despu\u00e9s de quedar afuera de todo y de aquella aventura con el Tintura.<\/p>\n\n\n\n<p>-\u00bfQu\u00e9 fue a hacer? \u00bfTiene una c\u00e1tedra?<\/p>\n\n\n\n<p>-Jaja. No. Acordate que en 2021 \u00f3 2022, el Roberto arm\u00f3 una&nbsp;<strong>fundaci\u00f3n<\/strong>, que se llama &#8220;<strong>Hacer<\/strong>&#8221; y que funciona en la calle Tierra del Fuego de Ciudad, que iba a ser una especie de&nbsp;<em>think-tank<\/em>&nbsp;de su candidatura a gobernador, que al final no fue. La cuesti\u00f3n es que<strong>&nbsp;la fundaci\u00f3n qued\u00f3 activa, con Righi como presidente<\/strong>, y organiza un&nbsp;<strong>ciclo de charlas<\/strong>&nbsp;en la facultad. El otro d\u00eda el que habl\u00f3 ah\u00ed fue&nbsp;<strong>Guillermo Moreno.<\/strong><\/p>\n\n\n\n<p>-\u00bfEl Guillermo Moreno que todos imaginamos?<\/p>\n\n\n\n<p>-S\u00ed. Habl\u00f3 un poco de econom\u00eda, critic\u00f3 a Milei y teoriz\u00f3 sobre el peronismo del futuro, como viene haci\u00e9ndolo en Tik-Tok.<\/p>\n\n\n\n<p>-\u00bfY Righi?<\/p>\n\n\n\n<p>-Ah\u00ed estuvo, con \u00e9l, acompa\u00f1\u00e1ndolo. Despu\u00e9s se habr\u00e1n ido juntos: acu\u00e9rdense que<strong>&nbsp;Moreno tiene una finca en Lavalle<\/strong>&nbsp;desde hace a\u00f1os.<\/p>\n\n\n\n<p>-S\u00ed, y ya que estamos, vay\u00e1monos de ac\u00e1 que no aguanto m\u00e1s el calor -cerr\u00f3 el Omar-.<\/p>\n\n\n\n<p>(&#8230;)<\/p>\n\n\n\n<p>Las caracter\u00edsticas del lugar y el sol que a las 12 del mediod\u00eda se torna insoportable, generan que los amigos apuren el fin de la reuni\u00f3n y propongan un nuevo encuentro m\u00e1s adelante, por la tarde, y preferentemente con alguna cerveza que los refresque.\u00a0<\/p>\n\n\n\n<p>FUENTE: Mendozapost.<\/p>\n","protected":false},"excerpt":{"rendered":"<p>En apenas unos meses, los amigos pasaron de degustar grapa en el quincho los s\u00e1bados a la noche, a pedir frutilla y chocolate blanco en una helader\u00eda del centro. El regreso del&nbsp;Omar&nbsp;con su exesposa y la uni\u00f3n convivencial de&nbsp;Ludovico&nbsp;explican el cambio de d\u00eda de las habituales reuniones para hablar de pol\u00edtica, que ahora se organizan [&hellip;]<\/p>\n","protected":false},"author":2,"featured_media":5498,"comment_status":"open","ping_status":"open","sticky":true,"template":"","format":"standard","meta":[],"categories":[47],"tags":[],"_links":{"self":[{"href":"https:\/\/pasaenmendoza.com\/index.php?rest_route=\/wp\/v2\/posts\/5497"}],"collection":[{"href":"https:\/\/pasaenmendoza.com\/index.php?rest_route=\/wp\/v2\/posts"}],"about":[{"href":"https:\/\/pasaenmendoza.com\/index.php?rest_route=\/wp\/v2\/types\/post"}],"author":[{"embeddable":true,"href":"https:\/\/pasaenmendoza.com\/index.php?rest_route=\/wp\/v2\/users\/2"}],"replies":[{"embeddable":true,"href":"https:\/\/pasaenmendoza.com\/index.php?rest_route=%2Fwp%2Fv2%2Fcomments&post=5497"}],"version-history":[{"count":1,"href":"https:\/\/pasaenmendoza.com\/index.php?rest_route=\/wp\/v2\/posts\/5497\/revisions"}],"predecessor-version":[{"id":5499,"href":"https:\/\/pasaenmendoza.com\/index.php?rest_route=\/wp\/v2\/posts\/5497\/revisions\/5499"}],"wp:featuredmedia":[{"embeddable":true,"href":"https:\/\/pasaenmendoza.com\/index.php?rest_route=\/wp\/v2\/media\/5498"}],"wp:attachment":[{"href":"https:\/\/pasaenmendoza.com\/index.php?rest_route=%2Fwp%2Fv2%2Fmedia&parent=5497"}],"wp:term":[{"taxonomy":"category","embeddable":true,"href":"https:\/\/pasaenmendoza.com\/index.php?rest_route=%2Fwp%2Fv2%2Fcategories&post=5497"},{"taxonomy":"post_tag","embeddable":true,"href":"https:\/\/pasaenmendoza.com\/index.php?rest_route=%2Fwp%2Fv2%2Ftags&post=5497"}],"curies":[{"name":"wp","href":"https:\/\/api.w.org\/{rel}","templated":true}]}}