{"id":5500,"date":"2024-02-21T12:57:00","date_gmt":"2024-02-21T11:57:00","guid":{"rendered":"https:\/\/pasaenmendoza.com\/?p=5500"},"modified":"2024-02-21T12:57:02","modified_gmt":"2024-02-21T11:57:02","slug":"julio-cobos-cuestiono-al-canciller-britanico-defendio-a-lopez-murphy-y-se-enojo-con-milei","status":"publish","type":"post","link":"https:\/\/pasaenmendoza.com\/?p=5500","title":{"rendered":"Julio Cobos cuestion\u00f3 al canciller brit\u00e1nico, defendi\u00f3 a L\u00f3pez Murphy y se enoj\u00f3 con Milei"},"content":{"rendered":"\n<p>El diputado nacional mendocino Julio Cobos abord\u00f3 con vehemencia distintos temas de la agenda pol\u00edtica del martes<\/p>\n\n\n\n<p>Protagonista de algunas pol\u00e9micas en los \u00faltimos d\u00edas sobre todo desde que el presidente\u00a0Javier Milei lo incluy\u00f3 en una lista de &#8220;enemigos&#8221;,<strong>\u00a0Julio Cobos<\/strong>\u00a0vivi\u00f3 un martes &#8220;encendido&#8221; en el que sum\u00f3 su opini\u00f3n a temas picantes de la agenda pol\u00edtica nacional, como la visita del canciller brit\u00e1nico a las Islas Malvinas y los ataques del Presidente al dirigente L\u00f3pez Murphy.<\/p>\n\n\n\n<p>El diputado nacional mendocino es uno de los legisladores radicales que no apoyaron en su totalidad la Ley \u00d3mnibus que Javier Milei envi\u00f3 al Congreso pero s\u00ed dio su voto a la aprobaci\u00f3n en general aunque finalmente el proyecto no avanz\u00f3.<\/p>\n\n\n\n<p>Adem\u00e1s, la semana pasada Cobos present\u00f3 un proyecto de ley -que fue avalado por sus dos correligionarios mendocinos Lisandro Nieri y Pamela Verasay- para pedir informes al Ejecutivo por el freno a la obra p\u00fablica nacional.<\/p>\n\n\n\n<h2 class=\"wp-block-heading\">El martes encendido de Julio Cobos<\/h2>\n\n\n\n<p>El ex gobernador de Mendoza se refiri\u00f3 en primer t\u00e9rmino a la presencia del canciller brit\u00e1nico David Cameron en las Islas Malvinas, lo que calific\u00f3 como una provocaci\u00f3n. En esa visita el funcionario europeo expres\u00f3 entre otros conceptos que las<strong>&nbsp;&#8220;Malvinas probablemente ser\u00e1n inglesas para siempre&#8221;.<\/strong><\/p>\n\n\n\n<p>Cobos se refiri\u00f3 a un proyecto de ley presentado este mismo martes: &#8220;Presentamos en Diputados un proyecto por la presencia y declaraciones del ministro de asuntos exteriores del Reino Unido, David Cameron, en las Islas Malvina<strong>s. Este acto unilateral es una provocaci\u00f3n injustificada que se produce luego del encuentro con el Presidente, en Davos&#8221;.<\/strong><\/p>\n\n\n\n<p>Tambi\u00e9n dijo:&nbsp;<strong>&#8220;<\/strong>Rechazamos cualquier declaraci\u00f3n que desconozca la existencia de una disputa de soberan\u00eda. Reafirmamos el derecho inalienable de sobre Islas Malvinas, Georgias del Sur y S\u00e1ndwich del Sur y espacios mar\u00edtimos circundantes, y la disposici\u00f3n a reanudar negociaciones de soberan\u00eda&#8221;.<\/p>\n\n\n\n<p>&#8220;Instamos al Gobierno a realizar las acciones pertinentes para encontrar una soluci\u00f3n pac\u00edfica y definitiva a la disputa de soberan\u00eda con el Reino Unido, y se retome el mandato de la resoluci\u00f3n 2065 de la Asamblea General de las Naciones Unidas&#8221;, indic\u00f3 Julio.<\/p>\n\n\n\n<h2 class=\"wp-block-heading\">Cobos en defensa de L\u00f3pez Murphy<\/h2>\n\n\n\n<p>Julio Cobos sali\u00f3 por otra parte a respaldar a Ricardo L\u00f3pez Murphy, diputado nacional de Juntos por el Cambio a quien Milei trat\u00f3 de&nbsp;<strong>&#8220;traidor y basura&#8221;.<\/strong>&nbsp;Esto fue en alusi\u00f3n a que el legislador mencionado respald\u00f3 a Horacio Rodr\u00edguez Larreta en las internas de JxC.<\/p>\n\n\n\n<p>Sobre este tema, el ex vicepresidente de la Naci\u00f3n, manifest\u00f3: &#8220;<strong>Ante tantos agravios completamente injustificados, mi solidaridad con L\u00f3pez Murphy. Un hombre de principios y de conducta intachable, muy reconocido por todos, incluso por la actual ministra de Seguridad, Patricia Bullrich&#8221;.<\/strong><\/p>\n\n\n\n<p>Finalmente Cobos se refiri\u00f3 a declaraciones del ministro del Interior Guillermo Francos a periodistas de Mendoza en las que asegur\u00f3 que el gobernador Alfredo Cornejo no est\u00e1 en la lista de traidores que confeccion\u00f3 Javier Milei.<\/p>\n\n\n\n<p>Al respecto asever\u00f3: &#8220;El ministro del Interior, Guillermo Francos confirma que el gobernador de Mendoza, Alfredo Cornejo,no est\u00e1 en la lista de traidores del presidente, Javier Milei.<strong>&nbsp;\u00a1\u00bfA alguien le parece normal esto?! Clasificaci\u00f3n extra\u00f1a y para nada institucional&#8221;.<\/strong><\/p>\n\n\n\n<p>Y cerr\u00f3 el diputado nacional con una cita relacionada con la eliminaci\u00f3n de subsidios:\u00a0<strong>&#8220;Seguramente la preocupaci\u00f3n del gobernador no pasa por esta burda clasificaci\u00f3n, sino por c\u00f3mo recuperar los $100 mil millones que Naci\u00f3n recortar\u00e1 a Mendoza&#8221;.<\/strong><\/p>\n\n\n\n<p>FUENTE: Diariouno.com.ar <\/p>\n","protected":false},"excerpt":{"rendered":"<p>El diputado nacional mendocino Julio Cobos abord\u00f3 con vehemencia distintos temas de la agenda pol\u00edtica del martes Protagonista de algunas pol\u00e9micas en los \u00faltimos d\u00edas sobre todo desde que el presidente\u00a0Javier Milei lo incluy\u00f3 en una lista de &#8220;enemigos&#8221;,\u00a0Julio Cobos\u00a0vivi\u00f3 un martes &#8220;encendido&#8221; en el que sum\u00f3 su opini\u00f3n a temas picantes de la agenda [&hellip;]<\/p>\n","protected":false},"author":2,"featured_media":5501,"comment_status":"open","ping_status":"open","sticky":true,"template":"","format":"standard","meta":[],"categories":[47],"tags":[],"_links":{"self":[{"href":"https:\/\/pasaenmendoza.com\/index.php?rest_route=\/wp\/v2\/posts\/5500"}],"collection":[{"href":"https:\/\/pasaenmendoza.com\/index.php?rest_route=\/wp\/v2\/posts"}],"about":[{"href":"https:\/\/pasaenmendoza.com\/index.php?rest_route=\/wp\/v2\/types\/post"}],"author":[{"embeddable":true,"href":"https:\/\/pasaenmendoza.com\/index.php?rest_route=\/wp\/v2\/users\/2"}],"replies":[{"embeddable":true,"href":"https:\/\/pasaenmendoza.com\/index.php?rest_route=%2Fwp%2Fv2%2Fcomments&post=5500"}],"version-history":[{"count":1,"href":"https:\/\/pasaenmendoza.com\/index.php?rest_route=\/wp\/v2\/posts\/5500\/revisions"}],"predecessor-version":[{"id":5502,"href":"https:\/\/pasaenmendoza.com\/index.php?rest_route=\/wp\/v2\/posts\/5500\/revisions\/5502"}],"wp:featuredmedia":[{"embeddable":true,"href":"https:\/\/pasaenmendoza.com\/index.php?rest_route=\/wp\/v2\/media\/5501"}],"wp:attachment":[{"href":"https:\/\/pasaenmendoza.com\/index.php?rest_route=%2Fwp%2Fv2%2Fmedia&parent=5500"}],"wp:term":[{"taxonomy":"category","embeddable":true,"href":"https:\/\/pasaenmendoza.com\/index.php?rest_route=%2Fwp%2Fv2%2Fcategories&post=5500"},{"taxonomy":"post_tag","embeddable":true,"href":"https:\/\/pasaenmendoza.com\/index.php?rest_route=%2Fwp%2Fv2%2Ftags&post=5500"}],"curies":[{"name":"wp","href":"https:\/\/api.w.org\/{rel}","templated":true}]}}